{"id":6379,"date":"2026-05-01T21:21:28","date_gmt":"2026-05-01T18:21:28","guid":{"rendered":"https:\/\/ekonomievreni.com\/?p=6379"},"modified":"2026-05-01T21:21:29","modified_gmt":"2026-05-01T18:21:29","slug":"eczacibasi-dynavitin-dortlu-final-rakibi-scandicci","status":"publish","type":"post","link":"https:\/\/ekonomievreni.com\/?p=6379","title":{"rendered":"Eczac\u0131bas\u0327\u0131 Dynavit\u2019in d\u00f6rtl\u00fc final rakibi Scandicci"},"content":{"rendered":"<p> Eczac\u0131ba\u015f\u0131 Dynavit,\u00a0CEV Zeren Group \u015eampiyonlar Ligi<strong>\u00a0<\/strong>d\u00f6rtl\u00fc finaline haz\u0131rlan\u0131yor. \u00c7eyrek final kar\u015f\u0131la\u015fmas\u0131nda KS DevelopRes Rzesz\u00f3w\u2019u ma\u011flup ederek yar\u0131 finale y\u00fckselen Eczac\u0131ba\u015f\u0131 Dynavit, \u0130stanbul ev sahipli\u011finde, T\u00fcrk taraftar\u0131n\u0131n kar\u015f\u0131s\u0131nda Scandicci\u2019yle m\u00fccadele edecek.\u00a0<\/p>\n<p>Final Four \u00f6ncesi t\u00fcm tak\u0131mlar\u0131n kaptanlar\u0131 ve ba\u015fantren\u00f6rleri \u0130stanbul Marriott Hotel Asia\u2019da ger\u00e7ekle\u015ftirilen bas\u0131n toplant\u0131s\u0131nda bir araya geldi. Zorlu m\u00fccadele \u00f6ncesinde Giulio Cesare Bregoli ve Simge Ak\u00f6z d\u00fc\u015f\u00fcncelerini dile getirdi.\u00a0<\/p>\n<p>Final Four \u00f6ncesinde de\u011ferlendirmelerde bulunan\u00a0<strong>Eczac\u0131ba\u015f\u0131 Spor Kul\u00fcb\u00fc Ba\u015fantren\u00f6r\u00fc Giulio Cesare Bregoli<\/strong>, tak\u0131m\u0131n oda\u011f\u0131n\u0131n tamamen \u00f6nlerinde oldu\u011funu vurgulayarak\u00a0<em>\u201cBizim i\u00e7in i\u015f hen\u00fcz bitmedi. Buradaysak bunu hak etti\u011fimiz i\u00e7in buraday\u0131z ve \u015fimdi sahada bunu en iyi \u015fekilde g\u00f6stermek istiyoruz\u201d<\/em>\u00a0dedi.<\/p>\n<p>Uzun aran\u0131n zorluklar\u0131na da de\u011finen Bregoli,\u00a0<em>\u201cRitmi yeniden yakalamak kolay de\u011fil ama bu herkes i\u00e7in ayn\u0131. \u00d6nemli olan sahaya \u00e7\u0131kt\u0131\u011f\u0131m\u0131zda ne kadar disiplinli ve kararl\u0131 oynad\u0131\u011f\u0131m\u0131z\u201d<\/em>\u00a0ifadelerini kulland\u0131.<\/p>\n<p><strong>Eczac\u0131ba\u015f\u0131 Dynavit Tak\u0131m Kaptan\u0131 Simge Ak\u00f6z<\/strong>\u00a0ise tak\u0131m\u0131n geli\u015fimine dikkat \u00e7ekerek\u00a0<em>\u201cSezon boyunca \u00e7ok geli\u015ftik ve birlikte oynamay\u0131 \u00f6\u011frendik. Ama bizim i\u00e7in bu sadece bir sonu\u00e7 de\u011fil, devam eden bir s\u00fcre\u00e7\u201d<\/em>\u00a0dedi.<\/p>\n<p>Final Four i\u00e7in haz\u0131r olduklar\u0131n\u0131 belirten Ak\u00f6z,\u00a0<em>\u201cHer top i\u00e7in sava\u015fan, birbirine ba\u011fl\u0131 bir tak\u0131m g\u00f6recekler. Sahada her \u015feyimizi b\u0131rakaca\u011f\u0131z\u201d<\/em>\u00a0s\u00f6zleriyle m\u00fccadele vurgusu yapt\u0131.<\/p>\n<p>Turuncu beyazl\u0131lar kar\u015f\u0131la\u015fmadan galip ayr\u0131lmas\u0131 durumunda Vak\u0131fBank veya Imoco ile kar\u015f\u0131la\u015facak.\u00a0Eczac\u0131ba\u015f\u0131 Dynavit, kupa yolunda kar\u015f\u0131la\u015fma haz\u0131rl\u0131klar\u0131na t\u00fcm h\u0131z\u0131yla devam ediyor.\u00a0<\/p>\n<p><strong>Kar\u015f\u0131la\u015fma TRT Spor ekranlar\u0131nda<\/strong><\/p>\n<p>Eczac\u0131ba\u015f\u0131 Dynavit \u2013 Savino Del Bene Scandicci kar\u015f\u0131la\u015fmas\u0131 2 May\u0131s Cumartesi, saat 20.00\u2019de \u00dclker Spor ve Etkinlik Salonu\u2019nda oynanacak. M\u00fccadele, TRT Spor Y\u0131ld\u0131z ekranlar\u0131ndan naklen yay\u0131nlanacak.<\/p>\n<p>\u00a0<\/p>\n<p>\u00a0<\/p>\n<p>Kaynak: (BYZHA) Beyaz Haber Ajans\u0131<\/p>\n","protected":false},"excerpt":{"rendered":"<p>Eczac\u0131ba\u015f\u0131 Dynavit,\u00a0CEV Zeren Group \u015eampiyonlar Ligi\u00a0d\u00f6rtl\u00fc finaline haz\u0131rlan\u0131yor.<\/p>\n","protected":false},"author":1,"featured_media":6380,"comment_status":"open","ping_status":"open","sticky":false,"template":"","format":"standard","meta":{"footnotes":""},"categories":[33],"tags":[],"class_list":["post-6379","post","type-post","status-publish","format-standard","has-post-thumbnail","hentry","category-spor"],"_links":{"self":[{"href":"https:\/\/ekonomievreni.com\/index.php?rest_route=\/wp\/v2\/posts\/6379","targetHints":{"allow":["GET"]}}],"collection":[{"href":"https:\/\/ekonomievreni.com\/index.php?rest_route=\/wp\/v2\/posts"}],"about":[{"href":"https:\/\/ekonomievreni.com\/index.php?rest_route=\/wp\/v2\/types\/post"}],"author":[{"embeddable":true,"href":"https:\/\/ekonomievreni.com\/index.php?rest_route=\/wp\/v2\/users\/1"}],"replies":[{"embeddable":true,"href":"https:\/\/ekonomievreni.com\/index.php?rest_route=%2Fwp%2Fv2%2Fcomments&post=6379"}],"version-history":[{"count":1,"href":"https:\/\/ekonomievreni.com\/index.php?rest_route=\/wp\/v2\/posts\/6379\/revisions"}],"predecessor-version":[{"id":6381,"href":"https:\/\/ekonomievreni.com\/index.php?rest_route=\/wp\/v2\/posts\/6379\/revisions\/6381"}],"wp:featuredmedia":[{"embeddable":true,"href":"https:\/\/ekonomievreni.com\/index.php?rest_route=\/wp\/v2\/media\/6380"}],"wp:attachment":[{"href":"https:\/\/ekonomievreni.com\/index.php?rest_route=%2Fwp%2Fv2%2Fmedia&parent=6379"}],"wp:term":[{"taxonomy":"category","embeddable":true,"href":"https:\/\/ekonomievreni.com\/index.php?rest_route=%2Fwp%2Fv2%2Fcategories&post=6379"},{"taxonomy":"post_tag","embeddable":true,"href":"https:\/\/ekonomievreni.com\/index.php?rest_route=%2Fwp%2Fv2%2Ftags&post=6379"}],"curies":[{"name":"wp","href":"https:\/\/api.w.org\/{rel}","templated":true}]}}