{"id":6370,"date":"2026-05-01T16:20:46","date_gmt":"2026-05-01T13:20:46","guid":{"rendered":"https:\/\/ekonomievreni.com\/?p=6370"},"modified":"2026-05-01T16:20:47","modified_gmt":"2026-05-01T13:20:47","slug":"ece-gurselden-le-baron-sahnesinde-yeni-imaj","status":"publish","type":"post","link":"https:\/\/ekonomievreni.com\/?p=6370","title":{"rendered":"Ece G\u00fcrsel&#8217;den Le Baron sahnesinde yeni imaj"},"content":{"rendered":"<p> Ece G\u00fcrsel, Le Baron sahnesinde sergiledi\u011fi yeni imaj\u0131 ve pe\u015f pe\u015fe seslendirdi\u011fi \u015fark\u0131lar\u0131yla dikkatleri \u00fczerine \u00e7ekti. Yo\u011fun sahne temposu ve m\u00fczik kariyerine verdi\u011fi a\u011f\u0131rl\u0131kla son d\u00f6nemde s\u0131k\u00e7a ad\u0131ndan s\u00f6z ettiren G\u00fcrsel, hem yenilenen tarz\u0131 hem de bitmek bilmeyen enerjisiyle izleyicilerden tam not ald\u0131.<\/p>\n<h3>&#8220;Sokak Kafas\u0131&#8221; Klibi \u0130\u00e7in Zorlu \u00c7ekim<\/h3>\n<p>Yeni projeleri hakk\u0131nda da sevenlerine m\u00fcjdeler veren G\u00fcrsel, s\u00f6z ve m\u00fczi\u011fi Turgay Saka ile Zafer Kerey\u2019e, aranjesi ise H\u00fcseyin K\u0131rk\u0131\u015fo\u011flu\u2019na ait olan\u00a0<b>\u201cSokak Kafas\u0131\u201d<\/b>\u00a0adl\u0131 yeni \u015fark\u0131s\u0131na klip \u00e7ekti\u011fini a\u00e7\u0131klad\u0131. Y\u00f6netmen koltu\u011funda Selim Akar\u2019\u0131n, g\u00f6r\u00fcnt\u00fc y\u00f6netmenli\u011finde ise Varol \u015eahin\u2019in yer ald\u0131\u011f\u0131 proje i\u00e7in heyecan\u0131n\u0131 payla\u015fan G\u00fcrsel,\u00a0<i>&#8220;Ortaya muhte\u015fem bir i\u015f \u00e7\u0131kt\u0131&#8221;<\/i>\u00a0yorumunu yapt\u0131.<\/p>\n<p>Klipte profesyonel bir oyuncu ile \u00e7al\u0131\u015fmama karar\u0131 ald\u0131\u011f\u0131n\u0131 belirten \u00fcnl\u00fc isim, projede yaln\u0131zca ye\u011feninin yer ald\u0131\u011f\u0131n\u0131 ve bunun kendisi i\u00e7in \u00e7ok \u00f6zel bir anlam ta\u015f\u0131d\u0131\u011f\u0131n\u0131 ifade etti. \u00c7ekimlerin zorlu hava ko\u015fullar\u0131nda iki g\u00fcn boyunca yo\u011fun bir tempoyla ger\u00e7ekle\u015fti\u011fini s\u00f6yleyen sanat\u00e7\u0131, annesinin rahats\u0131zl\u0131\u011f\u0131 sebebiyle uykusuz ge\u00e7irdi\u011fi 22 saatlik set s\u00fcrecinin kendisini olduk\u00e7a zorlad\u0131\u011f\u0131n\u0131 da s\u00f6zlerine ekledi.<\/p>\n<h3>&#8220;Pe\u015f Pe\u015fe \u00c7ok G\u00fc\u00e7l\u00fc \u015eark\u0131lar Geliyor&#8221;<\/h3>\n<p>Yepyeni \u015fark\u0131lar\u0131n yolda oldu\u011funu m\u00fcjdeleyen G\u00fcrsel,\u00a0<b>\u201cUnutulur mu?\u201d<\/b>\u00a0adl\u0131 par\u00e7as\u0131n\u0131n da \u00e7ok yak\u0131nda dinleyiciyle bulu\u015faca\u011f\u0131n\u0131 belirtti. Yaz boyunca sahne \u00e7al\u0131\u015fmalar\u0131na h\u0131z kesmeden devam edece\u011fini ve \u00f6zellikle Bodrum sahnelerinde s\u0131k s\u0131k sevenleriyle bulu\u015faca\u011f\u0131n\u0131 s\u00f6yleyen sanat\u00e7\u0131, kariyer rotas\u0131yla ilgili \u015fu iddial\u0131 s\u00f6zleri sarf etti:<\/p>\n<p>&#8220;Art\u0131k m\u00fczik kariyerime \u00e7ok daha fazla odakland\u0131m. Benim i\u00e7in en \u00f6nemli \u015fey konserlerim ve \u00fcretmeye devam etmek. Pe\u015f pe\u015fe \u00e7ok g\u00fc\u00e7l\u00fc \u015fark\u0131lar geliyor.&#8221;<\/p>\n<h3>Tiyatro Sahnelerine \u00dc\u00e7 Farkl\u0131 Oyunla D\u00f6n\u00fcyor<\/h3>\n<p>M\u00fczikteki iddias\u0131n\u0131 sahnede oyunculukla da harmanlamaya devam eden Ece G\u00fcrsel, \u00f6n\u00fcm\u00fczdeki sezon tiyatro projelerine de a\u011f\u0131rl\u0131k verece\u011fini duyurdu. Ba\u015far\u0131l\u0131 isim, tam \u00fc\u00e7 farkl\u0131 tiyatro oyunuyla izleyici kar\u015f\u0131s\u0131na \u00e7\u0131kmaya haz\u0131rlan\u0131yor.<\/p>\n<p>Kaynak: (BYZHA) Beyaz Haber Ajans\u0131<\/p>\n","protected":false},"excerpt":{"rendered":"<p>Ece G\u00fcrsel, Le Baron sahnesinde sergiledi\u011fi yeni imaj\u0131 ve pe\u015f pe\u015fe seslendirdi\u011fi \u015fark\u0131lar\u0131yla dikkatleri \u00fczerine \u00e7ekti.<\/p>\n","protected":false},"author":1,"featured_media":6371,"comment_status":"open","ping_status":"open","sticky":false,"template":"","format":"standard","meta":{"footnotes":""},"categories":[1],"tags":[],"class_list":["post-6370","post","type-post","status-publish","format-standard","has-post-thumbnail","hentry","category-magazin"],"_links":{"self":[{"href":"https:\/\/ekonomievreni.com\/index.php?rest_route=\/wp\/v2\/posts\/6370","targetHints":{"allow":["GET"]}}],"collection":[{"href":"https:\/\/ekonomievreni.com\/index.php?rest_route=\/wp\/v2\/posts"}],"about":[{"href":"https:\/\/ekonomievreni.com\/index.php?rest_route=\/wp\/v2\/types\/post"}],"author":[{"embeddable":true,"href":"https:\/\/ekonomievreni.com\/index.php?rest_route=\/wp\/v2\/users\/1"}],"replies":[{"embeddable":true,"href":"https:\/\/ekonomievreni.com\/index.php?rest_route=%2Fwp%2Fv2%2Fcomments&post=6370"}],"version-history":[{"count":1,"href":"https:\/\/ekonomievreni.com\/index.php?rest_route=\/wp\/v2\/posts\/6370\/revisions"}],"predecessor-version":[{"id":6372,"href":"https:\/\/ekonomievreni.com\/index.php?rest_route=\/wp\/v2\/posts\/6370\/revisions\/6372"}],"wp:featuredmedia":[{"embeddable":true,"href":"https:\/\/ekonomievreni.com\/index.php?rest_route=\/wp\/v2\/media\/6371"}],"wp:attachment":[{"href":"https:\/\/ekonomievreni.com\/index.php?rest_route=%2Fwp%2Fv2%2Fmedia&parent=6370"}],"wp:term":[{"taxonomy":"category","embeddable":true,"href":"https:\/\/ekonomievreni.com\/index.php?rest_route=%2Fwp%2Fv2%2Fcategories&post=6370"},{"taxonomy":"post_tag","embeddable":true,"href":"https:\/\/ekonomievreni.com\/index.php?rest_route=%2Fwp%2Fv2%2Ftags&post=6370"}],"curies":[{"name":"wp","href":"https:\/\/api.w.org\/{rel}","templated":true}]}}