{"id":6367,"date":"2026-05-01T16:10:14","date_gmt":"2026-05-01T13:10:14","guid":{"rendered":"https:\/\/ekonomievreni.com\/?p=6367"},"modified":"2026-05-01T16:10:15","modified_gmt":"2026-05-01T13:10:15","slug":"beykozun-sakli-cenneti-pamera-garden-yaz-sezonuna-iddiali-giriyor","status":"publish","type":"post","link":"https:\/\/ekonomievreni.com\/?p=6367","title":{"rendered":"Beykoz&#8217;un Sakl\u0131 Cenneti Pamera Garden Yaz Sezonuna \u0130ddial\u0131 Giriyor!"},"content":{"rendered":"<p> \u0130stanbul Beykoz&#8217;da do\u011fayla i\u00e7 i\u00e7e konseptiyle dikkat \u00e7eken Pamera Garden, yeni sezona kap\u0131lar\u0131n\u0131 olduk\u00e7a iddial\u0131 bir \u015fekilde a\u00e7t\u0131. Mekan\u0131n sahibi \u0130brahim Avc\u0131, hem gastronomi hem de organizasyon alan\u0131nda misafirlerine do\u011fal ve konforlu bir deneyim sunmaya haz\u0131rland\u0131klar\u0131n\u0131 m\u00fcjdeledi.<\/p>\n<p><b>&#8220;Evlilik Teklifinden Baby Shower&#8217;a Kadar Her An\u0131n\u0131zda Yan\u0131n\u0131zday\u0131z&#8221;<\/b><\/p>\n<p>Pamera Garden&#8217;\u0131n sadece bir restoran de\u011fil, ayn\u0131 zamanda kapsaml\u0131 bir ya\u015fam ve etkinlik alan\u0131 oldu\u011funu belirten \u0130brahim Avc\u0131, misafirlerin heyecan\u0131na ortak olduklar\u0131n\u0131 \u015fu s\u00f6zlerle ifade etti: &#8220;\u00c7iftlerimizin heyecan\u0131na evlilik teklifiyle ba\u015flay\u0131p; ni\u015fan, k\u0131r d\u00fc\u011f\u00fcn\u00fc ve nikah gibi etkinliklerle devam ediyoruz. \u0130lerleyen y\u0131llarda ise baby shower ve do\u011fum g\u00fcn\u00fc partileriyle bu ba\u011f\u0131 s\u00fcrd\u00fcr\u00fcyoruz.&#8221;<\/p>\n<p>\u00d6zel g\u00fcnlerin yan\u0131 s\u0131ra kurumsal taleplere de yan\u0131t verdiklerini belirten Avc\u0131, \u015firket organizasyonlar\u0131 ve \u00fcr\u00fcn lansmanlar\u0131 gibi b\u00fcy\u00fck etkinlikler i\u00e7in de kap\u0131lar\u0131n\u0131n sonuna kadar a\u00e7\u0131k oldu\u011funu vurgulad\u0131. Mekan, b\u00fcy\u00fck organizasyonlar i\u00e7in 1000 ki\u015fiye kadar hizmet verebilen devasa bir etkinlik alan\u0131na sahipken, restoran b\u00f6l\u00fcm\u00fcnde ise a\u00e7\u0131k ve kapal\u0131 alan se\u00e7enekleriyle 250 ki\u015fiye kadar misafir a\u011f\u0131rlayabiliyor.<\/p>\n<p><b>Usta \u0130\u015f\u00e7ilikle Harmanlanan Lezzetler: Urfa Kebaplar\u0131ndan Organik Kahvalt\u0131ya<\/b><\/p>\n<p>Do\u011fal \u00fcr\u00fcnleri tarladan mutfa\u011fa ta\u015f\u0131yan Pamera Garden&#8217;da lezzet de ba\u015frolde yer al\u0131yor. Aslen Urfal\u0131 olduklar\u0131n\u0131 ve bu uzmanl\u0131klar\u0131n\u0131 men\u00fcye yans\u0131tt\u0131klar\u0131n\u0131 belirten \u0130brahim Avc\u0131, &#8220;Kebap \u00e7e\u015fitlerimizde son derece iddial\u0131y\u0131z. Bunun yan\u0131 s\u0131ra d\u00fcnya mutfa\u011f\u0131m\u0131z ve Steakhouse \u00fcr\u00fcnlerimizle de misafirlerimizin tercihine uygun, zengin bir yelpaze sunuyoruz&#8221; dedi.<\/p>\n<p>Mekan\u0131n en \u00e7ok konu\u015fulan y\u00f6nlerinden biri de zengin kahvalt\u0131 servisi. Haftan\u0131n yedi g\u00fcn\u00fc misafirlere sunulan bu \u00f6zel kahvalt\u0131, tamamen T\u00fcrkiye&#8217;nin d\u00f6rt bir yan\u0131ndaki k\u00f6ylerden \u00f6zenle se\u00e7ilip getirilen organik \u00fcr\u00fcnlerle haz\u0131rlan\u0131yor.<\/p>\n<p>Kaynak: (BYZHA) Beyaz Haber Ajans\u0131<\/p>\n","protected":false},"excerpt":{"rendered":"<p>\u0130stanbul Beykoz&#8217;da do\u011fayla i\u00e7 i\u00e7e konseptiyle dikkat \u00e7eken Pamera Garden, yeni sezona kap\u0131lar\u0131n\u0131 olduk\u00e7a iddial\u0131 bir \u015fekilde a\u00e7t\u0131.<\/p>\n","protected":false},"author":1,"featured_media":6368,"comment_status":"open","ping_status":"open","sticky":false,"template":"","format":"standard","meta":{"footnotes":""},"categories":[30],"tags":[],"class_list":["post-6367","post","type-post","status-publish","format-standard","has-post-thumbnail","hentry","category-ekonomi"],"_links":{"self":[{"href":"https:\/\/ekonomievreni.com\/index.php?rest_route=\/wp\/v2\/posts\/6367","targetHints":{"allow":["GET"]}}],"collection":[{"href":"https:\/\/ekonomievreni.com\/index.php?rest_route=\/wp\/v2\/posts"}],"about":[{"href":"https:\/\/ekonomievreni.com\/index.php?rest_route=\/wp\/v2\/types\/post"}],"author":[{"embeddable":true,"href":"https:\/\/ekonomievreni.com\/index.php?rest_route=\/wp\/v2\/users\/1"}],"replies":[{"embeddable":true,"href":"https:\/\/ekonomievreni.com\/index.php?rest_route=%2Fwp%2Fv2%2Fcomments&post=6367"}],"version-history":[{"count":1,"href":"https:\/\/ekonomievreni.com\/index.php?rest_route=\/wp\/v2\/posts\/6367\/revisions"}],"predecessor-version":[{"id":6369,"href":"https:\/\/ekonomievreni.com\/index.php?rest_route=\/wp\/v2\/posts\/6367\/revisions\/6369"}],"wp:featuredmedia":[{"embeddable":true,"href":"https:\/\/ekonomievreni.com\/index.php?rest_route=\/wp\/v2\/media\/6368"}],"wp:attachment":[{"href":"https:\/\/ekonomievreni.com\/index.php?rest_route=%2Fwp%2Fv2%2Fmedia&parent=6367"}],"wp:term":[{"taxonomy":"category","embeddable":true,"href":"https:\/\/ekonomievreni.com\/index.php?rest_route=%2Fwp%2Fv2%2Fcategories&post=6367"},{"taxonomy":"post_tag","embeddable":true,"href":"https:\/\/ekonomievreni.com\/index.php?rest_route=%2Fwp%2Fv2%2Ftags&post=6367"}],"curies":[{"name":"wp","href":"https:\/\/api.w.org\/{rel}","templated":true}]}}