{"id":6355,"date":"2026-05-01T11:11:40","date_gmt":"2026-05-01T08:11:40","guid":{"rendered":"https:\/\/ekonomievreni.com\/?p=6355"},"modified":"2026-05-01T11:11:41","modified_gmt":"2026-05-01T08:11:41","slug":"mendereste-kadin-sagligi-semineri","status":"publish","type":"post","link":"https:\/\/ekonomievreni.com\/?p=6355","title":{"rendered":"Menderes\u2019te Kad\u0131n Sa\u011fl\u0131\u011f\u0131 Semineri"},"content":{"rendered":"\n<p style=\"margin-bottom:11px\"><span style=\"font-size:11pt\"><span style=\"line-height:107%\"><span style=\"font-family:Calibri,sans-serif\">Menderes Belediyesi, \u0130zmir B\u00fcy\u00fck\u015fehir Belediyesi ile birlikte Kad\u0131n Dostu Kent ad\u0131yla kad\u0131n sa\u011fl\u0131\u011f\u0131 \u00fczerine seminer verecek.<\/span><\/span><\/span><\/p>\n<p style=\"margin-bottom:11px\"><span style=\"font-size:11pt\"><span style=\"line-height:107%\"><span style=\"font-family:Calibri,sans-serif\">Menderes Belediyesi ile \u0130zmir B\u00fcy\u00fck\u015fehir Belediyesi kad\u0131nlar i\u00e7in ortak bir \u00e7al\u0131\u015fmaya imza at\u0131yor. \u201cKad\u0131n Dostu Kent\u201d ad\u0131 alt\u0131ndaki kad\u0131n sa\u011fl\u0131\u011f\u0131 seminerinde vatanda\u015flarla bir araya gelinecek. 5 May\u0131s Sal\u0131 g\u00fcn\u00fc saat 14:00\u2019da Menderes Amfi Tiyatro Konferans Salonu\u2019nda ger\u00e7ekle\u015fecek olan 90 dakikal\u0131k seminerde g\u00fcvenli annelik konusu konu\u015fulacak. \u0130zmir B\u00fcy\u00fck\u015fehir Belediyesi Kad\u0131n ve Aile Hizmetleri Dairesi Ba\u015fkanl\u0131\u011f\u0131 koordinasyonunda; Sa\u011fl\u0131k \u0130\u015fleri Dairesi Ba\u015fkanl\u0131\u011f\u0131 ve Sosyal Hizmetler Dairesi Ba\u015fkanl\u0131\u011f\u0131\u2019n\u0131n Menderes Belediyesi i\u015f birli\u011fiyle y\u00fcr\u00fct\u00fclen program, T\u00fcrk Kad\u0131nlar Birli\u011fi \u0130zmir \u015eubesi ve belediye e\u011fitmenlerinin katk\u0131lar\u0131yla ger\u00e7ekle\u015fecek.<\/span><\/span><\/span><\/p>\n<p style=\"margin-bottom:11px\"><span style=\"font-size:11pt\"><span style=\"line-height:107%\"><span style=\"font-family:Calibri,sans-serif\">Sa\u011fl\u0131kl\u0131 bireyler, g\u00fc\u00e7l\u00fc toplum<\/span><\/span><\/span><\/p>\n<p style=\"margin-bottom:11px\"><span style=\"font-size:11pt\"><span style=\"line-height:107%\"><span style=\"font-family:Calibri,sans-serif\">\u201cDaha sa\u011fl\u0131kl\u0131 bireyler ve g\u00fc\u00e7l\u00fc bir toplum i\u00e7in birlikteyiz\u201d slogan\u0131 ile ger\u00e7ekle\u015fen seminerin program ak\u0131\u015f\u0131nda gebeli\u011fe haz\u0131rl\u0131k, sa\u011fl\u0131kl\u0131 bir gebelik i\u00e7in yap\u0131lmas\u0131 gerekenler, do\u011fuma haz\u0131rl\u0131k ve do\u011fuma dair genel bilgiler lohusal\u0131kta dikkat edilmesi gerekenler ve yenido\u011fan bak\u0131m\u0131 gibi konu ba\u015fl\u0131klar\u0131 yer al\u0131yor. \u0130zmir\u2019de \u201cKad\u0131n Dostu Kent\u201d ve \u201cSa\u011fl\u0131kl\u0131 Kent \u0130zmir\u201d vizyonu do\u011frultusunda y\u00fcr\u00fct\u00fclen Kad\u0131n Sa\u011fl\u0131\u011f\u0131 Seminerleri Program\u0131; kad\u0131nlar\u0131n sa\u011fl\u0131k okuryazarl\u0131\u011f\u0131n\u0131n art\u0131r\u0131lmas\u0131, riskli sa\u011fl\u0131k davran\u0131\u015flar\u0131n\u0131n yerine sa\u011fl\u0131kl\u0131 al\u0131\u015fkanl\u0131klar\u0131n kazand\u0131r\u0131lmas\u0131, koruyucu sa\u011fl\u0131k yakla\u015f\u0131m\u0131n\u0131n yayg\u0131nla\u015ft\u0131r\u0131lmas\u0131, aile ve toplum i\u00e7indeki konumlar\u0131n\u0131n g\u00fc\u00e7lendirilmesi, sa\u011fl\u0131k ve kamu hizmetlerine eri\u015fim taleplerinin art\u0131r\u0131lmas\u0131 ve toplumsal sa\u011fl\u0131k bilincinin geli\u015ftirilmesi hedefleri ile ger\u00e7ekle\u015ftiriliyor. <\/span><\/span><\/span><\/p>\n<p style=\"margin-bottom:11px\"><span style=\"font-size:11pt\"><span style=\"line-height:107%\"><span style=\"font-family:Calibri,sans-serif\">T\u00fcm vatanda\u015flar\u0131m\u0131z\u0131 bekliyoruz<\/span><\/span><\/span><\/p>\n<p style=\"margin-bottom:11px\"><span style=\"font-size:11pt\"><span style=\"line-height:107%\"><span style=\"font-family:Calibri,sans-serif\">Seminer hakk\u0131nda a\u00e7\u0131klama yapan Menderes Belediye Ba\u015fkan\u0131 \u0130lkay \u00c7i\u00e7ek, \u201cKad\u0131n ve \u00e7ocuk odakl\u0131 projelerde daima yer al\u0131yor, bu konuda etkinlikler ger\u00e7ekle\u015ftiriyoruz. Yine bu konuda bir \u00e7al\u0131\u015fmaya \u0130zmir B\u00fcy\u00fck\u015fehir Belediyemiz ile birlikte imza at\u0131yoruz.\u00a0 Menderes Belediyesi olarak kad\u0131nlar\u0131n sa\u011fl\u0131k konusunda bilin\u00e7lenmesini ve g\u00fc\u00e7lenmesini destekliyoruz. Do\u011fru bilgiye eri\u015fimi art\u0131rarak koruyucu sa\u011fl\u0131k davran\u0131\u015flar\u0131n\u0131 yayg\u0131nla\u015ft\u0131rmay\u0131 hedefliyoruz. Ger\u00e7ekle\u015ftirece\u011fimiz seminerin kad\u0131nlar\u0131m\u0131za \u00e7ok \u015fey kataca\u011f\u0131na inan\u0131yoruz. T\u00fcm vatanda\u015flar\u0131m\u0131za bekliyoruz.\u201d dedi.<\/span><\/span><\/span><\/p>\n<p style=\"margin-bottom:11px\">\u00a0<\/p>\n<p style=\"margin-bottom:11px\">\u00a0<\/p>\n<p>Kaynak: (BYZHA) Beyaz Haber Ajans\u0131<\/p>\n","protected":false},"excerpt":{"rendered":"<p>Menderes Belediyesi, \u0130zmir B\u00fcy\u00fck\u015fehir Belediyesi ile birlikte Kad\u0131n Dostu Kent ad\u0131yla kad\u0131n sa\u011fl\u0131\u011f\u0131 \u00fczerine seminer verecek.<\/p>\n","protected":false},"author":1,"featured_media":6356,"comment_status":"open","ping_status":"open","sticky":false,"template":"","format":"standard","meta":{"footnotes":""},"categories":[31],"tags":[],"class_list":["post-6355","post","type-post","status-publish","format-standard","has-post-thumbnail","hentry","category-saglik"],"_links":{"self":[{"href":"https:\/\/ekonomievreni.com\/index.php?rest_route=\/wp\/v2\/posts\/6355","targetHints":{"allow":["GET"]}}],"collection":[{"href":"https:\/\/ekonomievreni.com\/index.php?rest_route=\/wp\/v2\/posts"}],"about":[{"href":"https:\/\/ekonomievreni.com\/index.php?rest_route=\/wp\/v2\/types\/post"}],"author":[{"embeddable":true,"href":"https:\/\/ekonomievreni.com\/index.php?rest_route=\/wp\/v2\/users\/1"}],"replies":[{"embeddable":true,"href":"https:\/\/ekonomievreni.com\/index.php?rest_route=%2Fwp%2Fv2%2Fcomments&post=6355"}],"version-history":[{"count":1,"href":"https:\/\/ekonomievreni.com\/index.php?rest_route=\/wp\/v2\/posts\/6355\/revisions"}],"predecessor-version":[{"id":6357,"href":"https:\/\/ekonomievreni.com\/index.php?rest_route=\/wp\/v2\/posts\/6355\/revisions\/6357"}],"wp:featuredmedia":[{"embeddable":true,"href":"https:\/\/ekonomievreni.com\/index.php?rest_route=\/wp\/v2\/media\/6356"}],"wp:attachment":[{"href":"https:\/\/ekonomievreni.com\/index.php?rest_route=%2Fwp%2Fv2%2Fmedia&parent=6355"}],"wp:term":[{"taxonomy":"category","embeddable":true,"href":"https:\/\/ekonomievreni.com\/index.php?rest_route=%2Fwp%2Fv2%2Fcategories&post=6355"},{"taxonomy":"post_tag","embeddable":true,"href":"https:\/\/ekonomievreni.com\/index.php?rest_route=%2Fwp%2Fv2%2Ftags&post=6355"}],"curies":[{"name":"wp","href":"https:\/\/api.w.org\/{rel}","templated":true}]}}