{"id":6343,"date":"2026-04-30T21:41:45","date_gmt":"2026-04-30T18:41:45","guid":{"rendered":"https:\/\/ekonomievreni.com\/?p=6343"},"modified":"2026-04-30T21:41:46","modified_gmt":"2026-04-30T18:41:46","slug":"61-cumhurbaskanligi-turkiye-bisiklet-turunda-besinci-gun","status":"publish","type":"post","link":"https:\/\/ekonomievreni.com\/?p=6343","title":{"rendered":"61. Cumhurba\u015fkanl\u0131\u011f\u0131 T\u00fcrkiye Bisiklet Turu&#8217;nda Be\u015finci G\u00fcn"},"content":{"rendered":"<p> 61. Cumhurba\u015fkanl\u0131\u011f\u0131 T\u00fcrkiye Bisiklet Turu&#8217;nun 180.7 kilometrelik Patara-Kemer etab\u0131n\u0131 Team P\u0131cn\u0131c Postnl Tak\u0131m\u0131&#8217;ndan Casper Van Uden 4 saat 6 dakika 9 saniye ile kazand\u0131. \u0130mza i\u015flemlerinin ard\u0131ndan 155 bisiklet\u00e7i etaba ba\u015flad\u0131. Damal\u0131 bayra\u011f\u0131n sallanmas\u0131 s\u0131ras\u0131nda \u015fu isimler protokolu olu\u015fturdu. Hulusi \u015eahin (Antalya Valisi), Ahmet Kavuk\u00e7u (\u0130l Jandarma Komutan\u0131), Dr.Sabit Ak\u0131n Zaimo\u011flu (\u0130l Emniyet M\u00fcd\u00fcr\u00fc), Erol Demirhan (Ka\u015f Belediye Ba\u015fkan\u0131), Tevfik Kumbasar (Ka\u015f Kaymakam\u0131), Yavuz G\u00fcrhan (Gen\u00e7lik ve Spor \u0130l M\u00fcd\u00fcr\u00fc), Suat Kutbay (Ka\u015f \u0130l\u00e7e Emniyet M\u00fcd\u00fcr\u00fc), Emin M\u00fcft\u00fco\u011flu (T\u00fcrkiye Bisiklet Federasyonu Ba\u015fkan\u0131), Metin Cengiz (T\u00fcrkiye Bisiklet Federasyonu Asba\u015fkan\u0131), Yusuf Alperen Ayar (T\u00fcrkiye Bisiklet Federasyonu Asba\u015fkan\u0131), Sami A\u011fao\u011flu (T\u00fcrkiye Bisiklet Federasyonu Y\u00f6netim Kurulu \u00dcyesi), Onur \u015eahin (T\u00fcrkiye Bisiklet Federasyonu Y\u00f6netim Kurulu \u00dcyesi), Abdurrahman Ar\u0131c\u0131 (T\u00fcrkiye Bisiklet Federasyonu Denetleme Kurulu \u00dcyesi).<\/p>\n<p><strong>EN UZUN ETAPTA 153 SPORCU START ALDI<\/strong><\/p>\n<p>61.Cumhurba\u015fkanl\u0131\u011f\u0131 T\u00fcrkiye Bisiklet Turu&#8217;nun Patara-Kemer start\u0131na 153 sporcu imza atarak i\u015ftirak etti. 11.47&#8217;de verilen ger\u00e7ek startla birlikte an\u0131nda ka\u00e7\u0131\u015flar ba\u015flad\u0131. Astana tak\u0131m\u0131ndan Lev Gonov ile Alpecin tak\u0131m\u0131ndan Tim Marsman&#8217;\u0131n 5&#8217;inci kilometredeki ka\u00e7\u0131\u015flar\u0131 fazla uzun s\u00fcrmedi. Daha sonra Total Energies tak\u0131m\u0131ndan Geoffrey Bouchard ile Mu\u011fla B\u00fcy\u00fck\u015fehir Belediyespor&#8217;dan Rudolf Remkhi bir ka\u00e7\u0131\u015f denemesinde bulundu. 16&#8217;nc\u0131 kilometre b\u00f6yle ge\u00e7ildi.<\/p>\n<p><strong>B\u00d6YLE VAL\u0130 VE \u0130L M\u00dcD\u00dcRLER\u0130 DE VAR<\/strong><\/p>\n<p>\u00a061.Cumhurba\u015fkanl\u0131\u011f\u0131 T\u00fcrkiye Bisiklet Turu&#8217;nda ya\u015fanan bir ba\u015fka ger\u00e7ekte kamuda g\u00f6rev yapan \u00fcst d\u00fczey b\u00fcrokratlar i\u00e7eresindeydi. Antalya Valisi Hulusi \u015eahin ile Gen\u00e7lik ve Spor \u0130l M\u00fcd\u00fcr\u00fc Yavuz G\u00fcrhan 20 saniyelik damal\u0131 bayrak pozisyonunda protokol\u00fc olu\u015fturmak \u00fczere Patara&#8217;ya geldi. \u015eahin ve G\u00fcrhan s\u0131rf bu protokol\u00fc olu\u015fturmak \u00fczere 3.5 saat yol katederek Antalya&#8217;dan Patara&#8217;ya geldi ve daha sonra, Kemer\u2019deki fini\u015f alan\u0131nda \u00f6d\u00fcl vermek \u00fczere geri d\u00f6nd\u00fc. Vali Hulusi \u015eahin ve \u0130l M\u00fcd\u00fcr\u00fc Yavuz G\u00fcrhan b\u00f6ylece g\u00fcn\u00fc 7 saat yol kat ederek ge\u00e7irdi. Vali ve \u0130l M\u00fcd\u00fcr\u00fcn\u00fcn karayolu ile Antalya-Kemer-Patara aras\u0131nda gidip gelmesi, damal\u0131 bayra\u011f\u0131n sallanmas\u0131, \u00f6d\u00fcl t\u00f6reninde bulunan di\u011fer protokol ve davetliler aras\u0131nda konu\u015fulan en g\u00fcncel konu oldu Bisiklet Federasyonu Ba\u015fkan\u0131 Emin M\u00fcfto\u011flu bu durumu ifade ederken, &#8220;Say\u0131n Valimiz Hulusi \u015eahin ve de\u011ferli \u0130l M\u00fcd\u00fcr\u00fcm\u00fcz Yavuz G\u00fcrhan&#8217;\u0131n, Cumhurba\u015fkanl\u011f\u0131 T\u00fcrkiye Bisiklet Turu&#8217;na g\u00f6sterdikleri bu yak\u0131n ilgi ve alakaya te\u015fekk\u00fcr\u00fc bir bor\u00e7 biliriz. Y\u00f6netim kurulumuz ad\u0131na bu k\u0131ymetli \u015fahsiyetler bizzat yan\u0131m\u0131zda olarak bizleri son derece memnun etmi\u015f yabanc\u0131 medyada da bu konunun konu\u015fulmas\u0131 ayr\u0131ca bir ba\u015fka gurur kayna\u011f\u0131m\u0131z olmu\u015ftur&#8221; dedi.<\/p>\n<p><strong>KA\u00c7I\u015eLAR S\u00dcR\u00dcYOR<\/strong><\/p>\n<p>35&#8217;inci kilometrede Solution Tech tak\u0131m\u0131ndan Matteo Regnanti, Modern Advanture tak\u0131m\u0131ndan Lucas Towers, Tarteletto Tak\u0131m\u0131&#8217;ndan Lennert Teugels \u00fc\u00e7l\u00fc bir ka\u00e7\u0131\u015f grubu olu\u015fturdu. Daha sonra Spor Toto tak\u0131m\u0131ndan Feritcan \u015eaml\u0131 ve Mustafa Tekin bu \u00fc\u00e7l\u00fcye yeti\u015febilmek i\u00e7in pelotondan atak yap\u0131p ka\u00e7t\u0131lar. \u0130lerleyen kilometrelerde Feritcan \u015eaml\u0131 yakaland\u0131. \u00d6ndeki grup aray\u0131 a\u00e7maya \u00e7al\u0131\u015f\u0131yor.<\/p>\n<p><strong>TIRMANI\u015e PR\u0130M\u0130 SONU\u00c7LARI<\/strong><\/p>\n<p>Etab\u0131n 44.7&#8217;nci kilometrede 2&#8217;nci kategoriden t\u0131rman\u0131\u015f prim kap\u0131s\u0131 ge\u00e7ildi. Sonu\u00e7lar \u015f\u00f6yle;<\/p>\n<p>1-Jon Aguirre (Euskaltel-Euskadi),\u00a0<\/p>\n<p>2-Sergio Samitier (Cofidis),\u00a0<\/p>\n<p>3-Geoffrey Bouchard (Total Energies),<\/p>\n<p>4- Fausto Masnada (MBH Bank CSB Telecom Fort)<\/p>\n<p>D\u00f6rtl\u00fc grup kap\u0131dan ge\u00e7i\u015fte devam etti. Ancak dikkat \u00e7ekici bir ba\u015fka geli\u015fme daha oldu, sporcu say\u0131s\u0131 13&#8217;e \u00e7\u0131kt\u0131. Peloton daha fazla ka\u00e7malar\u0131na izin vermeyerek tempo art\u0131rd\u0131 fark sadece 20 saniye. 71 ve 77&#8217;nci kilometreler toplu ge\u00e7ildi. \u0130rili, ufakl\u0131 ka\u00e7\u0131\u015f denemelerinde peloton izin vermiyor.<\/p>\n<p><strong>SPR\u0130NT PR\u0130M\u0130 SONU\u00c7LARI<\/strong><\/p>\n<p>81.7&#8217;nci kilometrede etab\u0131n ikinci prim kap\u0131s\u0131 ge\u00e7ildi. Sprint prim kap\u0131s\u0131n\u0131 Astana Tak\u0131m\u0131&#8217;ndan Henok Mulueberhan ge\u00e7ti. \u0130kincili\u011fi MBH Bank CSB Telecom Fort tak\u0131m\u0131ndan Alessandro Fancellu ald\u0131. \u00dc\u00e7\u00fcnc\u00fcl\u00fc\u011f\u00fc de Total Energies tak\u0131m\u0131ndan Jorgan Jegat elde etti. Kap\u0131 sonras\u0131 etapta 2 saat geride kald\u0131. Ortalama h\u0131z 42 km olarak verildi. Yeni ka\u00e7\u0131\u015f gruplar\u0131 ortaya \u00e7\u0131kt\u0131. Ancak hen\u00fcz kayda de\u011fer bir zaman fark\u0131 yaratamad\u0131lar. \u00d6nce 10 sporcu pedal bas\u0131yor.<\/p>\n<p>Astana&#8217;dan Lev Gonov 3&#8217;\u00fcnc\u00fc ka\u00e7\u0131\u015f denemesinde. Fark \u015fimdilik 55 saniye. Pelotonda tempo yapmaya devam ediyor.<\/p>\n<p><strong>MUSTAFA TARAK\u00c7I BEYAZ FORMAYLA DEVAM EDECEK<\/strong><\/p>\n<p>Etab\u0131n 123.3&#8217;\u00fcnc\u00fc kilometresinde T\u00fcrkiye G\u00fczellikleri prim kap\u0131s\u0131 ge\u00e7ildi. Total Energies tak\u0131m\u0131ndan Fabien Doubey \u00e7izgiyi birinci ge\u00e7ti. Caja Rural tak\u0131m\u0131ndan Javier Ibanez ikici, Euskaltel-Euskad\u0131 tak\u0131m\u0131ndan \u0130ker Mintegi \u00fc\u00e7\u00fcnc\u00fc oldu. Bu sonu\u00e7lar Beyaz Mayoyu ta\u015f\u0131yan Konya B\u00fcy\u00fck\u015fehir Belediyesi sporcusu Mustafa Tarak\u00e7\u0131&#8217;y\u0131 etkilemedi. Yar\u0131nki Antalya-Feslikan t\u0131rman\u0131\u015f\u0131nda Mustafa Tarak\u00e7\u0131 Beyaz formay\u0131 ta\u015f\u0131yacak. \u00a0<\/p>\n<p><strong>VE ETABIN SON TIRMANI\u015e KAPISI DA GE\u00c7\u0130LD\u0130<\/strong><\/p>\n<p>142.2&#8217;nci kilometrede ikinci kategoriden puan veren t\u0131rman\u0131\u015f prim kap\u0131s\u0131 ge\u00e7ildi. Euskaltel-Euskadi tak\u0131m\u0131ndan Jon Agirre \u00e7izgiyi birinci ge\u00e7ti. \u0130kincili\u011fi Total Energies tak\u0131m\u0131ndan Jordan Jegat, \u00fc\u00e7\u00fcnc\u00fcl\u00fc\u011f\u00fc yine ayn\u0131 tak\u0131mdan Fabien Doubey, d\u00f6rd\u00fcnc\u00fcl\u00fc\u011f\u00fc de Solution Tech Nippon Rali tak\u0131m\u0131ndan Kamiel Doubey elde etti. Fini\u015fe 20 kilometre kala peloton tek par\u00e7a pedal basmaya ba\u015flad\u0131.<\/p>\n<p><strong>VAN UDEN\u2019DEN HASRETE SON<\/strong><\/p>\n<p>Etap, t\u0131rman\u0131\u015flarla seyrelen pelotonun sprinti ile sona erdi. Picnic-PostNL tak\u0131m\u0131ndan Hollandal\u0131 Casper van Uden, May\u0131s 2025\u2019teki \u0130talya Turu\u2019nun ard\u0131ndan ilk kez bir etap zaferine eri\u015fti. Bu ayn\u0131 zamanda Picnic-PostNL\u2019in bu sezondaki ilk galibiyeti oldu. Etab\u0131 MBH Bank CSB Telecom Fort tak\u0131m\u0131ndan Polonyal\u0131 Marcin Budzi\u0144ski ikinci bitirirken Bardiani CSF 7 Saber tak\u0131m\u0131ndan \u00d6zbek Nikita Tsvetkov \u00fc\u00e7\u00fcnc\u00fc oldu.\u00a0<\/p>\n<p><strong>MAYOLAR SAH\u0130PLER\u0130N\u0130 BULDU<\/strong><\/p>\n<p>TGA \u2013 GoT\u00fcrkiye sponsorlu\u011fundaki Beyaz Mayo, Mustafa Tarak\u00e7\u0131\u2019ya T\u00fcrkiye Bisiklet Federasyonu Asba\u015fkan\u0131 Metin Cengiz taraf\u0131ndan takdim edildi.<\/p>\n<p>T\u00fcrk Telekom sponsorlu\u011fundaki Turkuaz Mayo, Ivan Ramiro Sosa\u2019ya T\u00fcrkiye Bisiklet Federasyonu Ba\u015fkan\u0131 Emin M\u00fcft\u00fco\u011flu taraf\u0131ndan takdim edildi.<\/p>\n<p>Spor Toto sponsorlu\u011fundaki Ye\u015fil Mayo, Tom Crabbe\u2019ye Antalya Gen\u00e7lik ve Spor \u0130l M\u00fcd\u00fcr\u00fc Yavuz G\u00fcrhan taraf\u0131ndan takdim edildi.<\/p>\n<p>T\u00fcrk Hava Yollar\u0131 sponsorlu\u011fundaki K\u0131rm\u0131z\u0131 Mayo, Ivan Ramiro Sosa\u2019ya T\u00fcrkiye Bisiklet Federasyonu Denetleme Kurulu \u00dcyesi ve Eski K\u00fclt\u00fcr ve Turizm Bakan Yard\u0131mc\u0131s\u0131 Abdurrahman Ar\u0131c\u0131 taraf\u0131ndan takdim edildi.<\/p>\n<p>Mayolar\u0131n teslimi s\u0131ras\u0131nda protokolden Kemer Kaymakam\u0131 Ahmet Solmaz, Antalya Gen\u00e7lik ve Spor \u0130l M\u00fcd\u00fcr\u00fc Yavuz G\u00fcrhan, Kemer Belediye Ba\u015fkan\u0131 Necati Topalo\u011flu, Alanya \u0130l\u00e7e Gen\u00e7lik ve Spor M\u00fcd\u00fcr\u00fc Emre K\u0131ld\u0131rg\u0131c\u0131, Kemer \u0130l\u00e7e Gen\u00e7lik ve Spor M\u00fcd\u00fcr\u00fc \u0130lkay Kaya, T\u00fcrkiye Bisiklet Federasyonu Ba\u015fkan\u0131 Emin M\u00fcft\u00fco\u011flu, T\u00fcrkiye Bisiklet Federasyonu Asba\u015fkan\u0131 Metin Cengiz, T\u00fcrkiye Bisiklet Federasyonu Asba\u015fkan\u0131 Yusuf Alperen Ayar, T\u00fcrkiye Bisiklet Federasyonu Y\u00f6netim Kurulu \u00dcyesi Sami A\u011fao\u011flu, T\u00fcrkiye Bisiklet Federasyonu Y\u00f6netim Kurulu \u00dcyesi Onur \u015eahin ve T\u00fcrkiye Bisiklet Federasyonu Denetleme Kurulu \u00dcyesi Abdurrahman Ar\u0131c\u0131 haz\u0131r bulundu.<\/p>\n<p><strong>G\u00d6ZLER YARINK\u0130 FESL\u0130KAN ETABINDA<\/strong><\/p>\n<p>61.Cumhurba\u015fkanl\u0131\u011f\u0131 T\u00fcrkiye Bisiklet Turu&#8217;nun gerek genel klasman gerekse tak\u0131m birincisini muhtemelen tayin edecek ikinci t\u0131rman\u0131\u015f etab\u0131 yar\u0131n ko\u015fulacak. Antalya-Feslikan etab\u0131 127.9 kilometre olarak belirlendi. Etab\u0131n ba\u015flama saati 12.15. Turkuaz Mayoyu Khern Pharma tak\u0131m\u0131ndan Ivan Ramiro Sosa ta\u015f\u0131yacak.<\/p>\n<p>\u00a0<\/p>\n<p>\u00a0<\/p>\n<p>Kaynak: (BYZHA) Beyaz Haber Ajans\u0131<\/p>\n","protected":false},"excerpt":{"rendered":"<p>61.<\/p>\n","protected":false},"author":1,"featured_media":6344,"comment_status":"open","ping_status":"open","sticky":false,"template":"","format":"standard","meta":{"footnotes":""},"categories":[33],"tags":[],"class_list":["post-6343","post","type-post","status-publish","format-standard","has-post-thumbnail","hentry","category-spor"],"_links":{"self":[{"href":"https:\/\/ekonomievreni.com\/index.php?rest_route=\/wp\/v2\/posts\/6343","targetHints":{"allow":["GET"]}}],"collection":[{"href":"https:\/\/ekonomievreni.com\/index.php?rest_route=\/wp\/v2\/posts"}],"about":[{"href":"https:\/\/ekonomievreni.com\/index.php?rest_route=\/wp\/v2\/types\/post"}],"author":[{"embeddable":true,"href":"https:\/\/ekonomievreni.com\/index.php?rest_route=\/wp\/v2\/users\/1"}],"replies":[{"embeddable":true,"href":"https:\/\/ekonomievreni.com\/index.php?rest_route=%2Fwp%2Fv2%2Fcomments&post=6343"}],"version-history":[{"count":1,"href":"https:\/\/ekonomievreni.com\/index.php?rest_route=\/wp\/v2\/posts\/6343\/revisions"}],"predecessor-version":[{"id":6345,"href":"https:\/\/ekonomievreni.com\/index.php?rest_route=\/wp\/v2\/posts\/6343\/revisions\/6345"}],"wp:featuredmedia":[{"embeddable":true,"href":"https:\/\/ekonomievreni.com\/index.php?rest_route=\/wp\/v2\/media\/6344"}],"wp:attachment":[{"href":"https:\/\/ekonomievreni.com\/index.php?rest_route=%2Fwp%2Fv2%2Fmedia&parent=6343"}],"wp:term":[{"taxonomy":"category","embeddable":true,"href":"https:\/\/ekonomievreni.com\/index.php?rest_route=%2Fwp%2Fv2%2Fcategories&post=6343"},{"taxonomy":"post_tag","embeddable":true,"href":"https:\/\/ekonomievreni.com\/index.php?rest_route=%2Fwp%2Fv2%2Ftags&post=6343"}],"curies":[{"name":"wp","href":"https:\/\/api.w.org\/{rel}","templated":true}]}}