{"id":6337,"date":"2026-04-30T21:30:34","date_gmt":"2026-04-30T18:30:34","guid":{"rendered":"https:\/\/ekonomievreni.com\/?p=6337"},"modified":"2026-04-30T21:30:35","modified_gmt":"2026-04-30T18:30:35","slug":"divizyonda-bu-hafta-uretim-ve-is-birligi-sureci-ele-alindi","status":"publish","type":"post","link":"https:\/\/ekonomievreni.com\/?p=6337","title":{"rendered":"Divizyon\u2019da Bu Hafta \u00dcretim ve \u0130\u015f Birli\u011fi S\u00fcreci Ele Al\u0131nd\u0131"},"content":{"rendered":"\n<p data-asw-org-font-size=\"14\"><strong>Konya B\u00fcy\u00fck\u015fehir Belediyesi\u2019nin gen\u00e7lere y\u00f6nelik vizyon projeleri kapsam\u0131nda faaliyetlerini s\u00fcrd\u00fcren Divizyon\u2019da bu hafta \u00fcretim odakl\u0131 etkinlikler ve yeni d\u00f6nem vizyonunu \u015fekillendiren bulu\u015fmalar ger\u00e7ekle\u015ftirildi. Yaz\u0131l\u0131mdan fikir geli\u015ftirmeye, topluluk yap\u0131lanmas\u0131ndan deneysel \u00fcretim s\u00fcre\u00e7lerine kadar farkl\u0131 alanlarda \u00f6nemli programlar icra edildi.<\/strong><\/p>\n<hr \/>\n<p data-asw-org-font-size=\"14\">Konya B\u00fcy\u00fck\u015fehir Belediyesi\u2019nin giri\u015fimci gen\u00e7lik yap\u0131lar\u0131ndan Divizyon\u2019da \u00fcretim ve i\u015f birli\u011fi s\u00fcre\u00e7lerinin ele al\u0131nd\u0131\u011f\u0131 yo\u011fun programlar ger\u00e7ekle\u015ftirildi.\u00a0<\/p>\n<p data-asw-org-font-size=\"14\"><strong>TOPLULUK BULU\u015eMASI-2\u2019DE STARTECH TANITIMI GER\u00c7EKLE\u015eT\u0130R\u0130LD\u0130\u00a0<\/strong><\/p>\n<p data-asw-org-font-size=\"14\">Haftan\u0131n a\u00e7\u0131l\u0131\u015f\u0131, Topluluk Bulu\u015fmas\u0131-2 ile yap\u0131ld\u0131. Divizyon\u2019un yeni d\u00f6nem \u00fcretim modelinin toplulukla payla\u015f\u0131ld\u0131\u011f\u0131 etkinlikte; Fikir At\u00f6lyesi ve Mikro Destek mekanizmalar\u0131 detayl\u0131 \u015fekilde gen\u00e7lere aktar\u0131ld\u0131. \u00dcyelerin projelerini geli\u015ftirebilece\u011fi yeni yap\u0131lar\u0131n da tan\u0131t\u0131ld\u0131\u011f\u0131 program tan\u0131\u015fma ve deneyim payla\u015f\u0131m\u0131yla tamamland\u0131.<\/p>\n<p data-asw-org-font-size=\"14\"><strong>STARTECH-1 \u0130LE F\u0130K\u0130RLER GEL\u0130\u015eT\u0130RME S\u00dcREC\u0130NE TA\u015eINDI\u00a0<\/strong><\/p>\n<p data-asw-org-font-size=\"14\">Divizyon\u2019da tan\u0131t\u0131m\u0131n ard\u0131ndan ger\u00e7ekle\u015ftirilen Startech-1: Disiplinler \u00d6tesi Fikir At\u00f6lyesi, farkl\u0131 alanlardan kat\u0131l\u0131mc\u0131lar\u0131 bir araya getirerek yo\u011fun bir \u00fcretim s\u00fcreci sundu. \u0130nsan odakl\u0131 tasar\u0131m yakla\u015f\u0131m\u0131yla y\u00fcr\u00fct\u00fclen at\u00f6lyede kat\u0131l\u0131mc\u0131lar, bireysel fikirlerini ekipler halinde geli\u015ftirerek ileri a\u015famalara ta\u015f\u0131nabilecek bir seviyeye ula\u015ft\u0131rd\u0131. Etkinlik, topluluk i\u00e7i \u00fcretim kapasitesini g\u00fc\u00e7lendiren \u00f6nemli bir ad\u0131m oldu.<\/p>\n<p data-asw-org-font-size=\"14\"><strong>FRANKENSTE\u0130N CHALLENGE \u0130LE KOLEKT\u0130F \u00dcRET\u0130M DENEY\u0130M\u0130 YA\u015eANDI\u00a0<\/strong><\/p>\n<p data-asw-org-font-size=\"14\">Haftan\u0131n dikkat \u00e7eken etkinliklerinden biri olan Frankenstein Challenge, dijital sanat\u00e7\u0131lar i\u00e7in deneysel bir \u00fcretim ortam\u0131 sundu. Kat\u0131l\u0131mc\u0131lar, kura y\u00f6ntemiyle kendilerine atanan par\u00e7alar \u00fczerinde ba\u011f\u0131ms\u0131z \u015fekilde \u00e7al\u0131\u015ft\u0131 ve ard\u0131ndan bu par\u00e7alar tek bir kolektif karakterde birle\u015ftirildi. Bu s\u00fcre\u00e7, bireysel \u00fcretimlerin ortak bir \u00e7\u0131kt\u0131ya d\u00f6n\u00fc\u015fmesini sa\u011flayarak kolektif \u00fcretim anlay\u0131\u015f\u0131n\u0131 g\u00fc\u00e7lendirdi.\u00a0<\/p>\n<p data-asw-org-font-size=\"14\">\u00dcretim s\u00fcreci boyunca sanat\u00e7\u0131lar hem kendi alanlar\u0131nda derinle\u015fme f\u0131rsat\u0131 buldu hem de farkl\u0131 disiplinlerle etkile\u015fim kurarak \u00fcretim deneyimini zenginle\u015ftirdi. Etkinlik sonunda ortaya \u00e7\u0131kan \u00e7al\u0131\u015fmalar dijital ortamda sergilenerek toplulukla payla\u015f\u0131ld\u0131.\u00a0<\/p>\n<p data-asw-org-font-size=\"14\"><strong>CODE WARS-1 \u0130LE CANLI \u00dcRET\u0130M S\u00dcREC\u0130 GER\u00c7EKLE\u015eT\u0130R\u0130LD\u0130\u00a0<\/strong><\/p>\n<p data-asw-org-font-size=\"14\">Haftan\u0131n kapan\u0131\u015f\u0131 Code Wars-1 ile yap\u0131ld\u0131. Bu formatta yaz\u0131l\u0131m \u00fcretimi sahneye ta\u015f\u0131narak kat\u0131l\u0131mc\u0131lar belirlenen problem do\u011frultusunda s\u0131n\u0131rl\u0131 s\u00fcre i\u00e7inde dijital \u00fcr\u00fcn geli\u015ftirdi.<br \/>Kat\u0131l\u0131mc\u0131lar yaz\u0131l\u0131m\u0131n t\u00fcm a\u015famalar\u0131n\u0131 k\u0131sa s\u00fcrede tamamlamaya \u00e7al\u0131\u015f\u0131rken, izleyiciler de s\u00fcreci canl\u0131 olarak takip ederek \u00fcretim y\u00f6ntemlerini g\u00f6zlemleme f\u0131rsat\u0131 buldu. Etkinlik, uygulamal\u0131 \u00fcretim yakla\u015f\u0131m\u0131n\u0131 g\u00fc\u00e7lendiren \u00f6nemli bir deneyim sundu.<\/p>\n<p data-asw-org-font-size=\"14\">Divizyon, bu hafta ger\u00e7ekle\u015ftirdi\u011fi etkinliklerle \u00fcretim ve i\u015f birli\u011fi odakl\u0131 yakla\u015f\u0131m\u0131n\u0131 sahaya ta\u015f\u0131rken; fikirden \u00fcr\u00fcne uzanan s\u00fcreci farkl\u0131 y\u00f6ntemlerle desteklemeye devam etti. \u00d6n\u00fcm\u00fczdeki haftalarda bu \u00fcretim ivmesinin daha da g\u00fc\u00e7lendirilmesi hedefleniyor.<\/p>\n<p data-asw-org-font-size=\"14\">\u00a0<\/p>\n<p data-asw-org-font-size=\"14\">\u00a0<\/p>\n<p>Kaynak: (BYZHA) Beyaz Haber Ajans\u0131<\/p>\n","protected":false},"excerpt":{"rendered":"<p>Konya B\u00fcy\u00fck\u015fehir Belediyesi\u2019nin gen\u00e7lere y\u00f6nelik vizyon projeleri kapsam\u0131nda faaliyetlerini s\u00fcrd\u00fcren Divizyon\u2019da bu hafta \u00fcretim odakl\u0131 etkinlikler ve yeni d\u00f6nem vizyonunu \u015fekillendiren bulu\u015fmalar ger\u00e7ekle\u015ftirildi.<\/p>\n","protected":false},"author":1,"featured_media":6338,"comment_status":"open","ping_status":"open","sticky":false,"template":"","format":"standard","meta":{"footnotes":""},"categories":[30],"tags":[],"class_list":["post-6337","post","type-post","status-publish","format-standard","has-post-thumbnail","hentry","category-ekonomi"],"_links":{"self":[{"href":"https:\/\/ekonomievreni.com\/index.php?rest_route=\/wp\/v2\/posts\/6337","targetHints":{"allow":["GET"]}}],"collection":[{"href":"https:\/\/ekonomievreni.com\/index.php?rest_route=\/wp\/v2\/posts"}],"about":[{"href":"https:\/\/ekonomievreni.com\/index.php?rest_route=\/wp\/v2\/types\/post"}],"author":[{"embeddable":true,"href":"https:\/\/ekonomievreni.com\/index.php?rest_route=\/wp\/v2\/users\/1"}],"replies":[{"embeddable":true,"href":"https:\/\/ekonomievreni.com\/index.php?rest_route=%2Fwp%2Fv2%2Fcomments&post=6337"}],"version-history":[{"count":1,"href":"https:\/\/ekonomievreni.com\/index.php?rest_route=\/wp\/v2\/posts\/6337\/revisions"}],"predecessor-version":[{"id":6339,"href":"https:\/\/ekonomievreni.com\/index.php?rest_route=\/wp\/v2\/posts\/6337\/revisions\/6339"}],"wp:featuredmedia":[{"embeddable":true,"href":"https:\/\/ekonomievreni.com\/index.php?rest_route=\/wp\/v2\/media\/6338"}],"wp:attachment":[{"href":"https:\/\/ekonomievreni.com\/index.php?rest_route=%2Fwp%2Fv2%2Fmedia&parent=6337"}],"wp:term":[{"taxonomy":"category","embeddable":true,"href":"https:\/\/ekonomievreni.com\/index.php?rest_route=%2Fwp%2Fv2%2Fcategories&post=6337"},{"taxonomy":"post_tag","embeddable":true,"href":"https:\/\/ekonomievreni.com\/index.php?rest_route=%2Fwp%2Fv2%2Ftags&post=6337"}],"curies":[{"name":"wp","href":"https:\/\/api.w.org\/{rel}","templated":true}]}}