{"id":6334,"date":"2026-04-30T21:24:16","date_gmt":"2026-04-30T18:24:16","guid":{"rendered":"https:\/\/ekonomievreni.com\/?p=6334"},"modified":"2026-04-30T21:24:17","modified_gmt":"2026-04-30T18:24:17","slug":"genc-edro-balikesir-il-sampiyonu","status":"publish","type":"post","link":"https:\/\/ekonomievreni.com\/?p=6334","title":{"rendered":"Gen\u00e7 Edro, Bal\u0131kesir \u0130l \u015eampiyonu"},"content":{"rendered":"<p> 1966 Edremitspor altyap\u0131 U-15 tak\u0131m\u0131, g\u00f6sterdi\u011fi ba\u015far\u0131l\u0131 performansla Bal\u0131kesir \u0130l \u015eampiyonu oldu. Gen\u00e7 futbolcular, 12-14 May\u0131s tarihleri aras\u0131nda Eski\u015fehir\u2019de d\u00fczenlenecek T\u00fcrkiye \u015eampiyonas\u0131\u2019nda Bal\u0131kesir\u2019i temsil edecek.<\/p>\n<p>Edremitspor altyap\u0131 akademisinde yap\u0131lan yat\u0131r\u0131mlar\u0131n kar\u015f\u0131l\u0131\u011f\u0131 al\u0131nmaya ba\u015fland\u0131. U-15 tak\u0131m\u0131, oynad\u0131\u011f\u0131 ba\u015far\u0131l\u0131 ma\u00e7lar\u0131n ard\u0131ndan finalde Karesi Belediyespor\u2019u ma\u011flup ederek \u015fampiyonluk kupas\u0131n\u0131 kazand\u0131. \u0130l \u015fampiyonu olan gen\u00e7 tak\u0131m, elde etti\u011fi bu ba\u015far\u0131yla T\u00fcrkiye \u015eampiyonas\u0131\u2019na kat\u0131lma hakk\u0131 elde etti.<\/p>\n<p>\u015eampiyonluk kupas\u0131yla birlikte Edremit Belediye Ba\u015fkan\u0131 Mehmet Erta\u015f\u2019\u0131 ziyaret eden gen\u00e7 futbolcular, b\u00fcy\u00fck sevin\u00e7 ya\u015fad\u0131. Ziyarette Kul\u00fcp Ba\u015fkan\u0131 ve Edremit Belediye Ba\u015fkan Yard\u0131mc\u0131s\u0131 Cavit Cebeci de yer ald\u0131.<\/p>\n<p>Kul\u00fcp Ba\u015fkan\u0131 Cavit Cebeci, Edremitspor\u2019un altyap\u0131s\u0131nda y\u00fczlerce gencin spor yapt\u0131\u011f\u0131n\u0131 belirterek, elde edilen ba\u015far\u0131n\u0131n tesad\u00fcf olmad\u0131\u011f\u0131n\u0131 vurgulad\u0131. Cebeci, gen\u00e7 futbolcular\u0131 ve teknik heyeti tebrik ederek T\u00fcrkiye \u015eampiyonas\u0131\u2019nda ba\u015far\u0131lar diledi.<\/p>\n<p>Edremit Belediye Ba\u015fkan\u0131 Mehmet Erta\u015f da gen\u00e7 sporcular\u0131 kutlayarak, sporun yaln\u0131zca saha sonu\u00e7lar\u0131ndan ibaret olmad\u0131\u011f\u0131n\u0131 ifade etti. Ba\u015fkan Erta\u015f, \u201cSpor, \u00e7ocuklar\u0131m\u0131z\u0131 ve gen\u00e7lerimizi k\u00f6t\u00fc al\u0131\u015fkanl\u0131klardan uzak tutan, onlar\u0131 disiplinli ve sa\u011fl\u0131kl\u0131 bireyler olarak yeti\u015ftiren en \u00f6nemli alanlardan biridir. Bu ba\u015far\u0131 bizleri gururland\u0131rd\u0131. T\u00fcm sporcular\u0131m\u0131z\u0131 ve teknik ekibimizi y\u00fcrekten kutluyor, T\u00fcrkiye \u015eampiyonas\u0131\u2019nda ba\u015far\u0131lar diliyorum\u201d dedi.<\/p>\n<p>Gen\u00e7 Edremitspor U-15 tak\u0131m\u0131, Eski\u015fehir\u2019de d\u00fczenlenecek T\u00fcrkiye \u015eampiyonas\u0131\u2019nda Bal\u0131kesir\u2019i en iyi \u015fekilde temsil etmeyi hedefliyor.<\/p>\n<p>\u00a0<\/p>\n<p>Kaynak: (BYZHA) Beyaz Haber Ajans\u0131<\/p>\n","protected":false},"excerpt":{"rendered":"<p>1966 Edremitspor altyap\u0131 U-15 tak\u0131m\u0131, g\u00f6sterdi\u011fi ba\u015far\u0131l\u0131 performansla Bal\u0131kesir \u0130l \u015eampiyonu oldu.<\/p>\n","protected":false},"author":1,"featured_media":6335,"comment_status":"open","ping_status":"open","sticky":false,"template":"","format":"standard","meta":{"footnotes":""},"categories":[33],"tags":[],"class_list":["post-6334","post","type-post","status-publish","format-standard","has-post-thumbnail","hentry","category-spor"],"_links":{"self":[{"href":"https:\/\/ekonomievreni.com\/index.php?rest_route=\/wp\/v2\/posts\/6334","targetHints":{"allow":["GET"]}}],"collection":[{"href":"https:\/\/ekonomievreni.com\/index.php?rest_route=\/wp\/v2\/posts"}],"about":[{"href":"https:\/\/ekonomievreni.com\/index.php?rest_route=\/wp\/v2\/types\/post"}],"author":[{"embeddable":true,"href":"https:\/\/ekonomievreni.com\/index.php?rest_route=\/wp\/v2\/users\/1"}],"replies":[{"embeddable":true,"href":"https:\/\/ekonomievreni.com\/index.php?rest_route=%2Fwp%2Fv2%2Fcomments&post=6334"}],"version-history":[{"count":1,"href":"https:\/\/ekonomievreni.com\/index.php?rest_route=\/wp\/v2\/posts\/6334\/revisions"}],"predecessor-version":[{"id":6336,"href":"https:\/\/ekonomievreni.com\/index.php?rest_route=\/wp\/v2\/posts\/6334\/revisions\/6336"}],"wp:featuredmedia":[{"embeddable":true,"href":"https:\/\/ekonomievreni.com\/index.php?rest_route=\/wp\/v2\/media\/6335"}],"wp:attachment":[{"href":"https:\/\/ekonomievreni.com\/index.php?rest_route=%2Fwp%2Fv2%2Fmedia&parent=6334"}],"wp:term":[{"taxonomy":"category","embeddable":true,"href":"https:\/\/ekonomievreni.com\/index.php?rest_route=%2Fwp%2Fv2%2Fcategories&post=6334"},{"taxonomy":"post_tag","embeddable":true,"href":"https:\/\/ekonomievreni.com\/index.php?rest_route=%2Fwp%2Fv2%2Ftags&post=6334"}],"curies":[{"name":"wp","href":"https:\/\/api.w.org\/{rel}","templated":true}]}}