{"id":6331,"date":"2026-04-30T21:24:14","date_gmt":"2026-04-30T18:24:14","guid":{"rendered":"https:\/\/ekonomievreni.com\/?p=6331"},"modified":"2026-04-30T21:24:15","modified_gmt":"2026-04-30T18:24:15","slug":"61-cumhurbaskanligi-turkiye-bisiklet-turunda-patara-kemer-etabi-sona-erdi","status":"publish","type":"post","link":"https:\/\/ekonomievreni.com\/?p=6331","title":{"rendered":"61. Cumhurba\u015fkanl\u0131\u011f\u0131 T\u00fcrkiye Bisiklet Turu&#8217;nda Patara-Kemer etab\u0131 sona erdi"},"content":{"rendered":"<p> Bu y\u0131l 61&#8217;incisi d\u00fczenlenen, Uluslararas\u0131 Bisiklet Birli\u011finin (UCI) Avrupa Turlar\u0131 takviminde yer alan ve T\u00fcrkiye&#8217;nin &#8220;ProSeries&#8221; kategorisindeki tek bisiklet yar\u0131\u015f\u0131 olan Cumhurba\u015fkanl\u0131\u011f\u0131 T\u00fcrkiye Bisiklet Turu&#8217;nun 5. etab\u0131 Patara-Kemer sona erdi. Etap sonras\u0131 d\u00fczenlenen t\u00f6renle dereceye giren sporculara \u00f6d\u00fclleri verildi.<\/p>\n<p>Patara Antik Kenti&#8217;nden verilen startta sporcular, T\u00fcrkiye&#8217;nin en \u00f6nemli spor destinasyonlar\u0131 aras\u0131nda yer alan Kemer&#8217;e do\u011fru pedal \u00e7evirdi.<\/p>\n<p>23 tak\u0131mdan 155 sporcu, Patara Antik Kenti&#8217;nden ba\u015flayarak Kaputa\u015f, Ka\u015f, Demre ve Finike&#8217;den Kemer&#8217;e uzanan parkurda dereceye girebilmek i\u00e7in m\u00fccadele etti.<\/p>\n<p>180,7 kilometre ile en uzun mesafe olan Patara-Kemer etab\u0131 hem uzun mesafe hem de de\u011fi\u015fken parkur ve t\u0131rman\u0131\u015flara sahne oldu.<\/p>\n<p>Kemer Belediyesi Gen\u00e7lik Bando ve Orkestras\u0131\u2019ndan muhte\u015fem \u015fov<\/p>\n<p>Kemer Belediye Ba\u015fkan\u0131 Necati Topalo\u011flu \u00f6nc\u00fcl\u00fc\u011f\u00fcnde kurulan Kemer Belediyesi Gen\u00e7lik Bando ve Orkestras\u0131, yar\u0131\u015flar\u0131n biti\u015f noktas\u0131nda mini bir konser verdi.<\/p>\n<p>\u015eefli\u011fini ayn\u0131 zamanda Kemer Belediye Ba\u015fkan Yard\u0131mc\u0131s\u0131 olan Furkan \u00dcst\u00fcnda\u011f\u2019\u0131n yapt\u0131\u011f\u0131 orkestra, seslendirdi\u011fi eserlerle protokol \u00fcyelerine ve davetlilere e\u011flenceli anlar ya\u015fatt\u0131.<\/p>\n<p>Gelece\u011fin m\u00fczisyenlerinin performans\u0131 izleyenlerden b\u00fcy\u00fck alk\u0131\u015f toplarken, halk oyunlar\u0131 g\u00f6sterileri de yap\u0131ld\u0131.<\/p>\n<p>\u00d6d\u00fcl T\u00f6reni<\/p>\n<p>Kemer Cumhuriyet Meydan\u0131 yan\u0131nda d\u00fczenlenen \u00f6d\u00fcl t\u00f6renine, Kemer Kaymakam\u0131 Ahmet Solmaz, Kemer Belediye Ba\u015fkan\u0131 Necati Topalo\u011flu, Kemer Jandarma Komutan\u0131 \u00d6mer Seyhan, Kemer Emniyet M\u00fcd\u00fcr Vekili Ramazan Canba\u015f, T\u00fcrkiye Bisiklet Federasyonu Ba\u015fkan\u0131 Emin M\u00fcft\u00fco\u011flu, Antalya Gen\u00e7lik ve Spor \u0130l M\u00fcd\u00fcr\u00fc Yavuz G\u00fcrhan, Kemer Belediye Ba\u015fkan Yard\u0131mc\u0131s\u0131 Furkan \u00dcst\u00fcnda\u011f, Kemer Belediye Meclis \u00dcyesi Cans\u0131n Efir, siyasi parti temsilcileri, STK temsilcileri ve vatanda\u015flar kat\u0131ld\u0131.<\/p>\n<p>\u00d6d\u00fcl t\u00f6reninde dereceye gren sporculara \u00f6d\u00fcllerini Kemer protokol\u00fc verdi.<\/p>\n<p>Yar\u0131\u015flar, yar\u0131n 6. Etap olan 127,9 kilometrelik Antalya-Feslikan etab\u0131yla devam edecek.<\/p>\n<p>\u00a0<\/p>\n<p>\u00a0<\/p>\n<p>\u00a0<\/p>\n<p>Kaynak: (BYZHA) Beyaz Haber Ajans\u0131<\/p>\n","protected":false},"excerpt":{"rendered":"<p>Bu y\u0131l 61&#8217;incisi d\u00fczenlenen, Uluslararas\u0131 Bisiklet Birli\u011finin (UCI) Avrupa Turlar\u0131 takviminde yer alan ve T\u00fcrkiye&#8217;nin &#8220;ProSeries&#8221; kategorisindeki tek bisiklet yar\u0131\u015f\u0131 olan Cumhurba\u015fkanl\u0131\u011f\u0131 T\u00fcrkiye Bisiklet Turu&#8217;nun 5.<\/p>\n","protected":false},"author":1,"featured_media":6332,"comment_status":"open","ping_status":"open","sticky":false,"template":"","format":"standard","meta":{"footnotes":""},"categories":[33],"tags":[],"class_list":["post-6331","post","type-post","status-publish","format-standard","has-post-thumbnail","hentry","category-spor"],"_links":{"self":[{"href":"https:\/\/ekonomievreni.com\/index.php?rest_route=\/wp\/v2\/posts\/6331","targetHints":{"allow":["GET"]}}],"collection":[{"href":"https:\/\/ekonomievreni.com\/index.php?rest_route=\/wp\/v2\/posts"}],"about":[{"href":"https:\/\/ekonomievreni.com\/index.php?rest_route=\/wp\/v2\/types\/post"}],"author":[{"embeddable":true,"href":"https:\/\/ekonomievreni.com\/index.php?rest_route=\/wp\/v2\/users\/1"}],"replies":[{"embeddable":true,"href":"https:\/\/ekonomievreni.com\/index.php?rest_route=%2Fwp%2Fv2%2Fcomments&post=6331"}],"version-history":[{"count":1,"href":"https:\/\/ekonomievreni.com\/index.php?rest_route=\/wp\/v2\/posts\/6331\/revisions"}],"predecessor-version":[{"id":6333,"href":"https:\/\/ekonomievreni.com\/index.php?rest_route=\/wp\/v2\/posts\/6331\/revisions\/6333"}],"wp:featuredmedia":[{"embeddable":true,"href":"https:\/\/ekonomievreni.com\/index.php?rest_route=\/wp\/v2\/media\/6332"}],"wp:attachment":[{"href":"https:\/\/ekonomievreni.com\/index.php?rest_route=%2Fwp%2Fv2%2Fmedia&parent=6331"}],"wp:term":[{"taxonomy":"category","embeddable":true,"href":"https:\/\/ekonomievreni.com\/index.php?rest_route=%2Fwp%2Fv2%2Fcategories&post=6331"},{"taxonomy":"post_tag","embeddable":true,"href":"https:\/\/ekonomievreni.com\/index.php?rest_route=%2Fwp%2Fv2%2Ftags&post=6331"}],"curies":[{"name":"wp","href":"https:\/\/api.w.org\/{rel}","templated":true}]}}