{"id":6307,"date":"2026-04-30T13:35:51","date_gmt":"2026-04-30T10:35:51","guid":{"rendered":"https:\/\/ekonomievreni.com\/?p=6307"},"modified":"2026-04-30T13:35:52","modified_gmt":"2026-04-30T10:35:52","slug":"expansciencetan-eczacilara-ilham-veren-bulusma-serisi-etki-bulusmalari-gerceklesti","status":"publish","type":"post","link":"https:\/\/ekonomievreni.com\/?p=6307","title":{"rendered":"Expanscience\u2019tan eczac\u0131lara ilham veren bulu\u015fma serisi: \u201cEtki Bulu\u015fmalar\u0131\u201d ger\u00e7ekle\u015fti"},"content":{"rendered":"<p> <strong>1950 y\u0131l\u0131ndan bu yana bilimsel g\u00fcc\u00fc y\u00fcksek ve sorumluluk sahibi yakla\u015f\u0131m\u0131yla faaliyet g\u00f6steren Expanscience Laboratuvarlar\u0131, nisan ay\u0131 itibar\u0131yla eczac\u0131lara \u00f6zel olarak hayata ge\u00e7irdi\u011fi \u201cExpanscience Etki Bulu\u015fmalar\u0131\u201d ile sekt\u00f6r profesyonellerini bir araya getirdi.\u00a0<\/strong><\/p>\n<p>\u0130stanbul, Ankara ve \u0130zmir\u2019de d\u00fczenlenen bulu\u015fmalar; i\u015f d\u00fcnyas\u0131n\u0131n yaln\u0131zca finansal ba\u015far\u0131yla de\u011fil, toplumsal ve \u00e7evresel etkisiyle de de\u011fer yaratmas\u0131 gerekti\u011fi yakla\u015f\u0131m\u0131n\u0131 merkeze ald\u0131.\u00a0<strong>Mustela T\u00fcrkiye Ortado\u011fu ve Asya -Pasifik \u00dclkeleri B\u00f6lge M\u00fcd\u00fcr\u00fc Fikret Baltao\u011flu<\/strong>\u00a0\u201c1950 y\u0131l\u0131ndan bu yana bilimsel g\u00fcc\u00fc ve sorumluluk sahibi yakla\u015f\u0131m\u0131yla faaliyet g\u00f6steren Expanscience Laboratuvarlar\u0131 olarak, nisan ay\u0131nda hayata ge\u00e7irdi\u011fimiz \u2018<strong>Expanscience Etki Bulu\u015fmalar\u0131\u2019 kapsam\u0131nda sekt\u00f6r profesyonelleriyle bir araya geldik. \u0130stanbul, Ankara ve \u0130zmir\u2019de ger\u00e7ekle\u015ftirdi\u011fimiz bulu\u015fmalarda, i\u015f d\u00fcnyas\u0131n\u0131n yaln\u0131zca finansal ba\u015far\u0131yla de\u011fil, toplumsal ve \u00e7evresel etkisiyle de de\u011fer yaratmas\u0131 gerekti\u011fine olan inanc\u0131m\u0131z\u0131 payla\u015ft\u0131k<\/strong>.<strong>B Corp sertifikas\u0131na sahip bir marka olarak bu yakla\u015f\u0131m\u0131 t\u00fcm i\u015f yap\u0131\u015f bi\u00e7imlerimizin merkezine al\u0131yoruz. B-Corp sertifikas\u0131na sahip olman\u0131n bu d\u00f6n\u00fc\u015f\u00fcm\u00fcn \u00f6nemli bir par\u00e7as\u0131 oldu\u011funa inan\u0131yor; eczac\u0131lar\u0131n aileler i\u00e7in g\u00fcvenilir bir rehber olarak kritik bir rol \u00fcstlendi\u011fini d\u00fc\u015f\u00fcn\u00fcyoruz. Bu do\u011frultuda, payda\u015flar\u0131m\u0131zla birlikte daha s\u00fcrd\u00fcr\u00fclebilir ve kapsay\u0131c\u0131 bir gelecek i\u00e7in fikir al\u0131\u015fveri\u015finde bulunduk.\u201ddedi.<\/strong><\/p>\n<p><strong>Mert F\u0131rat<\/strong>\u00a0ise, s\u00fcrd\u00fcr\u00fclebilirlik oda\u011f\u0131nda ve B Corp yakla\u015f\u0131m\u0131n\u0131 benimseyen bir markayla ayn\u0131 zeminde bulu\u015fman\u0131n kendisi i\u00e7in \u00e7ok k\u0131ymetli oldu\u011funu vurgulad\u0131. E\u015fit ebeveynli\u011fin yaln\u0131zca bireysel bir tercih de\u011fil, toplumsal d\u00f6n\u00fc\u015f\u00fcm\u00fcn \u00f6nemli bir par\u00e7as\u0131 oldu\u011funa inand\u0131\u011f\u0131n\u0131 belirten F\u0131rat, bu yakla\u015f\u0131m\u0131 sahiplenen ve destekleyen Expanscience\u2019\u0131n Etki Bulu\u015fmalar\u0131\u2019nda yer almaktan gurur duydu\u011funu ifade etti.<\/p>\n<p>Etki Bulu\u015fmalar\u0131\u2019na katk\u0131 sunan isimlerden biri\u00a0<strong>olan Prof. Dr. It\u0131r Erhart da, sosyal<\/strong>\u00a0etki ve s\u00fcrd\u00fcr\u00fclebilirlik oda\u011f\u0131nda geli\u015ftirilen bu t\u00fcr platformlar\u0131n farkl\u0131 payda\u015flar\u0131 bir araya getirerek kolektif d\u00f6n\u00fc\u015f\u00fcm\u00fc h\u0131zland\u0131rd\u0131\u011f\u0131na dikkat \u00e7ekti. Erhart, i\u015f d\u00fcnyas\u0131n\u0131n toplumsal fayday\u0131 merkeze alan yakla\u015f\u0131mlar\u0131n\u0131n yayg\u0131nla\u015fmas\u0131n\u0131n \u00f6nemine vurgu yapt\u0131.\u201d<\/p>\n<p><strong>A\u00c7EV Babal\u0131k \u00c7al\u0131\u015fmalar\u0131 Direkt\u00f6r\u00fc Hasan Deniz<\/strong>\u00a0ise, bak\u0131m eme\u011fi, babal\u0131\u011f\u0131n d\u00f6n\u00fc\u015f\u00fcm\u00fc ve toplumsal cinsiyet e\u015fitli\u011fi \u00fczerine deneyimlerini payla\u015ft\u0131. Babal\u0131\u011f\u0131n d\u00f6n\u00fc\u015f\u00fcm\u00fcn\u00fcn yaln\u0131zca aile i\u00e7inde de\u011fil, toplumsal d\u00fczeyde de \u00f6nemli bir de\u011fi\u015fim alan\u0131 oldu\u011funa dikkat \u00e7eken Deniz, bak\u0131m eme\u011finin daha adil payla\u015f\u0131lmas\u0131n\u0131n daha dengeli ve kapsay\u0131c\u0131 bir toplumun temelini olu\u015fturdu\u011funu vurgulad\u0131. Bu alanda fark\u0131ndal\u0131k yaratacak \u00e7al\u0131\u015fmalar\u0131n artmas\u0131n\u0131n \u00f6nemine de\u011findi.<\/p>\n<p><strong>\u201cD\u00fcnya i\u00e7in en iyisini yapma\u201d taahh\u00fcd\u00fc<\/strong><\/p>\n<p>Expanscience, 2018 y\u0131l\u0131nda ald\u0131\u011f\u0131 B Corp sertifikas\u0131 ile s\u00fcrd\u00fcr\u00fclebilirlik yakla\u015f\u0131m\u0131n\u0131 i\u015f modelinin merkezine ta\u015f\u0131yarak, yaln\u0131zca \u201ciyi bir \u015firket\u201d olman\u0131n \u00f6tesine ge\u00e7erek \u201cd\u00fcnya i\u00e7in en iyisini yapmaya s\u00f6z veren \u015firketler\u201d aras\u0131nda yer ald\u0131. \u201c\u0130nsanlar\u0131n ya\u015famlar\u0131n\u0131n her a\u015famas\u0131nda kendi iyi olu\u015flar\u0131n\u0131 sa\u011fl\u0131kl\u0131 bir gezegen \u00fczerinde in\u015fa etmelerine destek olmak\u201d misyonuyla hareket eden, dermokozmetik, bebek ve aile bak\u0131m\u0131, sa\u00e7 bak\u0131m\u0131, parf\u00fcm ve eklem sa\u011fl\u0131\u011f\u0131 alanlar\u0131nda faaliyet g\u00f6steren; Mustela, Lierac, Phyto, Roger&amp;Gallet, Piascledine ve Halexo markalar\u0131n\u0131 b\u00fcnyesinde bulunduran Expanscience, 2018 y\u0131l\u0131nda B Corp sertifikas\u0131 alarak s\u00fcrd\u00fcr\u00fclebilirlik yakla\u015f\u0131m\u0131n\u0131 i\u015f modelinin merkezine entegre etti. Bu kapsamda \u201cD\u00fcnya\u2019n\u0131n en iyi \u015firketleri de\u011fil, d\u00fcnya i\u00e7in en iyisini yapmaya taahh\u00fct eden \u015firketler\u201d aras\u0131na da yer ald\u0131.<\/p>\n<p>\u00a0<\/p>\n<p>Kaynak: (BYZHA) Beyaz Haber Ajans\u0131<\/p>\n","protected":false},"excerpt":{"rendered":"<p>1950 y\u0131l\u0131ndan bu yana bilimsel g\u00fcc\u00fc y\u00fcksek ve sorumluluk sahibi yakla\u015f\u0131m\u0131yla faaliyet g\u00f6steren Expanscience Laboratuvarlar\u0131, nisan ay\u0131 itibar\u0131yla eczac\u0131lara \u00f6zel olarak hayata ge\u00e7irdi\u011fi \u201cExpanscience Etki Bulu\u015fmalar\u0131\u201d ile sekt\u00f6r profesyonellerini bir araya getirdi.<\/p>\n","protected":false},"author":1,"featured_media":6308,"comment_status":"open","ping_status":"open","sticky":false,"template":"","format":"standard","meta":{"footnotes":""},"categories":[31],"tags":[],"class_list":["post-6307","post","type-post","status-publish","format-standard","has-post-thumbnail","hentry","category-saglik"],"_links":{"self":[{"href":"https:\/\/ekonomievreni.com\/index.php?rest_route=\/wp\/v2\/posts\/6307","targetHints":{"allow":["GET"]}}],"collection":[{"href":"https:\/\/ekonomievreni.com\/index.php?rest_route=\/wp\/v2\/posts"}],"about":[{"href":"https:\/\/ekonomievreni.com\/index.php?rest_route=\/wp\/v2\/types\/post"}],"author":[{"embeddable":true,"href":"https:\/\/ekonomievreni.com\/index.php?rest_route=\/wp\/v2\/users\/1"}],"replies":[{"embeddable":true,"href":"https:\/\/ekonomievreni.com\/index.php?rest_route=%2Fwp%2Fv2%2Fcomments&post=6307"}],"version-history":[{"count":1,"href":"https:\/\/ekonomievreni.com\/index.php?rest_route=\/wp\/v2\/posts\/6307\/revisions"}],"predecessor-version":[{"id":6309,"href":"https:\/\/ekonomievreni.com\/index.php?rest_route=\/wp\/v2\/posts\/6307\/revisions\/6309"}],"wp:featuredmedia":[{"embeddable":true,"href":"https:\/\/ekonomievreni.com\/index.php?rest_route=\/wp\/v2\/media\/6308"}],"wp:attachment":[{"href":"https:\/\/ekonomievreni.com\/index.php?rest_route=%2Fwp%2Fv2%2Fmedia&parent=6307"}],"wp:term":[{"taxonomy":"category","embeddable":true,"href":"https:\/\/ekonomievreni.com\/index.php?rest_route=%2Fwp%2Fv2%2Fcategories&post=6307"},{"taxonomy":"post_tag","embeddable":true,"href":"https:\/\/ekonomievreni.com\/index.php?rest_route=%2Fwp%2Fv2%2Ftags&post=6307"}],"curies":[{"name":"wp","href":"https:\/\/api.w.org\/{rel}","templated":true}]}}