{"id":6295,"date":"2026-04-30T13:13:17","date_gmt":"2026-04-30T10:13:17","guid":{"rendered":"https:\/\/ekonomievreni.com\/?p=6295"},"modified":"2026-04-30T13:13:18","modified_gmt":"2026-04-30T10:13:18","slug":"karsiyakada-zubeyde-hanim-kosusu-icin-geri-sayim-basladi","status":"publish","type":"post","link":"https:\/\/ekonomievreni.com\/?p=6295","title":{"rendered":"Kar\u015f\u0131yaka\u2019da Z\u00fcbeyde Han\u0131m Ko\u015fusu i\u00e7in geri say\u0131m ba\u015flad\u0131"},"content":{"rendered":"<p> <b>Kar\u015f\u0131yaka Belediyesi taraf\u0131ndan her Anneler G\u00fcn\u00fc\u2019nde geleneksel olarak d\u00fczenlenen Z\u00fcbeyde Han\u0131m Ko\u015fusu, bu y\u0131l 37. kez ger\u00e7ekle\u015ftirilecek. 10 May\u0131s Pazar g\u00fcn\u00fc yap\u0131lacak ko\u015fuya kat\u0131lmak isteyen vatanda\u015flar, 6 May\u0131s \u00c7ar\u015famba g\u00fcn\u00fcne kadar\u00a0www.zubeydehanimkosusu.com\u00a0adresi \u00fczerinden ba\u015fvuru yapabilecek. Belediye Ba\u015fkan\u0131 Y\u0131ld\u0131z \u00dcnsal, \u201cT\u00fcm vatanda\u015flar\u0131m\u0131z\u0131 Z\u00fcbeyde Han\u0131m Ko\u015fumuza bekliyorum\u201d dedi.<\/b><\/p>\n<p>Kar\u015f\u0131yaka Belediyesi\u2019nin Anneler G\u00fcn\u00fc kapsam\u0131nda geleneksel hale getirdi\u011fi Z\u00fcbeyde Han\u0131m Ko\u015fusu, bu y\u0131l 37. kez d\u00fczenlenecek. 10 May\u0131s Pazar g\u00fcn\u00fc ger\u00e7ekle\u015ftirilecek organizasyon i\u00e7in kontenjanlar s\u0131n\u0131rl\u0131 tutulurken, kat\u0131l\u0131mc\u0131lar 6 May\u0131s \u00c7ar\u015famba g\u00fcn\u00fcne kadar\u00a0www.zubeydehanimkosusu.com\u00a0adresi \u00fczerinden kay\u0131tlar\u0131n\u0131 tamamlayabilecek. Kay\u0131t yapt\u0131ran sporcular\u0131n ko\u015fu kitleri, 8-9 May\u0131s tarihlerinde 10.00-20.00 saatleri aras\u0131nda Mavibah\u00e7e Al\u0131\u015fveri\u015f Merkezi\u2019nde kurulan stantlardan da\u011f\u0131t\u0131lacak.<\/p>\n<p><b>ANIT MEZARDA \u00d6D\u00dcL T\u00d6REN\u0130<\/b><\/p>\n<p>Refleks Plus, Veni Vidi G\u00f6z, Mavibah\u00e7e Al\u0131\u015fveri\u015f Merkezi ve Can Hastanesi\u2019nin katk\u0131lar\u0131yla d\u00fczenlenen 37. Z\u00fcbeyde Han\u0131m Ko\u015fusu, 10 May\u0131s Pazar sabah\u0131 saat 09.00\u2019da Anayasa Meydan\u0131\u2019ndan start alacak. Cemal G\u00fcrsel Caddesi (Yal\u0131 Bulvar\u0131), Girne Bulvar\u0131 ve Atat\u00fcrk Bulvar\u0131 g\u00fczerg\u00e2h\u0131n\u0131 takip edecek olan kat\u0131l\u0131mc\u0131lar, yar\u0131\u015f\u0131 Z\u00fcbeyde Han\u0131m An\u0131t Mezar\u0131\u2019nda sonland\u0131racak. Ko\u015fu nedeniyle belirlenen g\u00fczerg\u00e2htaki yollar, saat 08.30-09.50 aras\u0131nda kademeli olarak ara\u00e7 trafi\u011fine kapat\u0131lacak. An\u0131t mezarda d\u00fczenlenecek \u00f6d\u00fcl t\u00f6reniyle birlikte, Atat\u00fcrk\u2019\u00fcn Kar\u015f\u0131yaka\u2019ya emanet etti\u011fi annesi Z\u00fcbeyde Han\u0131m bir kez daha minnetle an\u0131lacak. \u00d6te yandan; biti\u015f \u00e7izgisine evcil hayvan\u0131yla ula\u015fan 5 kat\u0131l\u0131mc\u0131, Reflex Plus taraf\u0131ndan mama ile \u00f6d\u00fcllendirilecek.<\/p>\n<p><b>\u201cBA\u011eLILI\u011eIMIZIN EN \u00d6ZEL S\u0130MGES\u0130\u201d<\/b><\/p>\n<p>Kar\u015f\u0131yaka Belediye Ba\u015fkan\u0131 Y\u0131ld\u0131z \u00dcnsal, \u201cKar\u015f\u0131yaka&#8217;n\u0131n tarihine, k\u00f6klerine ve Cumhuriyet de\u011ferlerine olan sars\u0131lmaz ba\u011fl\u0131l\u0131\u011f\u0131n\u0131n en g\u00fczel simgesi Z\u00fcbeyde Han\u0131m Ko\u015fumuzu bu y\u0131l da b\u00fcy\u00fck bir co\u015fkuyla ger\u00e7ekle\u015ftirece\u011fiz. Anneler G\u00fcn\u00fc\u2019nde, Atam\u0131z\u0131n bizlere en b\u00fcy\u00fck emaneti olan Z\u00fcbeyde Annemizin huzuruna b\u00fcy\u00fck bir gururla ko\u015faca\u011f\u0131z. T\u00fcm vatanda\u015flar\u0131m\u0131z\u0131 ko\u015fumuza ve ard\u0131ndan ger\u00e7ekle\u015ftirece\u011fimiz \u00f6d\u00fcl t\u00f6renine bekliyoruz\u201d diye konu\u015ftu.<\/p>\n<p>\u00a0<\/p>\n<p>Kaynak: (BYZHA) Beyaz Haber Ajans\u0131<\/p>\n","protected":false},"excerpt":{"rendered":"<p>Kar\u015f\u0131yaka Belediyesi taraf\u0131ndan her Anneler G\u00fcn\u00fc\u2019nde geleneksel olarak d\u00fczenlenen Z\u00fcbeyde Han\u0131m Ko\u015fusu, bu y\u0131l 37.<\/p>\n","protected":false},"author":1,"featured_media":6296,"comment_status":"open","ping_status":"open","sticky":false,"template":"","format":"standard","meta":{"footnotes":""},"categories":[33],"tags":[],"class_list":["post-6295","post","type-post","status-publish","format-standard","has-post-thumbnail","hentry","category-spor"],"_links":{"self":[{"href":"https:\/\/ekonomievreni.com\/index.php?rest_route=\/wp\/v2\/posts\/6295","targetHints":{"allow":["GET"]}}],"collection":[{"href":"https:\/\/ekonomievreni.com\/index.php?rest_route=\/wp\/v2\/posts"}],"about":[{"href":"https:\/\/ekonomievreni.com\/index.php?rest_route=\/wp\/v2\/types\/post"}],"author":[{"embeddable":true,"href":"https:\/\/ekonomievreni.com\/index.php?rest_route=\/wp\/v2\/users\/1"}],"replies":[{"embeddable":true,"href":"https:\/\/ekonomievreni.com\/index.php?rest_route=%2Fwp%2Fv2%2Fcomments&post=6295"}],"version-history":[{"count":1,"href":"https:\/\/ekonomievreni.com\/index.php?rest_route=\/wp\/v2\/posts\/6295\/revisions"}],"predecessor-version":[{"id":6297,"href":"https:\/\/ekonomievreni.com\/index.php?rest_route=\/wp\/v2\/posts\/6295\/revisions\/6297"}],"wp:featuredmedia":[{"embeddable":true,"href":"https:\/\/ekonomievreni.com\/index.php?rest_route=\/wp\/v2\/media\/6296"}],"wp:attachment":[{"href":"https:\/\/ekonomievreni.com\/index.php?rest_route=%2Fwp%2Fv2%2Fmedia&parent=6295"}],"wp:term":[{"taxonomy":"category","embeddable":true,"href":"https:\/\/ekonomievreni.com\/index.php?rest_route=%2Fwp%2Fv2%2Fcategories&post=6295"},{"taxonomy":"post_tag","embeddable":true,"href":"https:\/\/ekonomievreni.com\/index.php?rest_route=%2Fwp%2Fv2%2Ftags&post=6295"}],"curies":[{"name":"wp","href":"https:\/\/api.w.org\/{rel}","templated":true}]}}