{"id":6265,"date":"2026-04-30T11:51:28","date_gmt":"2026-04-30T08:51:28","guid":{"rendered":"https:\/\/ekonomievreni.com\/?p=6265"},"modified":"2026-04-30T11:51:29","modified_gmt":"2026-04-30T08:51:29","slug":"bagcilar-belediyesi-ilceyi-spor-sahalariyla-donatiyor","status":"publish","type":"post","link":"https:\/\/ekonomievreni.com\/?p=6265","title":{"rendered":"Ba\u011fc\u0131lar Belediyesi, il\u00e7eyi spor sahalar\u0131yla donat\u0131yor"},"content":{"rendered":"\n<p style=\"margin-bottom:11px\"><span style=\"font-size:11pt\"><span style=\"line-height:107%\"><span style=\"font-family:Calibri,sans-serif\"><strong><span style=\"font-size:12.0pt\"><span style=\"line-height:107%\"><span style=\",sans-serif\">Ba\u011fc\u0131lar Belediyesi, il\u00e7edeki ilkokullar\u0131n bah\u00e7elerinden merkezi noktalara kadar 35 noktay\u0131 futbol, basketbol ve voleybol bran\u015flar\u0131nda hizmet veren mini sahalarla donat\u0131yor. \u00c7ocuklar\u0131n ve gen\u00e7lerin hem fiziksel hem de ruhsal geli\u015fimi ad\u0131na bu \u00f6nemli ad\u0131m\u0131 att\u0131klar\u0131n\u0131 s\u00f6yleyen Ba\u011fc\u0131lar Belediye Ba\u015fkan\u0131 Yasin Y\u0131ld\u0131z, \u201cBu proje sayesinde gelece\u011fimiz olan gen\u00e7lerimiz spor yaparak zararl\u0131 al\u0131\u015fkanl\u0131klardan da uzak duruyor\u201d dedi.<\/span><\/span><\/span><\/strong><\/span><\/span><\/span><\/p>\n<p style=\"margin-bottom:11px\"><span style=\"font-size:11pt\"><span style=\"line-height:107%\"><span style=\"font-family:Calibri,sans-serif\"><strong><span style=\"font-size:12.0pt\"><span style=\"line-height:107%\"><span style=\",sans-serif\">Yat\u0131r\u0131m s\u0131ralamas\u0131nda \u00f6nceli\u011fi e\u011fitime veren Ba\u011fc\u0131lar Belediyesi, yeni bir projeyi daha hayata ge\u00e7irdi. Bu kapsamda il\u00e7enin d\u00f6rt bir yan\u0131nda mini spor sahalar\u0131 olu\u015fturuluyor. Yerel y\u00f6netimlere \u00f6rnek olacak olan proje, h\u0131zl\u0131 bir \u015fekilde ilerliyor.<\/span><\/span><\/span><\/strong><\/span><\/span><\/span><\/p>\n<p style=\"margin-bottom:11px\"><span style=\"font-size:11pt\"><span style=\"line-height:107%\"><span style=\"font-family:Calibri,sans-serif\"><strong><span style=\"font-size:12.0pt\"><span style=\"line-height:107%\"><span style=\",sans-serif\">14 ilkokulun bah\u00e7esine mini futbol ve basketbol sahas\u0131 yap\u0131ld\u0131<\/span><\/span><\/span><\/strong><\/span><\/span><\/span><\/p>\n<p style=\"margin-bottom:11px\"><span style=\"font-size:11pt\"><span style=\"line-height:107%\"><span style=\"font-family:Calibri,sans-serif\"><strong><span style=\"font-size:12.0pt\"><span style=\"line-height:107%\"><span style=\",sans-serif\">Y\u0131lba\u015f\u0131nda ba\u015flayan \u00e7al\u0131\u015fmalar neticesinde il\u00e7ede yer alan 14 ilkokulun bah\u00e7esine mini futbol ve basketbol sahas\u0131 in\u015fa edildi. Sahalar, alt yap\u0131 ve \u00fcst yap\u0131s\u0131 tamamland\u0131ktan sonra hizmete sunuldu. <\/span><\/span><\/span><\/strong><\/span><\/span><\/span><\/p>\n<p style=\"margin-bottom:11px\"><span style=\"font-size:11pt\"><span style=\"line-height:107%\"><span style=\"font-family:Calibri,sans-serif\"><strong><span style=\"font-size:12.0pt\"><span style=\"line-height:107%\"><span style=\",sans-serif\">Zamanlar\u0131n\u0131 en iyi \u015fekilde de\u011ferlendiriyorlar<\/span><\/span><\/span><\/strong><\/span><\/span><\/span><\/p>\n<p style=\"margin-bottom:11px\"><span style=\"font-size:11pt\"><span style=\"line-height:107%\"><span style=\"font-family:Calibri,sans-serif\"><strong><span style=\"font-size:12.0pt\"><span style=\"line-height:107%\"><span style=\",sans-serif\">Bah\u00e7enin bir b\u00f6l\u00fcm\u00fcn\u00fc kaplayan bu yeni alanlarda \u00f6\u011frenciler, spor yanman\u0131n tad\u0131n\u0131 \u00e7\u0131kar\u0131yor. Kimi \u00f6\u011frenciler futbol kimileri de basketbol oynayarak zamanlar\u0131n\u0131 en iyi \u015fekilde de\u011ferlendiriyor. Bu alanlar ayr\u0131ca beden e\u011fitim derslerinde de kullan\u0131labilecek.<\/span><\/span><\/span><\/strong><\/span><\/span><\/span><\/p>\n<p style=\"margin-bottom:11px\"><span style=\"font-size:11pt\"><span style=\"line-height:107%\"><span style=\"font-family:Calibri,sans-serif\"><strong><span style=\"font-size:12.0pt\"><span style=\"line-height:107%\"><span style=\",sans-serif\">21 Mahalle Mini Sahas\u0131 yap\u0131l\u0131yor<\/span><\/span><\/span><\/strong><\/span><\/span><\/span><\/p>\n<p style=\"margin-bottom:11px\"><span style=\"font-size:11pt\"><span style=\"line-height:107%\"><span style=\"font-family:Calibri,sans-serif\"><span style=\"font-size:12.0pt\"><span style=\"line-height:107%\">Ba\u011fc\u0131lar Belediyesi\u2019nin uygulad\u0131\u011f\u0131 di\u011fer proje ise Mahalle Mini Sahalar\u0131. \u0130l\u00e7enin merkezi konumdaki 14 noktas\u0131na yap\u0131lan mini sahalar da hizmete sunuldu. Plan ve teknik incelemeleri tamamlanan 7 noktada da \u00e7al\u0131\u015fmalara start verildi. H\u00fcrriyet, G\u00f6ztepe, \u0130n\u00f6n\u00fc, Kaz\u0131m Karabekir, G\u00fcne\u015fli, Y\u0131ld\u0131ztepe, \u00c7\u0131nar ve Kemalpa\u015fa Mahallelerinde ilk kazma vuruldu. B\u00f6ylece toplam 21 noktadaki tesiste basketbol, futbol ve voleybol bran\u015flar\u0131nda sporseverlere hizmet verilecek. <\/span><\/span><\/span><\/span><\/span><\/p>\n<p style=\"margin-bottom:11px\"><span style=\"font-size:11pt\"><span style=\"line-height:107%\"><span style=\"font-family:Calibri,sans-serif\"><strong><span style=\"font-size:12.0pt\"><span style=\"line-height:107%\"><span style=\",sans-serif\">Fiziksel ve ruhsal geli\u015fimlerine katk\u0131 sunuyor<\/span><\/span><\/span><\/strong><\/span><\/span><\/span><\/p>\n<p style=\"margin-bottom:11px\"><span style=\"font-size:11pt\"><span style=\"line-height:107%\"><span style=\"font-family:Calibri,sans-serif\"><strong><span style=\"font-size:12.0pt\"><span style=\"line-height:107%\"><span style=\",sans-serif\">B\u00f6ylesine g\u00fczel projeleri ger\u00e7ekle\u015ftirmenin mutlulu\u011funu ya\u015fad\u0131klar\u0131n\u0131 s\u00f6yleyen Ba\u011fc\u0131lar Belediye Ba\u015fkan\u0131 Yasin Y\u0131ld\u0131z, \u201cG\u00f6reve geldi\u011fimiz g\u00fcnden itibaren Ba\u011fc\u0131lar\u2019\u0131m\u0131zdaki gen\u00e7lerimizin hem fiziksel hem de ruhsal geli\u015fimi ad\u0131na \u00f6nemli ad\u0131mlar at\u0131yoruz. Bu do\u011frultuda ilkokul bah\u00e7eleri ve mahallelere mini sahalar yap\u0131yoruz. B\u00f6ylece gelece\u011fimiz olan gen\u00e7lerimiz spor yaparak zararl\u0131 al\u0131\u015fkanl\u0131klardan da uzak duruyor. Ayr\u0131ca bu sahalar\u0131n metalik par\u00e7alar\u0131n\u0131 kendi at\u00f6lyelerimizde kendi imkanlar\u0131m\u0131zla \u00fcretiyoruz. \u0130l\u00e7emize hay\u0131rl\u0131 olsun. Bu yat\u0131r\u0131mlar\u0131n il\u00e7emize kazand\u0131r\u0131lmas\u0131ndaki desteklerinden dolay\u0131 <\/span><\/span><\/span><\/strong><span style=\"font-size:12.0pt\"><span style=\"line-height:107%\">Gen\u00e7lik ve Spor Bakan\u0131m\u0131z Say\u0131n Osman A\u015fk\u0131n Bak\u2019a te\u015fekk\u00fcr ediyorum\u201d <strong><span style=\",sans-serif\">dedi.<\/span><\/strong><\/span><\/span><\/span><\/span><\/span><\/p>\n<p style=\"margin-bottom:11px\">\u00a0<\/p>\n<p style=\"margin-bottom:11px\">\u00a0<\/p>\n<p>Kaynak: (BYZHA) Beyaz Haber Ajans\u0131<\/p>\n","protected":false},"excerpt":{"rendered":"<p>Ba\u011fc\u0131lar Belediyesi, il\u00e7edeki ilkokullar\u0131n bah\u00e7elerinden merkezi noktalara kadar 35 noktay\u0131 futbol, basketbol ve voleybol bran\u015flar\u0131nda hizmet veren mini sahalarla donat\u0131yor.<\/p>\n","protected":false},"author":1,"featured_media":6266,"comment_status":"open","ping_status":"open","sticky":false,"template":"","format":"standard","meta":{"footnotes":""},"categories":[33],"tags":[],"class_list":["post-6265","post","type-post","status-publish","format-standard","has-post-thumbnail","hentry","category-spor"],"_links":{"self":[{"href":"https:\/\/ekonomievreni.com\/index.php?rest_route=\/wp\/v2\/posts\/6265","targetHints":{"allow":["GET"]}}],"collection":[{"href":"https:\/\/ekonomievreni.com\/index.php?rest_route=\/wp\/v2\/posts"}],"about":[{"href":"https:\/\/ekonomievreni.com\/index.php?rest_route=\/wp\/v2\/types\/post"}],"author":[{"embeddable":true,"href":"https:\/\/ekonomievreni.com\/index.php?rest_route=\/wp\/v2\/users\/1"}],"replies":[{"embeddable":true,"href":"https:\/\/ekonomievreni.com\/index.php?rest_route=%2Fwp%2Fv2%2Fcomments&post=6265"}],"version-history":[{"count":1,"href":"https:\/\/ekonomievreni.com\/index.php?rest_route=\/wp\/v2\/posts\/6265\/revisions"}],"predecessor-version":[{"id":6267,"href":"https:\/\/ekonomievreni.com\/index.php?rest_route=\/wp\/v2\/posts\/6265\/revisions\/6267"}],"wp:featuredmedia":[{"embeddable":true,"href":"https:\/\/ekonomievreni.com\/index.php?rest_route=\/wp\/v2\/media\/6266"}],"wp:attachment":[{"href":"https:\/\/ekonomievreni.com\/index.php?rest_route=%2Fwp%2Fv2%2Fmedia&parent=6265"}],"wp:term":[{"taxonomy":"category","embeddable":true,"href":"https:\/\/ekonomievreni.com\/index.php?rest_route=%2Fwp%2Fv2%2Fcategories&post=6265"},{"taxonomy":"post_tag","embeddable":true,"href":"https:\/\/ekonomievreni.com\/index.php?rest_route=%2Fwp%2Fv2%2Ftags&post=6265"}],"curies":[{"name":"wp","href":"https:\/\/api.w.org\/{rel}","templated":true}]}}