{"id":6184,"date":"2026-04-29T11:20:42","date_gmt":"2026-04-29T08:20:42","guid":{"rendered":"https:\/\/ekonomievreni.com\/?p=6184"},"modified":"2026-04-29T11:20:44","modified_gmt":"2026-04-29T08:20:44","slug":"tti-izmir-20-yila-hazirlaniyor","status":"publish","type":"post","link":"https:\/\/ekonomievreni.com\/?p=6184","title":{"rendered":"TTI \u0130zmir, 20. Y\u0131la Haz\u0131rlan\u0131yor"},"content":{"rendered":"<p> \u0130zmir B\u00fcy\u00fck\u015fehir Belediyesi ev sahipli\u011finde, \u0130ZFA\u015e ve T\u00dcRSAB i\u015f birli\u011finde d\u00fczenlenen TTI \u0130zmir &#8211; Uluslararas\u0131 Turizm Ticaret Fuar ve Kongresi, 2-4 Aral\u0131k tarihlerinde Fuar \u0130zmir\u2019de 20\u2019nci kez kap\u0131lar\u0131n\u0131 a\u00e7acak. Fuar\u0131n \u00f6ncesi \u0130ZFA\u015e ve T\u00dcRSAB taraf\u0131ndan d\u00fczenlenen programda konu\u015fan \u0130zmir B\u00fcy\u00fck\u015fehir Belediyesi Ba\u015fkan Vekili Dr. Zafer Levent Y\u0131ld\u0131r, \u201c\u0130zmir\u2019in g\u00fcc\u00fc birlikte \u00fcreten, payla\u015fan ve gelece\u011fe inanan insanlar\u0131nda. Bu kent hepimizin ve inan\u0131yoruz ki \u0130zmir\u2019in turizmdeki g\u00fcc\u00fcn\u00fc birlikte b\u00fcy\u00fctmeye devam edece\u011fiz\u201d dedi.\u00a0<br \/>\u00a0<br \/>Fuar \u0130zmir, turizm sekt\u00f6r\u00fcn\u00fc 2-4 Aral\u0131k tarihlerinde 20\u2019nci TTI \u0130zmir &#8211; Uluslararas\u0131 Turizm Ticaret Fuar ve Kongresi\u2019nde bulu\u015fturacak. Fuar kapsam\u0131nda, \u0130zmir B\u00fcy\u00fck\u015fehir Belediyesi Ba\u015fkan Vekili Dr. Zafer Levent Y\u0131ld\u0131r, T\u00dcRSAB \u0130zmir B\u00f6lge Temsil Kurulu Ba\u015fkan\u0131 Hakk\u0131 Karadeveci, T\u00dcRSAB Y\u00f6neticileri K\u0131van\u00e7 Meri\u00e7 ve \u015eebnem Urganc\u0131o\u011flu, \u0130ZFA\u015e Genel M\u00fcd\u00fcr\u00fc Tu\u011f\u00e7e Cumal\u0131o\u011flu, \u0130zmir B\u00fcy\u00fck\u015fehir Belediye Meclisi Turizm ve Fuarc\u0131l\u0131k Komisyonu Ba\u015fkan\u0131 Seyhan M\u00fc\u015ferref Kural\u0131, fuar payda\u015flar\u0131 ve sekt\u00f6r temsilcilerinin kat\u0131l\u0131m\u0131yla Tarihi Havagaz\u0131 Fabrikas\u0131 K\u00fclt\u00fcr Merkezi\u2019nde \u0130zmirli acenteler bulu\u015fmas\u0131 ger\u00e7ekle\u015ftirildi. Tan\u0131t\u0131m program\u0131nda konu\u015fan \u0130zmir B\u00fcy\u00fck\u015fehir Belediyesi Ba\u015fkan Vekili Dr. Zafer Levent Y\u0131ld\u0131r, \u201c\u0130zmir\u2019in turizmdeki konumunu g\u00fc\u00e7lendirmek ve bunu somut i\u015f birliklerine d\u00f6n\u00fc\u015ft\u00fcrmek ortak hedefimiz. Kurulan bu g\u00fc\u00e7l\u00fc i\u015f birli\u011fi, fuar\u0131m\u0131z\u0131n geli\u015fmesinde ve uluslararas\u0131 \u00f6l\u00e7ekte daha g\u00f6r\u00fcn\u00fcr hale gelmesinde \u00e7ok \u00f6nemli bir rol \u00fcstleniyor. Bu sene acentelerin kat\u0131l\u0131m\u0131 ve deste\u011fi ile birlikte g\u00fc\u00e7l\u00fc bir \u00e7al\u0131\u015fmayla \u00e7ok daha iyi bir fuarda bir araya gelece\u011fimize inan\u0131yorum. \u0130zmir\u2019in g\u00fcc\u00fc, birlikte \u00fcreten, payla\u015fan ve gelece\u011fe inanan insanlar\u0131nda. Bu kent hepimizin ve inan\u0131yoruz ki \u0130zmir\u2019in turizmdeki g\u00fcc\u00fcn\u00fc birlikte b\u00fcy\u00fctmeye devam edece\u011fiz\u201d diye konu\u015ftu.\u00a0<\/p>\n<p><strong>\u201cMarkala\u015fma, kamu-\u00f6zel sekt\u00f6r i\u015f birli\u011fi ve ortak akl\u0131n olu\u015fturulmas\u0131\u201d<\/strong><br \/>Dr. Zafer Levent Y\u0131ld\u0131r, \u201cUluslararas\u0131 \u00e7ok ciddi belirsizliklerin oldu\u011fu bir d\u00f6nemde ya\u015f\u0131yoruz. Yapt\u0131\u011f\u0131n\u0131z i\u015f ne kadar de\u011ferliyse bir o kadar da bu belirsizli\u011fe \u00e7ok duyarl\u0131. Yapt\u0131\u011f\u0131n\u0131z, \u00e7ok emek isteyen ince bir i\u015f. Bu y\u00fczden ayr\u0131ca takdir etmek isterim. Bu s\u00fcreci b\u00fct\u00fcn payda\u015flarla daha g\u00fc\u00e7l\u00fc bir yap\u0131 kurmak i\u00e7in de de\u011ferlendirmek m\u00fcmk\u00fcn. Bunun i\u00e7in gerekli olanlar markala\u015fma, kamu-\u00f6zel sekt\u00f6r i\u015f birli\u011fi ve ortak akl\u0131n olu\u015fturulmas\u0131 diye d\u00fc\u015f\u00fcn\u00fcyorum. Kriz d\u00f6nemlerinde acenteler, talebi y\u00f6nlendiren ve yeniden \u015fekillendiren kritik akt\u00f6r rol\u00fcn\u00fc oynuyor. Seyahat acenteleri, ayn\u0131 zamanda olumsuz seyri tersine \u00e7eviren ve canland\u0131rmay\u0131 sa\u011flayabilen ekonomik akt\u00f6rler. Bu nedenle sekt\u00f6r\u00fcn yeniden ivme kazanmas\u0131nda sizlerin katk\u0131s\u0131 her zamankinden daha fazla olacak. Fuar\u0131n, bu y\u0131l 20\u2019nci kez yap\u0131lmas\u0131, ciddi bir sorumluluktur. Sizler bu sorumlulu\u011fa sahip insanlars\u0131n\u0131z. Yapt\u0131\u011f\u0131n\u0131z i\u015fin hassasiyetini g\u00f6z \u00f6n\u00fcne tutarsak bizim size her zamankinden daha fazla destek olmam\u0131z gerekti\u011fini anl\u0131yoruz. Bu s\u00fcre\u00e7te fuar\u0131n payda\u015f\u0131 olan T\u00dcRSAB ve T\u00dcRSAB Ege B\u00f6lge Temsil Kurulu en b\u00fcy\u00fck destek\u00e7imiz\u201d ifadelerini kulland\u0131.\u00a0<\/p>\n<p><strong>\u201cBirbirimize sahip \u00e7\u0131karsak \u00e7ok daha g\u00fc\u00e7l\u00fc oluruz\u201d<\/strong><br \/>T\u00dcRSAB \u0130zmir B\u00f6lge Temsil Kurulu Ba\u015fkan\u0131 Hakk\u0131 Karadeveci ise \u201cFuar\u0131n 20\u2019nci y\u0131l\u0131na yakla\u015f\u0131rken \u015funu \u00e7ok net s\u00f6yleyebiliriz; bu fuar sadece bir organizasyon de\u011fil, bizim eme\u011fimizin, birikimimizin ve birlikte \u00fcretme g\u00fcc\u00fcm\u00fcz\u00fcn bir yans\u0131mas\u0131. \u0130zmir her zaman turizmin \u00f6nemli merkezlerinden biri oldu, ama bu g\u00fcc\u00fc ger\u00e7ekten hissettiren sizlersiniz. Sahada olan, misafirle birebir temas eden, bu sekt\u00f6r\u00fc omuzlayan acentelerimiz, en \u00f6zenli \u015fekilde konuk eden otelcilerimiz&#8230; Bazen en b\u00fcy\u00fck g\u00fc\u00e7 ayn\u0131 masada oturabilmekten ge\u00e7iyor. \u00d6n\u00fcm\u00fczde yeni bir d\u00f6nem ve de\u011fi\u015fen bir turizm d\u00fcnyas\u0131 var ama \u015funa inan\u0131yorum; birlikte olursak, birbirimize sahip \u00e7\u0131karsak sadece ayakta kalmay\u0131z, \u00e7ok daha g\u00fc\u00e7l\u00fc oluruz\u201d a\u00e7\u0131klamas\u0131nda bulundu.\u00a0<\/p>\n<p><strong>\u201c20 y\u0131ll\u0131k bir \u00f6zveri, 20 y\u0131ll\u0131k bir gayret\u201d<\/strong><br \/>\u0130ZFA\u015e Genel M\u00fcd\u00fcr\u00fc Tu\u011f\u00e7e Cumal\u0131o\u011flu da \u015funlar\u0131 s\u00f6yledi: \u201cBu sene fuar\u0131m\u0131z\u0131n 20\u2019nci y\u0131l\u0131n\u0131 kutlayaca\u011f\u0131z. Bu bizler i\u00e7in \u00e7ok k\u0131ymetli. \u00c7\u00fcnk\u00fc 20 y\u0131ll\u0131k bir emek, 20 y\u0131ll\u0131k bir \u00f6zveri, 20 y\u0131ll\u0131k bir gayret s\u00f6z konusu. Sadece \u0130zmir turizmi i\u00e7in de\u011fil hem T\u00fcrkiye\u2019nin uluslararas\u0131 turizm arenas\u0131ndaki g\u00f6r\u00fcn\u00fcrl\u00fc\u011f\u00fc ve bilinirli\u011fi i\u00e7in hem de bu eme\u011fi ve bu fuar\u0131 daha da b\u00fcy\u00fctmek i\u00e7in sekt\u00f6r\u00fcn de\u011ferli temsilcilerinin destekleri bizler i\u00e7in k\u0131ymetli. Bu sene fuar\u0131n uluslararas\u0131 ve dijital tarafta g\u00fc\u00e7lenmesi i\u00e7in elimizden gelen gayreti ortaya koymaya devam edece\u011fiz. Bir \u00f6nceki seneye g\u00f6re ge\u00e7en y\u0131l\u0131 \u00e7ok daha ba\u015far\u0131l\u0131 verilerle tamamlad\u0131k. Burada \u00f6nemli olan sadece say\u0131lar de\u011fil. Fuarlar art\u0131k b\u00fct\u00fcn d\u00fcnyada ayn\u0131 zamanda bir deneyim alan\u0131 olarak alg\u0131lan\u0131yor. O y\u00fczden bu bulu\u015fmalar \u00e7ok k\u0131ymetli. Biz 20\u2019nci y\u0131lda sizlere ayn\u0131 emek ve \u00f6zveri ile ge\u00e7en her y\u0131ldan daha iyi hizmet \u00fcretmeye, ticaret hacmi yaratacak ziyaret\u00e7ileri \u0130zmir\u2019e ta\u015f\u0131maya devam edece\u011fiz. \u0130zmir de TTI \u0130zmir de hepimizin. Biz sekt\u00f6r\u00fcn de\u011ferli temsilcilerinin bu fuar\u0131m\u0131zda bizimle birlikte gayretini ortaya koyaca\u011f\u0131na eminiz.\u201d<\/p>\n<p><strong>Lansmanda indirim s\u00fcrprizi a\u00e7\u0131kland\u0131<\/strong><br \/>\u0130ZFA\u015e Fuarlar Koordinat\u00f6r\u00fc Elif Ak\u015fahin ise fuara ili\u015fkin sunum yapt\u0131. \u0130ZFA\u015e ve T\u00dcRSAB olarak K\u00fclt\u00fcr ve Turizm Bakanl\u0131\u011f\u0131, \u0130zmir K\u00fclt\u00fcr ve Turizm M\u00fcd\u00fcrl\u00fc\u011f\u00fc, \u0130zmir B\u00fcy\u00fck\u015fehir Belediyesi ve \u0130zmir Ticaret Odas\u0131\u2019n\u0131n destekleri, T\u00dcRSAB \u0130zmir B\u00f6lge Temsil Kurulu, Ege Turistik \u0130\u015fletmeciler ve Konaklamalar Birli\u011fi, \u0130zmir Turist Rehberleri Odas\u0131, SKAL \u0130zmir Kul\u00fcb\u00fc ve t\u00fcm sekt\u00f6r payda\u015flar\u0131yla 20\u2019nci y\u0131la haz\u0131rland\u0131klar\u0131n\u0131 kaydeden Ak\u015fahin, lansmanda bir s\u00fcrpriz de payla\u015ft\u0131. Buna g\u00f6re, sekt\u00f6r payda\u015flar\u0131n\u0131 ekonomik olarak desteklemek ve en y\u00fcksek kat\u0131l\u0131ma ula\u015fmak i\u00e7in 31 A\u011fustos\u2019a kadar \u00f6demesini tamamlayan kat\u0131l\u0131mc\u0131lar, ge\u00e7en senenin metrekare fiyatlar\u0131 ile fuarda yer alma \u015fans\u0131 yakalayacak. Ayr\u0131ca, \u0130zmir Ticaret Odas\u0131 \u00fcyesi firmalar\u0131n yararland\u0131\u011f\u0131 yurt i\u00e7i fuar kat\u0131l\u0131m te\u015fvikleri \u0130zmirli kat\u0131l\u0131mc\u0131lara \u00f6nemli \u00f6l\u00e7\u00fcde maddi destek sa\u011flayacak. Te\u015fvik kapsam\u0131nda te\u015fvike esas metrekare bedeli, KDV hari\u00e7 azami 2 bin 500 TL\/metrekare olarak uygulanacak. Kademeli destek oranlar\u0131 ise 1-80 metrekare aras\u0131 kat\u0131l\u0131mlarda y\u00fczde 50, 81-200 metrekare aras\u0131 kat\u0131l\u0131mlarda y\u00fczde 60 olacak.\u00a0<\/p>\n<p><strong>Her y\u0131l daha da b\u00fcy\u00fcyor<\/strong><br \/>\u0130zmir Uluslararas\u0131 Turizm Ticaret Fuar ve Kongresi, 2025 y\u0131l\u0131nda kat\u0131l\u0131mc\u0131 say\u0131s\u0131nda y\u00fczde 39 art\u0131\u015f g\u00f6sterdi. Yabanc\u0131 kat\u0131l\u0131mc\u0131 say\u0131s\u0131nda ise 2,5 kat art\u0131\u015f ya\u015fand\u0131. Yerli ve yabanc\u0131 ziyaret\u00e7i say\u0131s\u0131nda y\u00fczde 20\u2019nin \u00fczerinde art\u0131\u015f oldu. Acente\/tur operat\u00f6rleri, havayolu, konaklama, destek hizmetleri, teknoloji ve DMC kat\u0131l\u0131mc\u0131 say\u0131s\u0131, bir \u00f6nceki y\u0131la g\u00f6re y\u00fczde 50\u2019nin \u00fczerinde artt\u0131. Bu art\u0131\u015f, net kat\u0131l\u0131mc\u0131 metraj\u0131na 2 bin 83 metrekare net b\u00fcy\u00fcme sa\u011flad\u0131. 64 \u00fclkeden 12 bin 527 profesyonel ziyaret\u00e7i ve 381 kat\u0131l\u0131mc\u0131 \u0130zmir\u2019de bulu\u015ftu. Bu y\u0131l \u0130zmir\u2019e direkt u\u00e7u\u015fu bulunan destinasyonlar ba\u015fta olmak \u00fczere Avrupa, Balkanlar, T\u00fcrki Cumhuriyetler ve Latin Amerika b\u00f6lgelerine odaklan\u0131l\u0131yor.\u00a0<\/p>\n<p>\u00a0<\/p>\n<p>\u00a0<\/p>\n<p>Kaynak: (BYZHA) Beyaz Haber Ajans\u0131<\/p>\n","protected":false},"excerpt":{"rendered":"<p>\u0130zmir B\u00fcy\u00fck\u015fehir Belediyesi ev sahipli\u011finde, \u0130ZFA\u015e ve T\u00dcRSAB i\u015f birli\u011finde d\u00fczenlenen TTI \u0130zmir &#8211; Uluslararas\u0131 Turizm Ticaret Fuar ve Kongresi, 2-4 Aral\u0131k tarihlerinde Fuar \u0130zmir\u2019de 20\u2019nci kez kap\u0131lar\u0131n\u0131 a\u00e7acak.<\/p>\n","protected":false},"author":1,"featured_media":6185,"comment_status":"open","ping_status":"open","sticky":false,"template":"","format":"standard","meta":{"footnotes":""},"categories":[30],"tags":[],"class_list":["post-6184","post","type-post","status-publish","format-standard","has-post-thumbnail","hentry","category-ekonomi"],"_links":{"self":[{"href":"https:\/\/ekonomievreni.com\/index.php?rest_route=\/wp\/v2\/posts\/6184","targetHints":{"allow":["GET"]}}],"collection":[{"href":"https:\/\/ekonomievreni.com\/index.php?rest_route=\/wp\/v2\/posts"}],"about":[{"href":"https:\/\/ekonomievreni.com\/index.php?rest_route=\/wp\/v2\/types\/post"}],"author":[{"embeddable":true,"href":"https:\/\/ekonomievreni.com\/index.php?rest_route=\/wp\/v2\/users\/1"}],"replies":[{"embeddable":true,"href":"https:\/\/ekonomievreni.com\/index.php?rest_route=%2Fwp%2Fv2%2Fcomments&post=6184"}],"version-history":[{"count":1,"href":"https:\/\/ekonomievreni.com\/index.php?rest_route=\/wp\/v2\/posts\/6184\/revisions"}],"predecessor-version":[{"id":6186,"href":"https:\/\/ekonomievreni.com\/index.php?rest_route=\/wp\/v2\/posts\/6184\/revisions\/6186"}],"wp:featuredmedia":[{"embeddable":true,"href":"https:\/\/ekonomievreni.com\/index.php?rest_route=\/wp\/v2\/media\/6185"}],"wp:attachment":[{"href":"https:\/\/ekonomievreni.com\/index.php?rest_route=%2Fwp%2Fv2%2Fmedia&parent=6184"}],"wp:term":[{"taxonomy":"category","embeddable":true,"href":"https:\/\/ekonomievreni.com\/index.php?rest_route=%2Fwp%2Fv2%2Fcategories&post=6184"},{"taxonomy":"post_tag","embeddable":true,"href":"https:\/\/ekonomievreni.com\/index.php?rest_route=%2Fwp%2Fv2%2Ftags&post=6184"}],"curies":[{"name":"wp","href":"https:\/\/api.w.org\/{rel}","templated":true}]}}