{"id":6163,"date":"2026-04-29T10:41:28","date_gmt":"2026-04-29T07:41:28","guid":{"rendered":"https:\/\/ekonomievreni.com\/?p=6163"},"modified":"2026-04-29T10:41:29","modified_gmt":"2026-04-29T07:41:29","slug":"ege-deri-ve-deri-mamulleri-ihracatcilari-birliginde-halil-gundogdu-donemi","status":"publish","type":"post","link":"https:\/\/ekonomievreni.com\/?p=6163","title":{"rendered":"Ege Deri ve Deri Mamulleri \u0130hracat\u00e7\u0131lar\u0131 Birli\u011finde Halil G\u00fcndo\u011fdu D\u00f6nemi"},"content":{"rendered":"<p> Ege Deri ve Deri Mamulleri \u0130hracat\u00e7\u0131lar\u0131 Birli\u011fi Ba\u015fkanl\u0131\u011f\u0131na Halil G\u00fcndo\u011fdu se\u00e7ildi. G\u00fcndo\u011fdu, Ba\u015fkanl\u0131k g\u00f6revini \u00f6nceki Ba\u015fkan Erkan Zandar\u2019dan devrald\u0131.<\/p>\n<p>Ege Deri ve Deri Mamulleri \u0130hracat\u00e7\u0131lar\u0131 Birli\u011fi Genel Kurulu, 2025 y\u0131l\u0131nda birli\u011fin ihracat\u0131n\u0131n y\u00fczde 62\u2019sine imza atan 31 firman\u0131n \u00f6d\u00fcllendirildi\u011fi \u201c\u0130hracat\u0131n Y\u0131ld\u0131zlar\u0131 \u00d6d\u00fcl T\u00f6reni\u201dne de ev sahipli\u011fi yapt\u0131.<\/p>\n<p><strong>Deri sekt\u00f6r\u00fc 3 y\u0131ld\u0131r ihracat kayb\u0131 ya\u015f\u0131yor<\/strong><\/p>\n<p>Genel kurulda s\u00f6z alan Erkan Zandar, T\u00fcrkiye\u2019deki dezenflasyon politikas\u0131ndan en olumsuz etkilenen sekt\u00f6rlerin ba\u015f\u0131nda deri ve deri mamulleri sekt\u00f6r\u00fcn\u00fcn geldi\u011fini vurgulad\u0131.<\/p>\n<p>Tar\u0131m sekt\u00f6rlerinde d\u00fc\u015f\u00fck kur, y\u00fcksek faiz sarmal\u0131n\u0131n son 1 y\u0131ld\u0131r hissedildi\u011finin alt\u0131n\u0131 \u00e7izen Zandar, \u201cDeri sekt\u00f6r\u00fc olarak biz 3 y\u0131ld\u0131r ihracatta kan kaybediyoruz. Pek \u00e7ok sekt\u00f6r bizim 3 y\u0131ld\u0131r ya\u015fad\u0131klar\u0131m\u0131z\u0131 yeni ya\u015famaya ba\u015flad\u0131. 2026 y\u0131l\u0131nda deri sekt\u00f6r\u00fc ayakta kalabilir mi bilemiyorum. T\u00fcrkiye\u2019de sistem bizim d\u0131\u015f\u0131m\u0131zda ilerliyor, uyum sa\u011flayamad\u0131\u011f\u0131m\u0131z takdirde emekli olaca\u011f\u0131z. Asl\u0131nda bu s\u00fcreci ba\u015fka \u00fclkelerde de g\u00f6rd\u00fck. Deri sekt\u00f6r\u00fc \u00f6nce \u0130ngiltere\u2019de g\u00fc\u00e7lendi sonras\u0131nda G\u00fcney Avrupa \u00fclkelerine y\u00f6nelmek durumunda kald\u0131. Rusya bizden al\u0131m\u0131 kesince bizim i\u00e7in k\u00f6t\u00fc g\u00fcnlerin ba\u015flang\u0131c\u0131 oldu. Ben bu y\u0131lki kadar negatif oldu\u011fum bir y\u0131l hat\u0131rlam\u0131yorum. Biz param\u0131z yetti\u011fi kadar ayakta kalmak i\u00e7in sava\u015faca\u011f\u0131z. 2026 y\u0131l\u0131 deri sekt\u00f6r\u00fcn\u00fcn silkelendi\u011fi bir y\u0131l olacak\u201d dedi.<\/p>\n<p><strong>Deri sekt\u00f6r\u00fc k\u00f6kl\u00fc ge\u00e7mi\u015fiyle gelece\u011fine y\u00f6n verecek<\/strong><\/p>\n<p>Genel kurul sonras\u0131nda gazetecilerin sorular\u0131n\u0131 cevaplayan Ege Deri ve Deri Mamulleri \u0130hracat\u00e7\u0131lar\u0131 Birli\u011fi Ba\u015fkan\u0131 Halil G\u00fcndo\u011fdu, T\u00fcrkiye\u2019nin deri sekt\u00f6r\u00fcnde k\u00f6kl\u00fc bir ge\u00e7mi\u015fe sahip oldu\u011funu, k\u00f6t\u00fc g\u00fcnlerin geride kalmas\u0131 i\u00e7in \u00e7aba g\u00f6stereceklerini ifade etti.<\/p>\n<p>Deri sekt\u00f6r\u00fc olarak fuarlardan ziyade sekt\u00f6rel ticaret heyetlerinden daha fazla verim ald\u0131klar\u0131n\u0131 dillendiren G\u00fcndo\u011fdu; \u201c\u0130talya Riva Del Garda\u2019da 2019 y\u0131l\u0131ndan bu yana d\u00fczenledi\u011fimiz Expo Riva Schuh &amp; Garda Bags Fuar\u0131\u2019na T\u00fcrkiye Milli Kat\u0131l\u0131m Organizasyonlar\u0131 yapmay\u0131 s\u00fcrd\u00fcrece\u011fiz. 2027 y\u0131l\u0131ndan itibaren Milano Mipel Saraciye Fuar\u0131na daha da g\u00fc\u00e7l\u00fc bir kat\u0131l\u0131m g\u00f6sterece\u011fiz. Avrupa Birli\u011fi bizim en g\u00fc\u00e7l\u00fc pazar\u0131m\u0131z. AB pazar\u0131ndaki konumumuzu korurken hedef pazarlara y\u00f6nelik Sekt\u00f6rel Ticaret Heyetleri ile yeni ihracat rotalar\u0131 olu\u015fturaca\u011f\u0131z. Afrika, Amerika ve Kuzey Avrupa hedef pazarlar\u0131m\u0131z olacak.\u00a02026-2027\u00a0d\u00f6nemi i\u00e7in Yunanistan, Kanada, Afrika \u00fclkeleri ve politik kriz a\u015f\u0131ld\u0131\u011f\u0131nda K\u00f6rfez \u00fclkelerine y\u00f6nelik sekt\u00f6rel ticaret heyetleri d\u00fczenleyece\u011fiz\u201d ifadelerini kulland\u0131.<\/p>\n<p>Ege Deri ve Deri Mamulleri \u0130hracat\u00e7\u0131lar\u0131 Birli\u011fi\u2019nin 2026 y\u0131l\u0131 b\u00fct\u00e7esi ve i\u015f program\u0131 genel kurulda kabul edildikten sonra se\u00e7imlere ge\u00e7ildi. Genel Kurulda tek aday olarak giren Halil G\u00fcndo\u011fdu 48 oyla Y\u00f6netim Kurulu Ba\u015fkanl\u0131\u011f\u0131na se\u00e7ildi.<\/p>\n<p>Y\u00f6netim Kurulu\u2019na; \u201cAsorti Ayakkab\u0131 Paz. San. ve Tic. Ltd. \u015eti, Lepi Ayakkab\u0131 San. Tic. Ltd. \u015eti., Lider Deri \u00dcr\u00fcnleri San. Tic. A.\u015e., Narinbebe Ayakkab\u0131 ve Tekstil San. Tic. Ltd. \u015eti., Nevzat Onay Ayakkab\u0131 ve Deri Mam. San. ve Tic. Ltd. \u015eti., On-Ar Ayakkab\u0131 Kal\u0131p San. ve Tic. Ltd. \u015eti., Riwalli Ayakkab\u0131 Deri Tekstil San. Tic. Ltd. \u015eti., Sepiciler \u00c7ayba\u015f\u0131 Deri San. Tic. A.\u015e., Seray Ayakkab\u0131 ve Terlik San. Tic. Ltd. \u015eti. ve Zandar D\u0131\u015f Ticaret Ltd. \u015eti.\u201d firmalar\u0131 se\u00e7ildi.<\/p>\n<p>Denetim Kurulu; \u201cDGC Deri \u0130th. \u0130hr. San. ve Tic., R\u0131fat \u00dc\u00e7el \u00dc\u00e7el Ayakkab\u0131 D\u0131\u015f Tic. Paz. Teks. San. ve Tic. Ltd. \u015eti. ve \u00dclk\u00fccan Ayak. ve Ayak. Malz. San. ve Tic. Ltd. \u015eti.\u201d firmalar\u0131ndan olu\u015ftu.<\/p>\n<p><strong>Halil G\u00fcndo\u011fdu kimdir?<\/strong><\/p>\n<p>Ege Deri ve Deri Mamulleri \u0130hracat\u00e7\u0131lar\u0131 Birli\u011fi Y\u00f6netim Kurulu Ba\u015fkanl\u0131\u011f\u0131na se\u00e7ilen Halil G\u00fcndo\u011fdu, 2001 y\u0131l\u0131nda New York\u2019ta Uluslararas\u0131 Ticaret E\u011fitimini bitirdikten sonra deri ve deri mamulleri sekt\u00f6r\u00fcnde k\u00f6kl\u00fc bir ge\u00e7mi\u015fe sahip olan G\u00fcndo\u011fdular Deri Saraciye \u0130malat \u0130thalat \u0130hracat Sanayi ve Ticaret Ltd. \u015eti. firmas\u0131nda i\u015f hayat\u0131na at\u0131ld\u0131.<\/p>\n<p>G\u00fcndo\u011fdular Deri Saraciye \u0130malat \u0130thalat \u0130hracat Sanayi ve Ticaret Ltd. \u015eti. firmas\u0131nda ihracat, sekt\u00f6r temsilcili\u011fi ve y\u00f6netim alanlar\u0131nda aktif rol alan Halil G\u00fcndo\u011fdu, sekt\u00f6rel bilgi birikimiyle deri ve deri mamulleri sekt\u00f6r\u00fcn\u00fc ulusal ve uluslararas\u0131 platformlarda etkin \u015fekilde temsil ediyor. \u0130\u015f birlikleri geli\u015ftirme, ihracat odakl\u0131 stratejiler olu\u015fturma ve karar alma s\u00fcre\u00e7lerinde aktif g\u00f6rev al\u0131yor.<\/p>\n<p>Ege Deri ve Deri Mamulleri \u0130hracat\u00e7\u0131lar\u0131 Birli\u011fi Y\u00f6netim Kuruluna 2018 y\u0131l\u0131nda giren Halil G\u00fcndo\u011fdu, son 4 y\u0131ld\u0131r Ba\u015fkan Yard\u0131mc\u0131l\u0131\u011f\u0131 g\u00f6revini s\u00fcrd\u00fcr\u00fcyordu. \u0130zmir Ticaret Odas\u0131 (\u0130ZTO)\u2019nda Komite Ba\u015fkan\u0131 &amp; Meclis \u00dcyesi olarak sekt\u00f6re hizmet eden G\u00fcndo\u011fdu, T\u00fcrkiye \u0130hracat\u00e7\u0131lar Meclisi (T\u0130M) Sekt\u00f6r Kurulu \u00dcyesi olarak g\u00f6rev yap\u0131yor. \u0130ngilizce bilen Halil G\u00fcndo\u011fdu evli ve 3 \u00e7ocuk babas\u0131.<\/p>\n<p><strong>\u0130hracat\u0131n Y\u0131ld\u0131zlar\u0131 \u00d6d\u00fcllendirildi<\/strong><\/p>\n<p>Ege Deri ve Deri Mamulleri \u0130hracat\u00e7\u0131lar\u0131 Birli\u011fi Genel Kurul Toplant\u0131s\u0131 sonras\u0131nda, 2025 y\u0131l\u0131nda Ege B\u00f6lgesi\u2019ndeki deri ve deri mamulleri ihracat\u0131n\u0131n y\u00fczde 62\u2019sine imza atan 31 firma i\u00e7in \u201c\u0130hracat\u0131n Y\u0131ld\u0131zlar\u0131 \u00d6d\u00fcl T\u00f6reni\u201d d\u00fczenlendi.<\/p>\n<p>Ege Deri ve Deri Mamulleri \u0130hracat\u00e7\u0131lar\u0131 Birli\u011fi \u00fcyeleri aras\u0131nda birincilik \u00f6d\u00fcl\u00fcn\u00fc Lider Deri \u00dcr\u00fcnleri San. Tic. A.\u015e. kazan\u0131rken, ikincilik Marc Chantal Deri Mamulleri\u2019nin oldu. Narinbebe Ayakkab\u0131 ve Tekstil San. Tic. Ltd. \u015eti. firmas\u0131 ise \u00fc\u00e7\u00fcnc\u00fcl\u00fck mutlulu\u011fu ya\u015fad\u0131.<\/p>\n<p>ALTIN KATEGOR\u0130<\/p>\n<p>AGAMODA DER\u0130 KONF. SAN. T\u0130C. A.\u015e.<\/p>\n<p>ESKATEK DER\u0130 B\u0130L\u0130\u015e\u0130M TEKN. VE \u0130LET\u0130\u015e\u0130M SAN.T\u0130C. LTD.\u015eT\u0130.<\/p>\n<p>POLLYBOOT \u0130\u015e G\u00dcVENL\u0130\u011e\u0130 DI\u015e T\u0130C. A.\u015e.<\/p>\n<p>G\u00dcM\u00dc\u015e KATEGOR\u0130<\/p>\n<p>ARTKIY OTO. \u0130N\u015e. AKARYAKIT SAN.T\u0130C. LTD.\u015eT\u0130.<\/p>\n<p>GLORIA DER\u0130 DI\u015e T\u0130C. A.\u015e.<\/p>\n<p>G\u00dcNDO\u011eDULAR DER\u0130 SARAC\u0130YE AKS. KONF. TEKS. \u0130MALAT \u0130THALAT \u0130HRACAT SAN. T\u0130C. LTD.\u015eT\u0130.<\/p>\n<p>HAKEM AYAKKABI VE MALZ.SAN.T\u0130C. LTD.\u015eT\u0130.<\/p>\n<p>ON-AR AYAKKABI KALIP SAN.T\u0130C. LTD.STI.<\/p>\n<p>BRONZ KATEGOR\u0130<\/p>\n<p>ADNAN AYAKKABI \u00c7ANTA VE DER\u0130 MAM. SAN.T\u0130C. LTD.\u015eT\u0130.<\/p>\n<p>ASORT\u0130 AYAKKABI PAZ. SAN. VE T\u0130C. LTD. \u015eT\u0130.<\/p>\n<p>DERK\u0130MPA DER\u0130 SAN. DI\u015e T\u0130C. A.\u015e.<\/p>\n<p>FAT\u0130H \u00dcST\u00dcNDA\u011e DI\u015e T\u0130C.<\/p>\n<p>GEN\u00c7LER DER\u0130 MAM\u00dcLLER\u0130 AYAKKABI SAN.T\u0130C. A.\u015e.<\/p>\n<p>G\u00dcNDER AYAKKABI TEKS. \u0130N\u015e. VE \u0130N\u015e. MALZ. SAN.T\u0130C. LTD.\u015eT\u0130.<\/p>\n<p>H\u00dcSEY\u0130N D\u00dcNDAR D\u00dcNDAR AYAKKABI<\/p>\n<p>LEP\u0130 AYAKKABISAN.T\u0130C. LTD.\u015eT\u0130.<\/p>\n<p>LEVOSSA AYAKKABI \u0130MALAT SAN. \u00a0 VE T\u0130C. LTD.\u015eT\u0130.<\/p>\n<p>MURAT G\u00dcLER G\u00dcLER KUNDURA<\/p>\n<p>MUSTAFA KO\u00c7 AYAKKABI TEKS.SAN.T\u0130C. LTD.\u015eT\u0130.<\/p>\n<p>NEVZAT ONAY AYAKKABI VE DER\u0130 MAM. SAN. VE T\u0130C. LTD. \u015eT\u0130.<\/p>\n<p>PENTA AYAKKABI DER\u0130SAN.T\u0130C. A.\u015e.<\/p>\n<p>R\u0130WALL\u0130 AYAKKABI DER\u0130 TEKS. SAN.T\u0130C. LTD.\u015eT\u0130.<\/p>\n<p>SE\u00c7K\u0130N COMFORT AYAKKABI OTO. SAN.T\u0130C. LTD.\u015eT\u0130.<\/p>\n<p>SEP\u0130C\u0130LER \u00c7AYBA\u015eI DER\u0130SAN.T\u0130C. A.\u015e.<\/p>\n<p>SERAY AYAKKABI VE TERL\u0130K SAN.T\u0130C. LTD.\u015eT\u0130.<\/p>\n<p>ULUTA\u015e DER\u0130 MAM. \u0130MALAT PAZ.SAN.T\u0130C. LTD.\u015eT\u0130.<\/p>\n<p>YANKI DI\u015e T\u0130C. AYAKKABI \u0130N\u015e. SAN. A.\u015e.<\/p>\n<p>ZANDAR DI\u015e T\u0130C. LTD.\u015eT\u0130.<\/p>\n<p>\u00a0<\/p>\n<p>\u00a0<\/p>\n<p>Kaynak: (BYZHA) Beyaz Haber Ajans\u0131<\/p>\n","protected":false},"excerpt":{"rendered":"<p>Ege Deri ve Deri Mamulleri \u0130hracat\u00e7\u0131lar\u0131 Birli\u011fi Ba\u015fkanl\u0131\u011f\u0131na Halil G\u00fcndo\u011fdu se\u00e7ildi.<\/p>\n","protected":false},"author":1,"featured_media":6164,"comment_status":"open","ping_status":"open","sticky":false,"template":"","format":"standard","meta":{"footnotes":""},"categories":[30],"tags":[],"class_list":["post-6163","post","type-post","status-publish","format-standard","has-post-thumbnail","hentry","category-ekonomi"],"_links":{"self":[{"href":"https:\/\/ekonomievreni.com\/index.php?rest_route=\/wp\/v2\/posts\/6163","targetHints":{"allow":["GET"]}}],"collection":[{"href":"https:\/\/ekonomievreni.com\/index.php?rest_route=\/wp\/v2\/posts"}],"about":[{"href":"https:\/\/ekonomievreni.com\/index.php?rest_route=\/wp\/v2\/types\/post"}],"author":[{"embeddable":true,"href":"https:\/\/ekonomievreni.com\/index.php?rest_route=\/wp\/v2\/users\/1"}],"replies":[{"embeddable":true,"href":"https:\/\/ekonomievreni.com\/index.php?rest_route=%2Fwp%2Fv2%2Fcomments&post=6163"}],"version-history":[{"count":1,"href":"https:\/\/ekonomievreni.com\/index.php?rest_route=\/wp\/v2\/posts\/6163\/revisions"}],"predecessor-version":[{"id":6165,"href":"https:\/\/ekonomievreni.com\/index.php?rest_route=\/wp\/v2\/posts\/6163\/revisions\/6165"}],"wp:featuredmedia":[{"embeddable":true,"href":"https:\/\/ekonomievreni.com\/index.php?rest_route=\/wp\/v2\/media\/6164"}],"wp:attachment":[{"href":"https:\/\/ekonomievreni.com\/index.php?rest_route=%2Fwp%2Fv2%2Fmedia&parent=6163"}],"wp:term":[{"taxonomy":"category","embeddable":true,"href":"https:\/\/ekonomievreni.com\/index.php?rest_route=%2Fwp%2Fv2%2Fcategories&post=6163"},{"taxonomy":"post_tag","embeddable":true,"href":"https:\/\/ekonomievreni.com\/index.php?rest_route=%2Fwp%2Fv2%2Ftags&post=6163"}],"curies":[{"name":"wp","href":"https:\/\/api.w.org\/{rel}","templated":true}]}}