{"id":6151,"date":"2026-04-28T19:31:03","date_gmt":"2026-04-28T16:31:03","guid":{"rendered":"https:\/\/ekonomievreni.com\/?p=6151"},"modified":"2026-04-28T19:31:04","modified_gmt":"2026-04-28T16:31:04","slug":"61-cumhurbaskanligi-turkiye-bisiklet-turunda-3-etap-tamamlandi","status":"publish","type":"post","link":"https:\/\/ekonomievreni.com\/?p=6151","title":{"rendered":"61. Cumhurba\u015fkanl\u0131\u011f\u0131 T\u00fcrkiye Bisiklet Turu&#8217;nda 3. Etap Tamamland\u0131"},"content":{"rendered":"<p> 61.Cumhurba\u015fkanl\u0131\u011f\u0131 T\u00fcrkiye Bisiklet Turu&#8217;nun 132.7 kilometrelik Marmaris -K\u0131ran t\u0131rman\u0131\u015f etab\u0131n\u0131 Equipo Khern Pharma Tak\u0131m\u0131ndan Ivan Ramiro Sosa 3 saat 40 dakika 25 saniye ile kazand\u0131. \u0130lk iki etap sonras\u0131 b\u00fcy\u00fck bir m\u00fccadele i\u00e7inde ge\u00e7meye namzet yar\u0131\u015fa 156 sporcu imza vererek ba\u015flad\u0131. Etaba Novo Nordisk Tak\u0131m\u0131&#8217;dan Umberto Poli kat\u0131lamad\u0131. Mu\u011fla Vali Yard\u0131mc\u0131s\u0131 Halil Serdar Cevhero\u011flu, Mu\u011fla Gen\u00e7lik Spor \u0130l M\u00fcd\u00fcr\u00fc Musa Kaz\u0131m Akba\u015f, Bisiklet Federasyonu Ba\u015fkan\u0131 Emin M\u00fcft\u00fco\u011flu, Federasyon Asba\u015fkan\u0131 Metin Cengiz, Federasyon Asba\u015fkan\u0131 Yusuf Alperen Ayar, Y\u00f6netim Kurulu \u00dcyesi Sami A\u011fao\u011flu, Genel Sekreter Mehmet Serdar F\u0131rat damal\u0131 bayra\u011f\u0131n sallanmas\u0131 s\u0131ras\u0131nda haz\u0131r bulundular.<\/p>\n<p><strong>YARI\u015e \u00d6NCES\u0130 GENEL KLASMAN DURUMU<\/strong><\/p>\n<p>\u0130lk iki etap sonras\u0131 Team Flanders-Baloise sporcusu Tom Crabbe&#8217;nin 6 saat 59 dakika 09 saniye ile birincili\u011fini korudu\u011fu pozisyonda iki T\u00fcrk bisiklet\u00e7isinin de \u00f6nemli konumlarda oldu\u011fu g\u00f6zlendi. Spor Toto Tak\u0131m\u0131&#8217;ndan Ahmet \u00d6rken ve Konya B\u00fcy\u00fck\u015fehir Belediyespor&#8217;dan Burak Abay, Crabbe&#8217;nin sadece 20 saniye gerisinde oldu\u011fu g\u00f6zlendi. Y\u0131llar\u0131n eskitemedi\u011fi \u00d6rken ve Abay&#8217;\u0131n t\u0131rman\u0131\u015f etaplar\u0131nda g\u00f6sterece\u011fi performans onlar\u0131n kalan etaplardaki durumunu netle\u015ftirecek. D\u00fcn fini\u015f s\u0131ras\u0131nda kaza ge\u00e7iren Konya B\u00fcy\u00fck\u015fehir Belediyespor sporcusu Ramazan Y\u0131lmaz bug\u00fcnk\u00fc etapta start alan bisiklet\u00e7iler aras\u0131ndayd\u0131.<\/p>\n<p><strong>PELOTON TOPLU G\u0130D\u0130YOR<\/strong><\/p>\n<p>11.Kilometre geride kal\u0131rken s\u0131cak ve r\u00fczg\u00e2rs\u0131z havada yava\u015f tempoda ve ka\u00e7\u0131\u015f grubu olu\u015fmadan ge\u00e7ildi. Peloton 11&#8217;inci kilometreyi toplu kat etti. 15&#8217;inci kilometreye kadar ba\u015far\u0131s\u0131z ka\u00e7\u0131\u015f denemeleri g\u00f6zlendi ancak hi\u00e7bir sporcu aray\u0131 a\u00e7amad\u0131. 23&#8217;\u00fcnc\u00fc kilometreye yakla\u015f\u0131l\u0131rken yine 3 bisiklet\u00e7inin ka\u00e7\u0131\u015f denemesine tan\u0131k olundu. Bu sporcular da peloton taraf\u0131ndan yakaland\u0131.<\/p>\n<p><strong>TARAK\u00c7I B\u0130R\u0130NC\u0130 GE\u00c7T\u0130<\/strong><\/p>\n<p>25&#8217;inci kilometrede etab\u0131n T\u00fcrkiye G\u00fczellikleri prim kap\u0131s\u0131 ge\u00e7ildi. Sonu\u00e7lar \u015f\u00f6yle:<\/p>\n<p>1-Mustafa Tarak\u00e7\u0131 (Konya B\u00fcy\u00fck\u015fehir Belediyespor)<\/p>\n<p>2-Michal Pomorski (ATT)<\/p>\n<p>3- Bu\u011fra Yi\u011fit (Spor -Toto)<\/p>\n<p>G\u00f6r\u00fcld\u00fc\u011f\u00fc \u00fczere iki T\u00fcrk sporcusu ka\u00e7\u0131\u015f grubunu olu\u015fturup prim kap\u0131s\u0131ndan 1. ve 3.olarak ge\u00e7ti. Bu da ge\u00e7mi\u015f y\u0131llarda pek fazla g\u00f6rmedi\u011fimiz g\u00fczel foto\u011fraflardan biriydi.<\/p>\n<p><strong>ZAMAN FARKI 2 DAK\u0130KANIN \u00dcST\u00dcNDE<\/strong><\/p>\n<p>38&#8217;inci kilometre geride kal\u0131rken \u00f6nde 3 bisiklet\u00e7inin pedal basmas\u0131yla peloton ile zaman fark\u0131n\u0131n 1 dakika 25 saniyeye \u00e7\u0131kt\u0131\u011f\u0131 anonsland\u0131. Yar\u0131\u015fta ilk 1 saat sonunda ortalama h\u0131z 44 kilometre olarak \u00f6l\u00e7\u00fcld\u00fc. 48.kilometrede son zaman fark\u0131 2 dakika 5 saniye olarak verildi. Spor-Toto&#8217;dan Mustafa Tekin, Alpecin&#8217;den Jonas Rickaert ve Mu\u011fla B\u00fcy\u00fck\u015fehir Belediyespor&#8217;dan Rudolf Remkhi pelotonun \u00f6n\u00fcnde devam etti. Bu arada bir kazaya kar\u0131\u015fan Team Picnic PostNL Tak\u0131m\u0131&#8217;ndan Huertas Martinez tekrar yar\u0131\u015fa devam etti.<\/p>\n<p><strong>REMKHI TEK BA\u015eINA PEDAL BASIYOR<\/strong><\/p>\n<p>T\u0131rman\u0131\u015f ba\u015flad\u0131\u011f\u0131na \u00f6ndeki 3 sporcudan biri olan Mu\u011fla B\u00fcy\u00fck\u015fehir Belediyespor bisiklet\u00e7isi Rudolf Remkhi 3 dakikaya varan bir zaman fark\u0131yla \u00f6ne ge\u00e7ti. Rudolf Remkhi, Mustafa Tekin ve Rickaert ise geride kal\u0131p pelotona yakalanmamak i\u00e7in pedal bast\u0131. Remkhi&#8217;nin temposuna dayanamayan Rickaert sonunda pelotona yakaland\u0131.<\/p>\n<p><strong>ETABIN \u0130LK TIRMANI\u015e PR\u0130M\u0130<\/strong><\/p>\n<p>Etab\u0131n 61.4 kilometresinde 1. kategoriden puan veren t\u0131rman\u0131\u015f prim kap\u0131s\u0131 ge\u00e7ildi. Sonu\u00e7lar \u015f\u00f6yle:<\/p>\n<ol start=\"1\" type=\"1\">\n<li>Rudolf Remkh\u0131 (Mu\u011fla B\u00fcy\u00fck\u015fehir Belediyespor)\u00a0<\/li>\n<li>Mustafa Tarak\u00e7\u0131 (Konya B\u00fcy\u00fck\u015fehir Belediyespor)<\/li>\n<li>Jonas Rickaert (Alpecin)<\/li>\n<li>Matteo Scalco (Astana)<\/li>\n<li>Javi Ibanez (Caja Rural)<\/li>\n<\/ol>\n<p>Fini\u015fe 50 kilometre kala Caja Rural Tak\u0131m\u0131 pelotonun \u00f6n\u00fcnde tempoyu belirlemeye \u00e7al\u0131\u015ft\u0131. Remkhi 3 dakikal\u0131k yaratt\u0131\u011f\u0131 fark\u0131n ard\u0131nda temposunu yava\u015f yava\u015f d\u00fc\u015f\u00fcrd\u00fc ve zaman fark\u0131 1 dakikaya kadar indi.<\/p>\n<p><strong>SPR\u0130NT PR\u0130M\u0130 SONU\u00c7LARI<\/strong><\/p>\n<p>Etab\u0131n son prim kap\u0131s\u0131 92.5 kilometre ge\u00e7ildi. Sonu\u00e7lar \u015f\u00f6yle:<\/p>\n<p>1-Rudolf Remhki (Mu\u011fla B\u00fcy\u00fck\u015fehir Belediyespor)\u00a0<\/p>\n<p>2- Jason Tesson (Total Energies)<\/p>\n<p>3- Stefano Oldani (Caja Rural)<\/p>\n<p>Prim kap\u0131s\u0131 ge\u00e7ildikten sonra Rodolf Remhki&#8217;nin de ka\u00e7\u0131\u015f s\u00fcresi doldu ve pelotona yakaland\u0131.<\/p>\n<p><strong>F\u0130N\u0130\u015eE 9 K\u0130LOMETRE KALA ETABIN KADER\u0130 BELL\u0130 OLDU<\/strong><\/p>\n<p>10&#8217;uncu kilometreye gelinceye kadar peloton toplu gelmeye \u00e7al\u0131\u015ft\u0131. Ancak 9&#8217;uncu kilometre ge\u00e7ilirken y\u00fczde dokuz e\u011fimli esas t\u0131rman\u0131\u015f ba\u015flad\u0131. Yani her bir kilometrede irtifa 9 metre y\u00fckseliyor anlam\u0131na geliyordu. Fini\u015fe 4.5 kilometre kala Equipo Kern Pharma Tak\u0131m\u0131&#8217;ndan Ramiro Ivan Sosa m\u00fcthi\u015f bir atak yap\u0131p ve gittik\u00e7e artan bir tempo ile fini\u015f \u00e7izgine kadar tek ba\u015f\u0131na pedal bast\u0131. Kolombiyal\u0131 sporcu muazzam bir fini\u015fle etab\u0131 ald\u0131 ve ad\u0131n\u0131 Genel Ferdi Klasman birincili\u011fine yazd\u0131r\u0131p Marmaris-Fethiye etab\u0131nda Turkuaz Mayoyu giymeye hak kazand\u0131.<\/p>\n<p><strong>MAYOLAR SAH\u0130PLER\u0130N\u0130 BULDU<\/strong><\/p>\n<p>TGA \u2013 GoT\u00fcrkiye Sponsorlu\u011fundaki Beyaz Mayo Michael Pomorski\u2019ye Mu\u011fla Gen\u00e7lik ve Spor \u0130l M\u00fcd\u00fcr\u00fc Musa Kaz\u0131m A\u00e7\u0131kba\u015f taraf\u0131ndan takdim edildi.<\/p>\n<p>T\u00fcrk Telekom Sponsorlu\u011fundaki Turkuaz Mayo Ivan Ramiro Sosa\u2019ya T\u00fcrkiye Bisiklet Federasyonu Ba\u015fkan\u0131 Emin M\u00fcft\u00fco\u011flu taraf\u0131ndan takdim edildi.<\/p>\n<p>Spor Toto Sponsorlu\u011fundaki Ye\u015fil Mayo Tom Crabbe\u2019ye Spor Toto Te\u015fkilat Ba\u015fkan Yard\u0131mc\u0131s\u0131 Metin Ayvazo\u011flu taraf\u0131ndan takdim edildi.<\/p>\n<p>T\u00fcrk Hava Yollar\u0131 Sponsorlu\u011fundaki K\u0131rm\u0131z\u0131 Mayo Ivan Ramiro Sosa\u2019ya T\u00fcrkiye Bisiklet Federasyonu Y\u00f6netim Kurulu \u00dcyesi Sami A\u011fao\u011flu taraf\u0131ndan takdim edildi.<\/p>\n<p>Mayolar\u0131n teslimi s\u0131ras\u0131nda protokolden Mu\u011fla Vali Yard\u0131mc\u0131s\u0131 Murat Kahraman, Mente\u015fe Kaymakam\u0131 Mehmet Eri\u015f, Mente\u015fe Belediye Ba\u015fkan\u0131 Gonca K\u00f6ksal, Spor Toto Te\u015fkilat Ba\u015fkan Yard\u0131mc\u0131s\u0131 Metin Ayvazo\u011flu, T\u00fcrkiye Bisiklet Federasyonu Ba\u015fkan\u0131 Emin M\u00fcft\u00fco\u011flu, T\u00fcrkiye Bisiklet Federasyonu Asba\u015fkan\u0131 Yusuf Alperen Ayar, T\u00fcrkiye Bisiklet Federasyonu Asba\u015fkan\u0131 Metin Cengiz, Mu\u011fla Gen\u00e7lik ve Spor \u0130l M\u00fcd\u00fcr\u00fc Musa Kaz\u0131m A\u00e7\u0131kba\u015f, T\u00fcrkiye Bisiklet Federasyonu Genel Sekreteri Mehmet Sedat F\u0131rat, T\u00fcrkiye Bisiklet Federasyonu Y\u00f6netim Kurulu \u00dcyesi Sami A\u011fao\u011flu ve T\u00fcrkiye Bisiklet Federasyonu Y\u00f6netim Kurulu \u00dcyesi Onur \u015eahin haz\u0131r bulundu.<\/p>\n<p><strong>YARIN MARMAR\u0130S-FETH\u0130YE ETABI KO\u015eULACAK<\/strong><\/p>\n<p>61. Cumhurba\u015fkanl\u0131\u011f\u0131 T\u00fcrkiye Bisiklet Turu&#8217;nun d\u00f6rd\u00fcnc\u00fc etab\u0131 yar\u0131n Marmaris-Fethiye aras\u0131nda katedilecek. 130.4 kilometrelik etapta Turkuaz Mayoyu Equipo Khern Pharma tak\u0131m\u0131ndan Ramiro Ivan Sosa ta\u015f\u0131yacak.<\/p>\n<p>\u00a0<\/p>\n<p>\u00a0<\/p>\n<p>Kaynak: (BYZHA) Beyaz Haber Ajans\u0131<\/p>\n","protected":false},"excerpt":{"rendered":"<p>61.<\/p>\n","protected":false},"author":1,"featured_media":6152,"comment_status":"open","ping_status":"open","sticky":false,"template":"","format":"standard","meta":{"footnotes":""},"categories":[33],"tags":[],"class_list":["post-6151","post","type-post","status-publish","format-standard","has-post-thumbnail","hentry","category-spor"],"_links":{"self":[{"href":"https:\/\/ekonomievreni.com\/index.php?rest_route=\/wp\/v2\/posts\/6151","targetHints":{"allow":["GET"]}}],"collection":[{"href":"https:\/\/ekonomievreni.com\/index.php?rest_route=\/wp\/v2\/posts"}],"about":[{"href":"https:\/\/ekonomievreni.com\/index.php?rest_route=\/wp\/v2\/types\/post"}],"author":[{"embeddable":true,"href":"https:\/\/ekonomievreni.com\/index.php?rest_route=\/wp\/v2\/users\/1"}],"replies":[{"embeddable":true,"href":"https:\/\/ekonomievreni.com\/index.php?rest_route=%2Fwp%2Fv2%2Fcomments&post=6151"}],"version-history":[{"count":1,"href":"https:\/\/ekonomievreni.com\/index.php?rest_route=\/wp\/v2\/posts\/6151\/revisions"}],"predecessor-version":[{"id":6153,"href":"https:\/\/ekonomievreni.com\/index.php?rest_route=\/wp\/v2\/posts\/6151\/revisions\/6153"}],"wp:featuredmedia":[{"embeddable":true,"href":"https:\/\/ekonomievreni.com\/index.php?rest_route=\/wp\/v2\/media\/6152"}],"wp:attachment":[{"href":"https:\/\/ekonomievreni.com\/index.php?rest_route=%2Fwp%2Fv2%2Fmedia&parent=6151"}],"wp:term":[{"taxonomy":"category","embeddable":true,"href":"https:\/\/ekonomievreni.com\/index.php?rest_route=%2Fwp%2Fv2%2Fcategories&post=6151"},{"taxonomy":"post_tag","embeddable":true,"href":"https:\/\/ekonomievreni.com\/index.php?rest_route=%2Fwp%2Fv2%2Ftags&post=6151"}],"curies":[{"name":"wp","href":"https:\/\/api.w.org\/{rel}","templated":true}]}}