{"id":6139,"date":"2026-04-28T19:00:24","date_gmt":"2026-04-28T16:00:24","guid":{"rendered":"https:\/\/ekonomievreni.com\/?p=6139"},"modified":"2026-04-28T19:00:26","modified_gmt":"2026-04-28T16:00:26","slug":"buyuksehirli-havva-senadan-avrupada-bir-madalya-daha","status":"publish","type":"post","link":"https:\/\/ekonomievreni.com\/?p=6139","title":{"rendered":"B\u00fcy\u00fck\u015fehirli Havva Sena\u2019dan Avrupa\u2019da Bir Madalya Daha"},"content":{"rendered":"\n<p data-asw-org-font-size=\"14\"><strong>Konya B\u00fcy\u00fck\u015fehir Belediyesporlu sporcular, uluslararas\u0131 arenada T\u00fcrkiye\u2019yi ve Konya\u2019y\u0131 ba\u015far\u0131yla temsil etmeye devam ediyor. Konya B\u00fcy\u00fck\u015fehir Belediyespor Judo Tak\u0131m\u0131 sporcular\u0131ndan Havva Sena Tokmak, Almanya\u2019n\u0131n ba\u015fkenti Berlin\u2019de d\u00fczenlenen Avrupa Judo Birli\u011fi faaliyet program\u0131nda yer alan \u00dcmitler Avrupa Kupas\u0131\u2019nda 40 kiloda bronz madalyan\u0131n sahibi oldu. Konya B\u00fcy\u00fck\u015fehir Belediye Ba\u015fkan\u0131 U\u011fur \u0130brahim Altay, gen\u00e7 sporcuyu ve antren\u00f6rlerini ba\u015far\u0131lar\u0131 dolay\u0131s\u0131yla tebrik etti.<\/strong><\/p>\n<hr \/>\n<p data-asw-org-font-size=\"14\">Konya B\u00fcy\u00fck\u015fehir Belediyesporlu sporcular uluslararas\u0131 arenada ba\u015far\u0131l\u0131 \u015fekilde m\u00fccadele ediyor.<\/p>\n<p data-asw-org-font-size=\"14\">Konya B\u00fcy\u00fck\u015fehir Belediyesporlu Hava Sena Tokmak, Almanya\u2019n\u0131n ba\u015fkenti Berlin\u2019de d\u00fczenlenen Avrupa Judo Birli\u011fi (EJU) faaliyet program\u0131nda yer alan \u00dcmitler Avrupa Kupas\u0131\u2019nda madalyalar\u0131na bir yenisini daha ekledi.<\/p>\n<p data-asw-org-font-size=\"14\">Kad\u0131nlar 40 kiloda T\u00fcrkiye\u2019yi ve Konya\u2019y\u0131 temsil eden Hava Sena, zorlu m\u00fccadeleler sonucunda bronz madalya kazand\u0131.<\/p>\n<p data-asw-org-font-size=\"14\">Konya B\u00fcy\u00fck\u015fehir Belediye Ba\u015fkan\u0131 U\u011fur \u0130brahim Altay, Konyal\u0131 sporcular\u0131n ulusal ve uluslararas\u0131 m\u00fcsabakalarda elde etti\u011fi ba\u015far\u0131lar\u0131n kendilerini gururland\u0131rd\u0131\u011f\u0131n\u0131 ifade ederek, \u201cB\u00fcy\u00fck\u015fehir Belediyespor\u2019umuzun ba\u015far\u0131l\u0131 sporcusu Hava Sena Tokmak\u2019\u0131 elde etti\u011fi dereceden dolay\u0131 i\u00e7tenlikle kutluyorum. Disiplini, azmi ve \u00e7al\u0131\u015fkanl\u0131\u011f\u0131yla \u00f6nemli bir ba\u015far\u0131ya imza atan sporcumuzu ve eme\u011fi ge\u00e7en antren\u00f6rlerimizi tebrik ediyorum\u201d dedi.<\/p>\n<p data-asw-org-font-size=\"14\"><strong>BRONZ MADALYA S\u00dcREC\u0130<\/strong><\/p>\n<p data-asw-org-font-size=\"14\">B\u00fcy\u00fck\u015fehirli ba\u015far\u0131l\u0131 sporcu, son 16 turunda Fransa\u2019dan Assia Moussati\u2019yi ma\u011flup ederek \u00e7eyrek finale y\u00fckseldi.<\/p>\n<p data-asw-org-font-size=\"14\">\u00c7eyrek final etab\u0131n\u0131n ard\u0131ndan repesaj hatt\u0131nda m\u00fccadelesini s\u00fcrd\u00fcren sporcumuz, Hollandal\u0131 Serra Pham ve \u0130spanyol Candela Costa Cabana\u2019y\u0131 ma\u011flup ederek bronz madalya ma\u00e7\u0131na \u00e7\u0131kt\u0131.\u00a0<\/p>\n<p data-asw-org-font-size=\"14\">Bronz madalya m\u00fccadelesinde ise bir di\u011fer T\u00fcrk sporcu El\u00e7in Karakazan\u2019\u0131 yenerek Avrupa Kupas\u0131\u2019n\u0131 3. s\u0131rada tamamlad\u0131 ve bronz madalyan\u0131n sahibi oldu.<\/p>\n<p data-asw-org-font-size=\"14\"><strong>BA\u015eARILI SPORCU 2 AYDA 3 MADALYA ELDE ETT\u0130<\/strong><\/p>\n<p data-asw-org-font-size=\"14\">Ba\u015far\u0131l\u0131 sporcu, Berlin\u2019de elde etti\u011fi bu dereceyle ay-y\u0131ld\u0131zl\u0131 formayla son 2 ay i\u00e7erisinde 3. madalyas\u0131n\u0131 kazanm\u0131\u015f oldu.<\/p>\n<p data-asw-org-font-size=\"14\">Havva Sena, Mart ay\u0131nda \u00c7ekya\u2019n\u0131n Teplice \u015fehri ile Antalya\u2019da d\u00fczenlenen \u00dcmitler Avrupa Judo Kupalar\u0131\u2019nda da \u00fc\u00e7\u00fcnc\u00fc olarak iki bronz madalya elde etmi\u015fti.<\/p>\n<p data-asw-org-font-size=\"14\">\u00a0<\/p>\n<p>Kaynak: (BYZHA) Beyaz Haber Ajans\u0131<\/p>\n","protected":false},"excerpt":{"rendered":"<p>Konya B\u00fcy\u00fck\u015fehir Belediyesporlu sporcular, uluslararas\u0131 arenada T\u00fcrkiye\u2019yi ve Konya\u2019y\u0131 ba\u015far\u0131yla temsil etmeye devam ediyor.<\/p>\n","protected":false},"author":1,"featured_media":6140,"comment_status":"open","ping_status":"open","sticky":false,"template":"","format":"standard","meta":{"footnotes":""},"categories":[33],"tags":[],"class_list":["post-6139","post","type-post","status-publish","format-standard","has-post-thumbnail","hentry","category-spor"],"_links":{"self":[{"href":"https:\/\/ekonomievreni.com\/index.php?rest_route=\/wp\/v2\/posts\/6139","targetHints":{"allow":["GET"]}}],"collection":[{"href":"https:\/\/ekonomievreni.com\/index.php?rest_route=\/wp\/v2\/posts"}],"about":[{"href":"https:\/\/ekonomievreni.com\/index.php?rest_route=\/wp\/v2\/types\/post"}],"author":[{"embeddable":true,"href":"https:\/\/ekonomievreni.com\/index.php?rest_route=\/wp\/v2\/users\/1"}],"replies":[{"embeddable":true,"href":"https:\/\/ekonomievreni.com\/index.php?rest_route=%2Fwp%2Fv2%2Fcomments&post=6139"}],"version-history":[{"count":1,"href":"https:\/\/ekonomievreni.com\/index.php?rest_route=\/wp\/v2\/posts\/6139\/revisions"}],"predecessor-version":[{"id":6141,"href":"https:\/\/ekonomievreni.com\/index.php?rest_route=\/wp\/v2\/posts\/6139\/revisions\/6141"}],"wp:featuredmedia":[{"embeddable":true,"href":"https:\/\/ekonomievreni.com\/index.php?rest_route=\/wp\/v2\/media\/6140"}],"wp:attachment":[{"href":"https:\/\/ekonomievreni.com\/index.php?rest_route=%2Fwp%2Fv2%2Fmedia&parent=6139"}],"wp:term":[{"taxonomy":"category","embeddable":true,"href":"https:\/\/ekonomievreni.com\/index.php?rest_route=%2Fwp%2Fv2%2Fcategories&post=6139"},{"taxonomy":"post_tag","embeddable":true,"href":"https:\/\/ekonomievreni.com\/index.php?rest_route=%2Fwp%2Fv2%2Ftags&post=6139"}],"curies":[{"name":"wp","href":"https:\/\/api.w.org\/{rel}","templated":true}]}}