{"id":6121,"date":"2026-04-28T14:12:49","date_gmt":"2026-04-28T11:12:49","guid":{"rendered":"https:\/\/ekonomievreni.com\/?p=6121"},"modified":"2026-04-28T14:12:50","modified_gmt":"2026-04-28T11:12:50","slug":"teknolojinin-kalbi-selcukluda-atmaya-devam-ediyor","status":"publish","type":"post","link":"https:\/\/ekonomievreni.com\/?p=6121","title":{"rendered":"Teknolojinin Kalbi Sel\u00e7uklu\u2019da Atmaya Devam Ediyor"},"content":{"rendered":"<p> Teknolojinin kalbi 12-17 May\u0131s tarihlerinde d\u00fczenlenecek TEKNOSEL 2026 Teknoloji Festivali ile Sel\u00e7uklu\u2019da atacak. Sel\u00e7uklu Belediyesi, Sel\u00e7uklu \u0130l\u00e7e Milli E\u011fitim M\u00fcd\u00fcrl\u00fc\u011f\u00fc, KOP B\u00f6lge Kalk\u0131nma \u0130daresi Ba\u015fkanl\u0131\u011f\u0131 ve \u0130nnoPark payda\u015fl\u0131\u011f\u0131nda d\u00fczenlenecek festival bu y\u0131l 3. kez ger\u00e7ekle\u015ftirilecek. T\u00fcrkiye Y\u00fczy\u0131l\u0131 vizyonu do\u011frultusunda Milli Teknoloji Hamlesi\u2019ne katk\u0131 sunan, yerli ve milli teknolojilerin geli\u015ftirilmesine zemin haz\u0131rlayan, gelece\u011fin m\u00fchendislerini, giri\u015fimcilerini ve teknoloji liderlerini yeti\u015ftirmeyi ama\u00e7layan yar\u0131\u015fma kapsam\u0131nda kurumlar aras\u0131 i\u015fbirli\u011fi protokol\u00fc imzaland\u0131.<\/p>\n<p>Sel\u00e7uklu Belediyesi Enc\u00fcmen Salonu\u2019nda ger\u00e7ekle\u015fen protokol imza t\u00f6renine Sel\u00e7uklu Belediye Ba\u015fkan\u0131 Ahmet Pekyat\u0131rmac\u0131, Sel\u00e7uklu \u0130l\u00e7e Milli E\u011fitim M\u00fcd\u00fcr\u00fc Sami Sa\u011fd\u0131\u00e7, KOP B\u00f6lge Kalk\u0131nma \u0130daresi Ba\u015fkan\u0131 Murat Karakoyunlu ve \u0130nnoPark Genel M\u00fcd\u00fcr\u00fc Ali Kahraman kat\u0131ld\u0131.<\/p>\n<p><b>Ba\u015fkan Pekyat\u0131rmac\u0131: \u201cTEKNOSEL yar\u0131\u015fmalar\u0131n \u00f6tesine ge\u00e7erek festivale d\u00f6n\u00fc\u015ft\u00fc\u201d<\/b><\/p>\n<p>Gen\u00e7lerin hayalleri, emekleri ve gelecekleri i\u00e7in \u00e7ok de\u011ferli bir protokole imza att\u0131klar\u0131n\u0131 ifade eden Sel\u00e7uklu Belediye Ba\u015fkan\u0131 Ahmet Pekyat\u0131rmac\u0131, \u201cGen\u00e7lerimize imkan verdi\u011fimiz zaman, onlara alan a\u00e7t\u0131\u011f\u0131m\u0131zda, ortaya \u00e7\u0131kartt\u0131klar\u0131 potansiyel sadece bug\u00fcn\u00fc de\u011fil, asl\u0131nda gelece\u011fimizi, yar\u0131nlar\u0131m\u0131z\u0131 \u015fekillendiriyor. Bu anlay\u0131\u015fla ba\u015flatt\u0131\u011f\u0131m\u0131z TEKNOSEL Teknoloji Festivalimiz, Sel\u00e7uklu Belediyemiz, KOP B\u00f6lge \u0130daresi Ba\u015fkanl\u0131\u011f\u0131m\u0131z, Sel\u00e7uklu \u0130l\u00e7e Milli E\u011fitim M\u00fcd\u00fcrl\u00fc\u011f\u00fcm\u00fcz ve \u0130nnopark\u0131m\u0131zn da i\u015f birli\u011fiyle bu y\u0131l 3.\u2019s\u00fcn\u00fc in\u015fallah hep birlikte hayata ge\u00e7irmi\u015f olaca\u011f\u0131z. T\u00fcrkiye Y\u00fczy\u0131l\u0131 vizyonu do\u011frultusunda gen\u00e7lerimizin teknoloji \u00fcreten bireyler olarak yeti\u015fmesini sa\u011flamak ve milli teknoloji hamlesine katk\u0131 sunmak amac\u0131yla \u00e7\u0131kt\u0131\u011f\u0131m\u0131z bu yolda her y\u0131l daha g\u00fc\u00e7l\u00fc bir noktaya da ula\u015f\u0131yoruz. \u0130lk ba\u015flad\u0131\u011f\u0131m\u0131zda daha sade, daha \u00e7ok yar\u0131\u015fma odakl\u0131 bir yap\u0131m\u0131z vard\u0131. Ama bug\u00fcn geldi\u011fimiz noktada art\u0131k TEKNOSEL yar\u0131\u015fmalar\u0131n \u00f6tesine ge\u00e7erek i\u00e7inde heyecan\u0131, \u00fcretimi, e\u011fitimi ve ilham\u0131 bar\u0131nd\u0131ran ger\u00e7ek bir teknoloji festivaline d\u00f6n\u00fc\u015fm\u00fc\u015f oldu. \u0130mza alt\u0131na alaca\u011f\u0131m\u0131z bu i\u015f birli\u011fiyle birlikte TEKNOSEL 2026 s\u00fcrecimizi de in\u015fallah bug\u00fcn resmen ba\u015flatm\u0131\u015f oluyoruz\u201d dedi.<b>\u00a0<\/b><\/p>\n<p><b>\u201cGazze temal\u0131 yapay zeka k\u0131sa film yar\u0131\u015fmas\u0131 ile gen\u00e7lerimizin vicdanlar\u0131n\u0131 ve bak\u0131\u015f a\u00e7\u0131lar\u0131n\u0131 da ortaya koymalar\u0131n\u0131 ama\u00e7l\u0131yoruz\u201d<\/b><\/p>\n<p>TEKNOSEL yar\u0131\u015fmalar\u0131n\u0131n detaylar\u0131n\u0131 aktaran Ba\u015fkan Pekyat\u0131rmac\u0131, \u201cFestivalimizin ilk a\u015famas\u0131 olan robot yar\u0131\u015fmalar\u0131 12-14 May\u0131s tarihleri aras\u0131nda Sel\u00e7uklu Belediyesi Uluslararas\u0131 Spor Salonu&#8217;nda ger\u00e7ekle\u015ftirilecek. Bu y\u0131l 587 tak\u0131m ve bin 761 kat\u0131l\u0131mc\u0131yla ger\u00e7ekle\u015fecek olan bu yar\u0131\u015fmalar\u0131m\u0131zda ortaokul ve lise d\u00fczeyindeki gen\u00e7lerimiz 7 farkl\u0131 kategoride h\u00fcnerlerini sergileme imkan\u0131 bulacak. Ard\u0131ndan 15-17 May\u0131s tarihleri aras\u0131nda Sel\u00e7uklu Kongre Merkezi&#8217;nde ger\u00e7ekle\u015ftirece\u011fimiz teknoloji yar\u0131\u015fmalar\u0131 ise festivalimizin di\u011fer \u00f6nemli bir aya\u011f\u0131n\u0131 olu\u015fturacak. Serbest ve \u00f6zel kategorilerdeki yar\u0131\u015fmalara ilkokul, ortaokul, lise ve \u00fcniversite d\u00fczeyindeki \u00f6\u011frencilerden olu\u015fan 330 tak\u0131m ba\u015fvuruda bulunurken, yap\u0131lan de\u011ferlendirmeler sonucunda da 120 tak\u0131m finale kalmaya hak kazand\u0131. mBlock kodlama kategorisinde de ilkokul ve ortaokul d\u00fczeyindeki 355 \u00f6\u011frenci final heyecan\u0131n\u0131 in\u015fallah bu sene ya\u015fayacak. Bu y\u0131l ayr\u0131ca bizim i\u00e7in olduk\u00e7a anlaml\u0131 olan Gazze temal\u0131 yapay zeka k\u0131sa film yar\u0131\u015fmas\u0131n\u0131 da hayata ge\u00e7irmi\u015f olaca\u011f\u0131z. Bu yar\u0131\u015fma ile gen\u00e7lerimizin sadece teknoloji \u00fcretmesini de\u011fil, ayn\u0131 zamanda vicdanlar\u0131n\u0131 ve bak\u0131\u015f a\u00e7\u0131lar\u0131n\u0131 da ortaya koymalar\u0131n\u0131 ama\u00e7l\u0131yoruz. Lise d\u00fczeyinde 87, \u00fcniversite d\u00fczeyinde 27 ba\u015fvuru aras\u0131ndan se\u00e7ilen 10\u2019ar film final a\u015famas\u0131nda de\u011ferlendirmeye al\u0131nacak. Tabii yar\u0131\u015fmalar s\u00fcresince d\u00fczenleyece\u011fimiz g\u00f6steriler, m\u00fczikaller, s\u00f6yle\u015filer, dijital oyunlar ve at\u00f6lye etkinlikleriyle de bu s\u00fcreci sadece bir yar\u0131\u015fma olmaktan \u00e7\u0131kar\u0131p gen\u00e7lerimiz i\u00e7in dolu dolu, heyecanl\u0131, unutulmaz bir festival atmosferine de in\u015fallah hep birlikte d\u00f6n\u00fc\u015ft\u00fcrm\u00fc\u015f olaca\u011f\u0131z. T\u00fcm bu s\u00fcrecin sonunda ise 17 May\u0131s&#8217;ta ger\u00e7ekle\u015ftirece\u011fimiz \u00f6d\u00fcl t\u00f6reniyle emek veren, \u00fcreten ve fark ortaya koyan gen\u00e7lerimizi in\u015fallah \u00f6d\u00fcllendirmi\u015f olaca\u011f\u0131z. Festival kapsam\u0131nda d\u00fczenlenen t\u00fcm yar\u0131\u015fmalarda 16 farkl\u0131 kategoride toplam 3 milyon 165 bin TL \u00f6d\u00fcl\u00fc dereceye giren kat\u0131l\u0131mc\u0131lara takdim edece\u011fiz. Bu anlaml\u0131 i\u015f birli\u011finde eme\u011fi ge\u00e7en KOP B\u00f6lge Kalk\u0131nma \u0130daremize, Sel\u00e7uklu \u0130l\u00e7e Milli E\u011fitim M\u00fcd\u00fcrl\u00fc\u011f\u00fcm\u00fcze, m\u00fcd\u00fcr\u00fcm\u00fcz\u00fcn \u015fahs\u0131nda t\u00fcm ekibine, \u0130mdopark\u0131m\u0131za ve katk\u0131 sunan herkese g\u00f6n\u00fclden te\u015fekk\u00fcr ediyorum. \u0130mzalayaca\u011f\u0131m\u0131z protokol\u00fcn ba\u015fta gen\u00e7lerimiz olmak \u00fczere, \u015fehrimize, \u00fclkemize ve gelece\u011fimize de hay\u0131rl\u0131, g\u00fczel katk\u0131lar sunmas\u0131n\u0131 temenni ediyorum\u201d \u015feklinde konu\u015ftu.<\/p>\n<p><b>KOP B\u00f6lge Kalk\u0131nma \u0130daresi Ba\u015fkan\u0131 Karakoyunlu: \u201cYar\u0131\u015fmada yer alan projeler do\u011frudan hayata ge\u00e7irdi\u011fimiz k\u0131ymetli projelerdir\u201d<\/b><\/p>\n<p>TEKNOSEL Robot Yar\u0131\u015fmas\u0131\u2019na payda\u015f olarak kat\u0131lmaktan b\u00fcy\u00fck bir\u00a0 mutluluk duydu\u011funu belirten KOP B\u00f6lge Kalk\u0131nma \u0130daresi Ba\u015fkan\u0131 Murat Karakoyunlu,\u00a0 \u201cBug\u00fcne kadar yap\u0131lan faaliyetlerle birlikte \u00f6zellikle ge\u00e7en senenin TEKNOSEL bizim i\u00e7in \u00e7ok k\u0131ymetliydi. Serbest ve \u00f6zel kategoride ger\u00e7ekle\u015ftirilen projelerden KOP b\u00f6lgemiz i\u00e7in k\u0131ymetli olan, de\u011ferlendirilebilen iki projeyi de sahada uygulamaya ba\u015flad\u0131k. Dolay\u0131s\u0131yla asl\u0131nda yapm\u0131\u015f oldu\u011fumuz faaliyetlerin ba\u015fta ilkokul, ortaokul ve lise seviyesindeki \u00e7ocuklar\u0131m\u0131z olmak \u00fczere onlar\u0131n hayallerinin, \u00e7al\u0131\u015fmalar\u0131n\u0131n, gayretlerinin b\u00f6lgemize kazand\u0131r\u0131lmas\u0131 ad\u0131na s\u0131radan, basit projeler olmad\u0131\u011f\u0131n\u0131, do\u011frudan hayata ge\u00e7irilebilecek projeler oldu\u011funu ge\u00e7en seneki yar\u0131\u015fma sonu\u00e7lar\u0131m\u0131zda da g\u00f6rd\u00fck. Bug\u00fcn ayr\u0131 bir i\u015ftiyakla, sevgiyle, gayretle\u00a0bu festivalin bir payda\u015f\u0131 olmaktan dolay\u0131 b\u00fcy\u00fck bir mutluluk ta\u015f\u0131yoruz. Sel\u00e7uklu Belediyemizin k\u0131ymetli i\u015flerinden, k\u0131ymetli hizmetlerinden birinin bir payda\u015f\u0131 oldu\u011fumuz i\u00e7in elde edilecek projelerin sonu\u00e7lar\u0131na katk\u0131 sunacak olmaktan dolay\u0131 \u015fimdiden b\u00fcy\u00fck bir heyecan ta\u015f\u0131d\u0131\u011f\u0131m\u0131z\u0131 s\u00f6yleyerek program\u0131n, festivalin, b\u00f6lgemiz i\u00e7in hay\u0131rl\u0131 u\u011furlu olmas\u0131n\u0131 diliyorum. Katk\u0131 sunan ba\u015fta ba\u015fkan\u0131m\u0131z olmak \u00fczere t\u00fcm ekibimize te\u015fekk\u00fcr ediyorum. Hay\u0131rl\u0131 u\u011furlu olmas\u0131n\u0131 umut ediyorum\u201d ifadelerini kulland\u0131.<\/p>\n<p><b>Sel\u00e7uklu \u0130l\u00e7e Milli E\u011fitim M\u00fcd\u00fcr\u00fc Sa\u011fd\u0131\u00e7,\u201c<\/b>\u00a0<b>TEKNOSEL 2026\u2019ya 303 bin 71 yar\u0131\u015fmac\u0131 kat\u0131lacak\u201d<\/b><\/p>\n<p>Sel\u00e7uklu Teknoloji ve Robot Yar\u0131\u015fmas\u0131\u2019n\u0131n bir yar\u0131\u015fma olman\u0131n \u00f6tesinde \u00fcretmenin, d\u00fc\u015f\u00fcnmenin ve hayal etmenin bir platformu oldu\u011funu belirten Sel\u00e7uklu \u0130l\u00e7e Milli E\u011fitim M\u00fcd\u00fcr\u00fc Sami Sa\u011fd\u0131\u00e7, \u201c\u0130\u00e7inde bulundu\u011fumuz \u00e7a\u011f, bilginin ve teknolojinin y\u00f6n verdi\u011fi bir \u00e7a\u011fd\u0131r. Art\u0131k g\u00fc\u00e7l\u00fc \u00fclkeler sadece kaynaklar\u0131yla de\u011fil, \u00fcreten beyinleri, geli\u015ftirdi\u011fi teknolojileri ve yeti\u015ftirdi\u011fi nitelikli insan g\u00fcc\u00fcyle \u00f6ne \u00e7\u0131kmaktad\u0131r. \u0130\u015fte bu noktada T\u00fcrkiye Y\u00fczy\u0131l\u0131 Vizyonu, Milli Teknoloji Hamlesi bizlere \u00e7ok \u00f6nemli bir hedef sunmaktad\u0131r. Bu hedef, bilimde, teknolojide ve inovasyonda s\u00f6z sahibi bir T\u00fcrkiye in\u015fa etmektir. Robotik kodlamadan yapay zekaya, otonom sistemlerden yenilik\u00e7i tasar\u0131mlara kadar geli\u015ftirdi\u011finiz her fikir, \u00fclkemizin gelece\u011fine yap\u0131lan bir yat\u0131r\u0131md\u0131r. Biliyoruz ki g\u00fc\u00e7l\u00fc bir T\u00fcrkiye ancak kendine g\u00fcvenen, sorgulayan, ara\u015ft\u0131ran ve \u00fcreten gen\u00e7lerle m\u00fcmk\u00fcn olacakt\u0131r. TEKNOSEL 2026 Sel\u00e7uklu Teknoloji ve Robot Yar\u0131\u015fmas\u0131 ilimizde \u00f6\u011frenim g\u00f6ren ilkokul, ortaokul, lise ve \u00fcniversite \u00f6\u011frencilerinin kat\u0131l\u0131m\u0131yla ger\u00e7ekle\u015fecek olup 16 kategoride, 210 okuldan bin 375 robot ve proje ile toplamda 303 bin 71 yar\u0131\u015fmac\u0131m\u0131z\u0131n kat\u0131laca\u011f\u0131 bir yar\u0131\u015fman\u0131n protokol\u00fcnde, imza t\u00f6reninde bulunman\u0131n gururunu ve onurunu ya\u015f\u0131yorum. \u0130nnoPark\u2019\u0131n, KOP \u0130daresi&#8217;nin ve \u00f6zellikle Sel\u00e7uklu Belediye Ba\u015fkan\u0131m\u0131z Ahmet Pekyat\u0131rmac\u0131\u2019n\u0131n deste\u011fi gen\u00e7lerimiz i\u00e7in ve gelece\u011fimiz i\u00e7in \u00e7ok k\u0131ymetli. Bu projeden dolay\u0131 \u015f\u00fckranlar\u0131m\u0131 arz ediyorum. 6 g\u00fcn s\u00fcrecek olan yar\u0131\u015fmam\u0131z\u0131n gen\u00e7lerimizin gelece\u011fine vizyon katmas\u0131n\u0131 ve \u00fclkemizi daha ileri noktalara ta\u015f\u0131mas\u0131n\u0131 temenni ediyorum. TEKNOSEL 2026&#8242; n\u0131n Sel\u00e7uklumuza, Konyam\u0131za ve \u00fclkemize hay\u0131rl\u0131 olmas\u0131n\u0131 temenni ediyorum\u201d dedi.<\/p>\n<p><b>\u0130nnoPark Konya Teknoloji Geli\u015ftirme Genel M\u00fcd\u00fcr\u00fc<\/b>\u00a0<b>\u00a0Kahraman: \u201c\u00d6\u011frencilerin fikirlerini \u00fcr\u00fcn haline getiriyoruz\u201d<\/b><\/p>\n<p>\u0130nnoPark Konya Teknoloji Geli\u015ftirme Genel M\u00fcd\u00fcr\u00fc<b>\u00a0<\/b>Ali Kahraman yar\u0131\u015fmada \u0130nnoPark\u2019\u0131n \u00f6nemini\u00a0 vurgulad\u0131. TEKNOSEL Teknoloji Festivali\u2019nin hay\u0131rl\u0131 olmas\u0131n\u0131 dileyen Kahraman, \u201c\u0130nnoPark Konya Teknoloji Geli\u015ftirme B\u00f6lgesi&#8217;nin en \u00f6nemli rol\u00fc, burada ortaya \u00e7\u0131kan fikirlerin filizlenip en az\u0131ndan bir \u00fcr\u00fcn haline d\u00f6n\u00fc\u015fmesinde \u00f6nemli rol \u00fcstlenmek. Ge\u00e7en sene \u00fcniversite kategorisinde birinci olan\u0131m\u0131za bir senelik giri\u015fimci ofisimizi vermi\u015ftik. Bu sene de birinci olan yar\u0131\u015fmac\u0131lar\u0131m\u0131za bir senelik giri\u015fimci ofisimizi verece\u011fiz. Bunun yan\u0131nda bu sene bu projenin en \u00f6nemli \u00f6zelli\u011fi \u00f6\u011frencilerimizin fikirlerinin \u00fcr\u00fcn haline gelmesini sa\u011flamak oldu\u011fu i\u00e7in biz de bu \u00fcr\u00fcnleri hayata ge\u00e7irecek \u015fekilde \u0130nnoPark olarak haz\u0131rlayaca\u011f\u0131z.\u00a0\u0130\u015f geli\u015ftirmeden tutun, pazar ve fikri\u00a0s\u0131nai \u00a0m\u00fclki hakla \u00a0ilgili e\u011fitimler verece\u011fiz.\u00a0Bu e\u011fitimle beraber bu fikirler \u00fcr\u00fcne d\u00f6n\u00fc\u015ft\u00fckten sonra nas\u0131l pazara sevk edilece\u011fi,\u00a0ticaretle\u015fme i\u015fleri ile ilgili de network olu\u015fturmas\u0131n\u0131 sa\u011flayaca\u011f\u0131z. Ben de \u0130nnoPark\u00a0 olarak bu yar\u0131\u015fmada bir tuzumuz oldu\u011fu i\u00e7in \u00e7ok\u00a0 mutlu oldu\u011fumu ifade etmek isterim. Bu yar\u0131\u015fmaya eme\u011fi ge\u00e7en herkese de ba\u015fta \u00e7ok de\u011ferli ba\u015fkan\u0131ma, de\u011ferli payda\u015flara te\u015fekk\u00fcr ederim,\u00a0sa\u011f olun, var olun\u201d diye konu\u015ftu.<\/p>\n<p>Konu\u015fmalar\u0131n ard\u0131ndan TEKNOSEL 2026\u2019n\u0131n i\u015fbirli\u011fi protokol\u00fc taraflarca imzaland\u0131.<\/p>\n<p>\u00a0<\/p>\n<p>Kaynak: (BYZHA) Beyaz Haber Ajans\u0131<\/p>\n","protected":false},"excerpt":{"rendered":"<p>Teknolojinin kalbi 12-17 May\u0131s tarihlerinde d\u00fczenlenecek TEKNOSEL 2026 Teknoloji Festivali ile Sel\u00e7uklu\u2019da atacak.<\/p>\n","protected":false},"author":1,"featured_media":6122,"comment_status":"open","ping_status":"open","sticky":false,"template":"","format":"standard","meta":{"footnotes":""},"categories":[32],"tags":[],"class_list":["post-6121","post","type-post","status-publish","format-standard","has-post-thumbnail","hentry","category-teknoloji"],"_links":{"self":[{"href":"https:\/\/ekonomievreni.com\/index.php?rest_route=\/wp\/v2\/posts\/6121","targetHints":{"allow":["GET"]}}],"collection":[{"href":"https:\/\/ekonomievreni.com\/index.php?rest_route=\/wp\/v2\/posts"}],"about":[{"href":"https:\/\/ekonomievreni.com\/index.php?rest_route=\/wp\/v2\/types\/post"}],"author":[{"embeddable":true,"href":"https:\/\/ekonomievreni.com\/index.php?rest_route=\/wp\/v2\/users\/1"}],"replies":[{"embeddable":true,"href":"https:\/\/ekonomievreni.com\/index.php?rest_route=%2Fwp%2Fv2%2Fcomments&post=6121"}],"version-history":[{"count":1,"href":"https:\/\/ekonomievreni.com\/index.php?rest_route=\/wp\/v2\/posts\/6121\/revisions"}],"predecessor-version":[{"id":6123,"href":"https:\/\/ekonomievreni.com\/index.php?rest_route=\/wp\/v2\/posts\/6121\/revisions\/6123"}],"wp:featuredmedia":[{"embeddable":true,"href":"https:\/\/ekonomievreni.com\/index.php?rest_route=\/wp\/v2\/media\/6122"}],"wp:attachment":[{"href":"https:\/\/ekonomievreni.com\/index.php?rest_route=%2Fwp%2Fv2%2Fmedia&parent=6121"}],"wp:term":[{"taxonomy":"category","embeddable":true,"href":"https:\/\/ekonomievreni.com\/index.php?rest_route=%2Fwp%2Fv2%2Fcategories&post=6121"},{"taxonomy":"post_tag","embeddable":true,"href":"https:\/\/ekonomievreni.com\/index.php?rest_route=%2Fwp%2Fv2%2Ftags&post=6121"}],"curies":[{"name":"wp","href":"https:\/\/api.w.org\/{rel}","templated":true}]}}