{"id":6106,"date":"2026-04-28T12:11:29","date_gmt":"2026-04-28T09:11:29","guid":{"rendered":"https:\/\/ekonomievreni.com\/?p=6106"},"modified":"2026-04-28T12:11:30","modified_gmt":"2026-04-28T09:11:30","slug":"canik-belediyesinden-colyak-hastalarina-destek","status":"publish","type":"post","link":"https:\/\/ekonomievreni.com\/?p=6106","title":{"rendered":"Canik Belediyesi&#8217;nden \u00c7\u00f6lyak Hastalar\u0131na Destek"},"content":{"rendered":"\n<p style=\"text-align:justify;margin-bottom:11px\"><span style=\"font-size:11pt\"><span style=\"line-height:107%\"><span style=\"font-family:Calibri,sans-serif\"><b><span style=\"font-size:16.0pt\"><span style=\"line-height:107%\">Canik Belediyesi, gl\u00fctensiz g\u0131da paketlerini \u00c7\u00f6lyak hastalar\u0131na ula\u015ft\u0131rmaya devam ediyor. <\/span><\/span><\/b><\/span><\/span><\/span><\/p>\n<p style=\"text-align:justify;margin-bottom:11px\"><span style=\"font-size:11pt\"><span style=\"line-height:107%\"><span style=\"font-family:Calibri,sans-serif\"><span style=\"font-size:12.0pt\"><span style=\"line-height:107%\">Canik Belediyesi, \u00c7\u00f6lyak hastalar\u0131na y\u00f6nelik desteklerini s\u00fcrd\u00fcr\u00fcyor. Gl\u00fcten hassasiyeti ta\u015f\u0131yan \u00c7\u00f6lyak hastalar\u0131na, i\u00e7erisinde gl\u00fctensiz g\u0131da \u00fcr\u00fcnlerinin yer ald\u0131\u011f\u0131 paketleri ula\u015ft\u0131rmaya devam eden Canik Belediyesi, ba\u015fvuru s\u00fcrecinin ard\u0131ndan il\u00e7ede talepte bulunan t\u00fcm \u00c7\u00f6lyak hastalar\u0131na gl\u00fctensiz g\u0131da paketlerini teslim etmeyi s\u00fcrd\u00fcr\u00fcyor. Y\u00fcksek maliyetleriyle dikkat \u00e7eken gl\u00fctensiz g\u0131da \u00fcr\u00fcnlerini \u00c7\u00f6lyak hastalar\u0131na \u00fccretsiz bir \u015fekilde ula\u015ft\u0131ran Canik Belediyesi, bir\u00e7ok alanda s\u00fcrd\u00fcrd\u00fc\u011f\u00fc sosyal destek programlar\u0131yla g\u00f6n\u00fcllere dokunuyor. \u00c7\u00f6lyak hastalar\u0131na y\u00f6nelik destekleri s\u00fcrd\u00fcrd\u00fcklerini ifade eden Canik Belediye Ba\u015fkan\u0131 \u0130brahim Sand\u0131k\u00e7\u0131, &#8220;\u00c7\u00f6lyak&#8217;\u0131n fark\u0131nday\u0131z, hem\u015fehrilerimizin yan\u0131nday\u0131z&#8221; dedi. <\/span><\/span><\/span><\/span><\/span><\/p>\n<p style=\"margin-bottom:11px\"><span style=\"font-size:11pt\"><span style=\"line-height:107%\"><span style=\"font-family:Calibri,sans-serif\"><b><span style=\"font-size:14.0pt\"><span style=\"line-height:107%\">Ba\u015fvurular Ba\u015flad\u0131 <\/span><\/span><\/b><\/span><\/span><\/span><\/p>\n<p style=\"text-align:justify;margin-bottom:11px\"><span style=\"font-size:11pt\"><span style=\"line-height:107%\"><span style=\"font-family:Calibri,sans-serif\"><span style=\"font-size:12.0pt\"><span style=\"line-height:107%\">Canik Belediyesi&#8217;nin gl\u00fctensiz g\u0131da paketi deste\u011finin yeni d\u00f6nemi i\u00e7in ba\u015fvuru s\u00fcreci ba\u015flad\u0131. Canik&#8217;te ikamet eden \u00c7\u00f6lyak hastas\u0131 vatanda\u015flar, 5 May\u0131s 2026 tarihine kadar belediyenin Kad\u0131n, Aile ve Sosyal Hizmetler M\u00fcd\u00fcrl\u00fc\u011f\u00fc \u00fczerinden ba\u015fvuru i\u015flemlerini ger\u00e7ekle\u015ftirebilecek. Gl\u00fctensiz g\u0131da paketi deste\u011fine ili\u015fkin bilgiler aktaran Ba\u015fkan \u0130brahim Sand\u0131k\u00e7\u0131, &#8220;Canik&#8217;imizde g\u00f6n\u00fcl belediyecili\u011fi anlay\u0131\u015f\u0131yla \u00e7al\u0131\u015fmaya devam ediyoruz. \u00c7\u00f6lyak hastas\u0131 hem\u015fehrilerimize y\u00f6nelik gl\u00fctensiz g\u0131da paketi deste\u011fimizi s\u00fcrd\u00fcr\u00fcyoruz. \u00c7\u00f6lyak hastas\u0131 hem\u015fehrilerimizin gl\u00fctensiz g\u0131daya eri\u015fimini kolayla\u015ft\u0131rmak ve b\u00fct\u00e7elerine bir nebze destek olmak hedefiyle hayata ge\u00e7irdi\u011fimiz destek program\u0131m\u0131za ara vermeden devam ediyoruz. \u00c7\u00f6lyak hastas\u0131 hem\u015fehrilerimize i\u00e7erisinde gl\u00fctensiz g\u0131da \u00fcr\u00fcnlerinin yer ald\u0131\u011f\u0131 paketleri ula\u015ft\u0131rmay\u0131 s\u00fcrd\u00fcr\u00fcyoruz. \u0130l\u00e7emizde sosyal destek \u00e7al\u0131\u015fmalar\u0131m\u0131z\u0131 hassasiyetle s\u00fcrd\u00fcr\u00fcyor, g\u00f6n\u00fcllere ula\u015fmaya devam ediyoruz&#8221; \u015feklinde ifade etti.<\/span><\/span><\/span><\/span><\/span><\/p>\n<p style=\"text-align:justify;margin-bottom:11px\">\u00a0<\/p>\n<p>Kaynak: (BYZHA) Beyaz Haber Ajans\u0131<\/p>\n","protected":false},"excerpt":{"rendered":"<p>Canik Belediyesi, gl\u00fctensiz g\u0131da paketlerini \u00c7\u00f6lyak hastalar\u0131na ula\u015ft\u0131rmaya devam ediyor.<\/p>\n","protected":false},"author":1,"featured_media":6107,"comment_status":"open","ping_status":"open","sticky":false,"template":"","format":"standard","meta":{"footnotes":""},"categories":[31],"tags":[],"class_list":["post-6106","post","type-post","status-publish","format-standard","has-post-thumbnail","hentry","category-saglik"],"_links":{"self":[{"href":"https:\/\/ekonomievreni.com\/index.php?rest_route=\/wp\/v2\/posts\/6106","targetHints":{"allow":["GET"]}}],"collection":[{"href":"https:\/\/ekonomievreni.com\/index.php?rest_route=\/wp\/v2\/posts"}],"about":[{"href":"https:\/\/ekonomievreni.com\/index.php?rest_route=\/wp\/v2\/types\/post"}],"author":[{"embeddable":true,"href":"https:\/\/ekonomievreni.com\/index.php?rest_route=\/wp\/v2\/users\/1"}],"replies":[{"embeddable":true,"href":"https:\/\/ekonomievreni.com\/index.php?rest_route=%2Fwp%2Fv2%2Fcomments&post=6106"}],"version-history":[{"count":1,"href":"https:\/\/ekonomievreni.com\/index.php?rest_route=\/wp\/v2\/posts\/6106\/revisions"}],"predecessor-version":[{"id":6108,"href":"https:\/\/ekonomievreni.com\/index.php?rest_route=\/wp\/v2\/posts\/6106\/revisions\/6108"}],"wp:featuredmedia":[{"embeddable":true,"href":"https:\/\/ekonomievreni.com\/index.php?rest_route=\/wp\/v2\/media\/6107"}],"wp:attachment":[{"href":"https:\/\/ekonomievreni.com\/index.php?rest_route=%2Fwp%2Fv2%2Fmedia&parent=6106"}],"wp:term":[{"taxonomy":"category","embeddable":true,"href":"https:\/\/ekonomievreni.com\/index.php?rest_route=%2Fwp%2Fv2%2Fcategories&post=6106"},{"taxonomy":"post_tag","embeddable":true,"href":"https:\/\/ekonomievreni.com\/index.php?rest_route=%2Fwp%2Fv2%2Ftags&post=6106"}],"curies":[{"name":"wp","href":"https:\/\/api.w.org\/{rel}","templated":true}]}}