{"id":6088,"date":"2026-04-28T11:50:21","date_gmt":"2026-04-28T08:50:21","guid":{"rendered":"https:\/\/ekonomievreni.com\/?p=6088"},"modified":"2026-04-28T11:50:22","modified_gmt":"2026-04-28T08:50:22","slug":"su-urunleri-sektoru-ilk-ceyrekte-ihracatini-yuzde-24-artirdi","status":"publish","type":"post","link":"https:\/\/ekonomievreni.com\/?p=6088","title":{"rendered":"Su \u00fcr\u00fcnleri sekt\u00f6r\u00fc ilk \u00e7eyrekte ihracat\u0131n\u0131 y\u00fczde 24 art\u0131rd\u0131"},"content":{"rendered":"<p> \u0130hracat\u0131n y\u0131ld\u0131z sekt\u00f6rlerinden su \u00fcr\u00fcnleri sekt\u00f6r\u00fc ihracatta ba\u015far\u0131 hikayesi yazmaya 2026 y\u0131l\u0131n\u0131n ilk \u00e7eyre\u011finde de devam etti. 2025 y\u0131l\u0131n\u0131n ocak \u2013 mart d\u00f6neminde 445 milyon dolarl\u0131k ihracata imza atan T\u00fcrk su \u00fcr\u00fcnleri sekt\u00f6r\u00fc, 2026 y\u0131l\u0131n\u0131n ayn\u0131 d\u00f6neminde ihracat\u0131n\u0131 y\u00fczde 24\u2019l\u00fck art\u0131\u015fla 552 milyon dolara ula\u015ft\u0131rd\u0131.<\/p>\n<p>Ege Su \u00dcr\u00fcnleri ve Hayvansal Mamuller \u0130hracat\u00e7\u0131lar\u0131 Birli\u011fi Ba\u015fkan\u0131 Ufuk Atakan Demir, T\u00fcrk su \u00fcr\u00fcnleri sekt\u00f6r\u00fcn\u00fcn; Levrek, \u00c7ipura, T\u00fcrk Somonu, Orkinos, Alabal\u0131k, Kaya Levre\u011fi ve Di\u011fer Su \u00dcr\u00fcnleri kategorilerinin tamam\u0131nda ihracat art\u0131\u015f ba\u015far\u0131s\u0131 g\u00f6sterdi\u011fini dile getirdi.<\/p>\n<p><strong>Levrek liderli\u011fini s\u00fcrd\u00fcrd\u00fc<\/strong><\/p>\n<p>Levrek ihracat\u0131n\u0131n y\u00fczde 29\u2019luk art\u0131\u015f ve 185 milyon dolarl\u0131k tutarla ilk s\u0131radaki yerini korudu\u011fu bilgisini veren Demir, \u201c\u00c7ipura ihracat\u0131m\u0131z y\u00fczde 18\u2019lik art\u0131\u015fla 140 milyon dolara ilerledi. T\u00fcrk su \u00fcr\u00fcnleri sekt\u00f6r\u00fcm\u00fcz\u00fcn son 10 y\u0131ll\u0131k s\u00fcre\u00e7te d\u00fcnya sofralar\u0131na ikram\u0131 olan T\u00fcrk somonu y\u00fczde 8\u2019lik ihracat art\u0131\u015f\u0131yla 84 milyon dolardan 91 milyon dolara y\u00fckseldi. Orkinos ihracat\u0131m\u0131z y\u00fczde 155\u2019lik rekor art\u0131\u015fla 18,5 milyon dolardan 47 milyon dolara s\u0131\u00e7rad\u0131. Alabal\u0131k ihracat\u0131ndan 29,3 milyon dolar, kaya levre\u011finden 7 milyon dolar d\u00f6viz geliri elde ettik. Di\u011fer su \u00fcr\u00fcnleri ihracat\u0131m\u0131z 45 milyon dolardan 52 milyon dolara \u00e7\u0131kt\u0131\u201d \u015feklinde konu\u015ftu.<\/p>\n<p><strong>Su \u00fcr\u00fcnleri ihracat\u0131nda aslan pay\u0131 Egeli bal\u0131k\u00e7\u0131lar\u0131n<\/strong><\/p>\n<p>2026 y\u0131l\u0131n\u0131n ilk \u00e7eyre\u011finde T\u00fcrkiye\u2019nin 552 milyon dolarl\u0131k su \u00fcr\u00fcnleri ihracat\u0131n\u0131n 370 milyon dolarl\u0131k b\u00fcy\u00fck dilimini Ege Su \u00dcr\u00fcnleri ve Hayvansal Mamuller \u0130hracat\u00e7\u0131lar\u0131 Birli\u011fi \u00fcyesi ihracat\u00e7\u0131lar\u0131n ger\u00e7ekle\u015ftirdi\u011fini vurgulayan Ba\u015fkan Demir \u015f\u00f6yle devam etti: \u201cEgeli ihracat\u00e7\u0131lar T\u00fcrkiye\u2019nin su \u00fcr\u00fcnleri ihracat\u0131n\u0131n y\u00fczde 67\u2019sini yapt\u0131. Bir ba\u015fka ifadeyle her \u00fc\u00e7 bal\u0131k ihracat\u0131m\u0131z\u0131n ikisinin alt\u0131nda Egeli ihracat\u00e7\u0131lar\u0131n imzas\u0131 vard\u0131. Egeli ihracat\u00e7\u0131lar levrek ve \u00e7ipura ihracat\u0131nda daha parlak bir ba\u015far\u0131 hikayesi yazd\u0131lar. T\u00fcrkiye\u2019nin levrek ihracat\u0131nda Egeli ihracat\u00e7\u0131lar\u0131n pay\u0131 y\u00fczde 90\u2019a ula\u015ft\u0131. \u00c7ipura ihracat\u0131nda Egeli ihracat\u00e7\u0131lar y\u00fczde 84\u2019\u00fc temsil etti.\u201d<\/p>\n<p>21-23 Nisan 2026 tarihlerinde Barcelona\u2019da d\u00fcnyan\u0131n en b\u00fcy\u00fck deniz \u00fcr\u00fcnleri fuar\u0131ndan biri olan Seafood Expo Global\u2019de T\u00fcrk su \u00fcr\u00fcnleri sekt\u00f6r\u00fcn\u00fcn g\u00fcc\u00fcn\u00fc ve potansiyelini d\u00fcnyan\u0131n d\u00f6rt bir taraf\u0131ndan gelen sat\u0131n almac\u0131lara g\u00f6sterdiklerini payla\u015fan Demir, \u201cT\u00fcrkiye pavilyonu, fuar boyunca ger\u00e7ekle\u015ftirdi\u011fi tan\u0131t\u0131m ve tad\u0131m etkinlikleriyle \u00f6ne \u00e7\u0131karken, \u00fcnl\u00fc \u015feflerin T\u00fcrk su \u00fcr\u00fcnleriyle haz\u0131rlad\u0131\u011f\u0131 \u00f6zel men\u00fcler kat\u0131l\u0131mc\u0131lardan yo\u011fun ilgi g\u00f6rd\u00fc. Fuar ile e\u015f zamanl\u0131 olarak 21 Nisan 2026 tarihinde Barcelona Marina\u2019da yer alan Velissima Restaurant\u2019ta ger\u00e7ekle\u015ftirilen \u201cMediterranean Taste of Turkish Seafood\u201d temal\u0131 tad\u0131m etkinli\u011fi, Ege, \u0130stanbul ve Akdeniz Su \u00dcr\u00fcnleri ve Hayvansal Mamuller \u0130hracat\u00e7\u0131 Birlikleri taraf\u0131ndan ortakla\u015fa y\u00fcr\u00fct\u00fclen Turkish Seafood Turquality Projesi kapsam\u0131nda organize edildi. S\u00f6z konusu etkinli\u011fe T\u00fcrk su \u00fcr\u00fcnleri ihracat\u00e7\u0131 firma temsilcileri, yerli ve yabanc\u0131 bas\u0131n mensuplar\u0131, potansiyel yabanc\u0131 al\u0131c\u0131 ve distrib\u00fct\u00f6rler, sekt\u00f6r\u00fcn \u00f6nde gelen kurum ve kurulu\u015flar\u0131 ile yabanc\u0131 sosyal medya etkileyicileri kat\u0131ld\u0131. D\u00fcnyaca \u00fcnl\u00fc \u015fefler Francesco Mattana ve Thomas Straker da Turkish Seafood Turquality Projesi kapsam\u0131nda organize edilen bu tad\u0131m etkinli\u011fine kat\u0131larak T\u00fcrk su \u00fcr\u00fcnlerinin e\u015fsiz lezzetlerini deneyimledi ve \u00fcr\u00fcn \u00e7e\u015fitlili\u011fi hakk\u0131nda bilgi ald\u0131. Etkinlikte yabanc\u0131 \u015fefler taraf\u0131ndan T\u00fcrk bal\u0131klar\u0131yla haz\u0131rlanan \u00f6zel pi\u015firim ve sunumlar ger\u00e7ekle\u015ftirilirken, T\u00fcrk su \u00fcr\u00fcnlerinin y\u00fcksek kalitesi, \u00e7e\u015fitlili\u011fi ve d\u00fcnya mutfa\u011f\u0131na entegrasyonu vurguland\u0131. Bu kapsaml\u0131 tan\u0131t\u0131m faaliyetleriyle T\u00fcrk su \u00fcr\u00fcnlerinin \u00f6zellikle Akdeniz gastronomisindeki g\u00fc\u00e7l\u00fc konumunun uluslararas\u0131 alanda daha da peki\u015ftirilmesi hedeflendi\u201d ifadelerini kulland\u0131.<\/p>\n<p><strong>\u0130hracatta ilk \u00fc\u00e7 \u00fclke Rusya, \u0130talya ve Hollanda oldu<\/strong><\/p>\n<p>T\u00fcrk su \u00fcr\u00fcnleri sekt\u00f6r\u00fcn\u00fcn en \u00e7ok ihracat yapt\u0131\u011f\u0131 \u00fclkeler hakk\u0131nda da bilgi veren Ege Su \u00dcr\u00fcnleri ve Hayvansal Mamuller \u0130hracat\u00e7\u0131lar\u0131 Birli\u011fi Ba\u015fkan\u0131 Ufuk Atakan Demir, Rusya\u2019n\u0131n 88 milyon dolarl\u0131k taleple zirvedeki yerini korudu\u011funun alt\u0131n\u0131 \u00e7izdi. \u0130kinci s\u0131radaki \u0130talya\u2019ya ihracat\u0131m\u0131z\u0131n y\u00fczde 12\u2019lik art\u0131\u015fla 64 milyon dolardan 72 milyon dolara \u00e7\u0131kt\u0131\u011f\u0131n\u0131 ifade eden Demir, \u201cZirvenin \u00fc\u00e7\u00fcnc\u00fc basama\u011f\u0131nda 57 milyon dolarl\u0131k ihracatla Hollanda yer ald\u0131. Yunanistan\u2019a ihracat\u0131m\u0131z y\u00fczde 30\u2019luk art\u0131\u015fla 43,4 milyon dolardan 56,4 milyon dolara ilerledi. \u0130ngiltere 52,7 milyon dolarl\u0131k T\u00fcrk su \u00fcr\u00fcnleri talep etti. En dikkat \u00e7ekici ihracat art\u0131\u015f\u0131m\u0131z y\u00fczde 151\u2019le Japonya\u2019ya oldu. 2025 y\u0131l\u0131 ilk \u00e7eyre\u011finde 13,5 milyon dolarl\u0131k su \u00fcr\u00fcnleri g\u00f6nderdi\u011fimiz Japonya\u2019ya 2026\u2019n\u0131n ocak-mart d\u00f6neminde 33,7 milyon dolarl\u0131k ihracat yapt\u0131k. ABD 32 milyon dolarl\u0131k, Almanya 19 milyon dolarl\u0131k \u0130spanya 13 milyon dolarl\u0131k, G\u00fcney Kore 11,5 milyon dolarl\u0131k su \u00fcr\u00fcnleri talebiyle ilk 10 \u00fclke aras\u0131nda yer ald\u0131lar. Su \u00fcr\u00fcnleri ihra\u00e7 etti\u011fimiz \u00fclke say\u0131s\u0131 72\u2019ye ula\u015ft\u0131\u201d diyerek s\u00f6zlerini noktalad\u0131.<\/p>\n<p>\u00a0<\/p>\n<p>Kaynak: (BYZHA) Beyaz Haber Ajans\u0131<\/p>\n","protected":false},"excerpt":{"rendered":"<p>\u0130hracat\u0131n y\u0131ld\u0131z sekt\u00f6rlerinden su \u00fcr\u00fcnleri sekt\u00f6r\u00fc ihracatta ba\u015far\u0131 hikayesi yazmaya 2026 y\u0131l\u0131n\u0131n ilk \u00e7eyre\u011finde de devam etti.<\/p>\n","protected":false},"author":1,"featured_media":6089,"comment_status":"open","ping_status":"open","sticky":false,"template":"","format":"standard","meta":{"footnotes":""},"categories":[30],"tags":[],"class_list":["post-6088","post","type-post","status-publish","format-standard","has-post-thumbnail","hentry","category-ekonomi"],"_links":{"self":[{"href":"https:\/\/ekonomievreni.com\/index.php?rest_route=\/wp\/v2\/posts\/6088","targetHints":{"allow":["GET"]}}],"collection":[{"href":"https:\/\/ekonomievreni.com\/index.php?rest_route=\/wp\/v2\/posts"}],"about":[{"href":"https:\/\/ekonomievreni.com\/index.php?rest_route=\/wp\/v2\/types\/post"}],"author":[{"embeddable":true,"href":"https:\/\/ekonomievreni.com\/index.php?rest_route=\/wp\/v2\/users\/1"}],"replies":[{"embeddable":true,"href":"https:\/\/ekonomievreni.com\/index.php?rest_route=%2Fwp%2Fv2%2Fcomments&post=6088"}],"version-history":[{"count":1,"href":"https:\/\/ekonomievreni.com\/index.php?rest_route=\/wp\/v2\/posts\/6088\/revisions"}],"predecessor-version":[{"id":6090,"href":"https:\/\/ekonomievreni.com\/index.php?rest_route=\/wp\/v2\/posts\/6088\/revisions\/6090"}],"wp:featuredmedia":[{"embeddable":true,"href":"https:\/\/ekonomievreni.com\/index.php?rest_route=\/wp\/v2\/media\/6089"}],"wp:attachment":[{"href":"https:\/\/ekonomievreni.com\/index.php?rest_route=%2Fwp%2Fv2%2Fmedia&parent=6088"}],"wp:term":[{"taxonomy":"category","embeddable":true,"href":"https:\/\/ekonomievreni.com\/index.php?rest_route=%2Fwp%2Fv2%2Fcategories&post=6088"},{"taxonomy":"post_tag","embeddable":true,"href":"https:\/\/ekonomievreni.com\/index.php?rest_route=%2Fwp%2Fv2%2Ftags&post=6088"}],"curies":[{"name":"wp","href":"https:\/\/api.w.org\/{rel}","templated":true}]}}