{"id":6082,"date":"2026-04-28T11:22:47","date_gmt":"2026-04-28T08:22:47","guid":{"rendered":"https:\/\/ekonomievreni.com\/?p=6082"},"modified":"2026-04-28T11:22:48","modified_gmt":"2026-04-28T08:22:48","slug":"gemlikte-isci-bayrami-heyecani-yesil-sahaya-tasindi","status":"publish","type":"post","link":"https:\/\/ekonomievreni.com\/?p=6082","title":{"rendered":"Gemlik\u2019te \u0130\u015f\u00e7i Bayram\u0131 Heyecan\u0131 Ye\u015fil Sahaya Ta\u015f\u0131nd\u0131"},"content":{"rendered":"<p> Gemlik Belediyesi\u2019nin organizasyonuyla d\u00fczenlenen ve gelenekselle\u015fme yolunda h\u0131zla ilerleyen Emek Kupas\u0131, bu y\u0131l 3. kez sporseverlerle bulu\u015ftu. 1 May\u0131s Emek ve Dayan\u0131\u015fma G\u00fcn\u00fc\u2019n\u00fcn birle\u015ftirici g\u00fcc\u00fcn\u00fc sahalara ta\u015f\u0131may\u0131 hedefleyen turnuva, Gemlik Atat\u00fcrk Stad\u0131\u2019nda ger\u00e7ekle\u015ftirilen a\u00e7\u0131l\u0131\u015f seremonisiyle start ald\u0131.<\/p>\n<p>Turnuvada bu y\u0131l da Gemlik\u2019in sanayi ve kamu alan\u0131ndaki \u00f6nemli temsilcileri bir araya geliyor. \u015eampiyonluk m\u00fccadelesinde; CASTROL, BUSK\u0130, Gemlik Belediyespor, Gemlik G\u00fcbre, L\u0130MAN-\u0130\u015e ve KUZU GRUP tak\u0131mlar\u0131 ter d\u00f6kecek. Kurumlar aras\u0131 ileti\u015fimi g\u00fc\u00e7lendirmeyi ve i\u015f stresinden uzakla\u015farak centilmence bir rekabet ortam\u0131 yaratmay\u0131 ama\u00e7layan kar\u015f\u0131la\u015fmalar, \u015fimdiden b\u00fcy\u00fck bir heyecana sahne oldu.<\/p>\n<p>Kupan\u0131n en anlaml\u0131 anlar\u0131 ise final g\u00fcn\u00fcnde ya\u015fanacak. Gruplardan ba\u015far\u0131yla \u00e7\u0131karak finale ad\u0131n\u0131 yazd\u0131ran tak\u0131mlar, 1 May\u0131s Emek ve Dayan\u0131\u015fma G\u00fcn\u00fc\u2019nde \u015fampiyonluk kupas\u0131n\u0131 kald\u0131rmak i\u00e7in kar\u015f\u0131 kar\u015f\u0131ya gelecek.<\/p>\n<p>Turnuvan\u0131n a\u00e7\u0131l\u0131\u015f\u0131nda konu\u015fan Gemlik Belediye Ba\u015fkan\u0131 \u015e\u00fckr\u00fc Deviren, eme\u011fin ve al\u0131n terinin en y\u00fcce de\u011fer oldu\u011funu vurgulayarak &#8220;Eme\u011fin kenti Gemlik&#8217;te, i\u015f\u00e7i karde\u015flerimizin dayan\u0131\u015fmas\u0131n\u0131 ye\u015fil sahaya yans\u0131tmak bizim i\u00e7in b\u00fcy\u00fck bir onur. Bu kupa sadece bir spor organizasyonu de\u011fil, ayn\u0131 zamanda omuz omuza \u00e7al\u0131\u015fanlar\u0131n karde\u015flik g\u00f6sterisi. T\u00fcm tak\u0131mlar\u0131m\u0131za ba\u015far\u0131lar diliyor, 1 May\u0131s co\u015fkusunu hep birlikte ya\u015famay\u0131 temenni ediyorum,&#8221; dedi.<\/p>\n<p>\u00a0<\/p>\n<p>Kaynak: (BYZHA) Beyaz Haber Ajans\u0131<\/p>\n","protected":false},"excerpt":{"rendered":"<p>Gemlik Belediyesi\u2019nin organizasyonuyla d\u00fczenlenen ve gelenekselle\u015fme yolunda h\u0131zla ilerleyen Emek Kupas\u0131, bu y\u0131l 3.<\/p>\n","protected":false},"author":1,"featured_media":6083,"comment_status":"open","ping_status":"open","sticky":false,"template":"","format":"standard","meta":{"footnotes":""},"categories":[33],"tags":[],"class_list":["post-6082","post","type-post","status-publish","format-standard","has-post-thumbnail","hentry","category-spor"],"_links":{"self":[{"href":"https:\/\/ekonomievreni.com\/index.php?rest_route=\/wp\/v2\/posts\/6082","targetHints":{"allow":["GET"]}}],"collection":[{"href":"https:\/\/ekonomievreni.com\/index.php?rest_route=\/wp\/v2\/posts"}],"about":[{"href":"https:\/\/ekonomievreni.com\/index.php?rest_route=\/wp\/v2\/types\/post"}],"author":[{"embeddable":true,"href":"https:\/\/ekonomievreni.com\/index.php?rest_route=\/wp\/v2\/users\/1"}],"replies":[{"embeddable":true,"href":"https:\/\/ekonomievreni.com\/index.php?rest_route=%2Fwp%2Fv2%2Fcomments&post=6082"}],"version-history":[{"count":1,"href":"https:\/\/ekonomievreni.com\/index.php?rest_route=\/wp\/v2\/posts\/6082\/revisions"}],"predecessor-version":[{"id":6084,"href":"https:\/\/ekonomievreni.com\/index.php?rest_route=\/wp\/v2\/posts\/6082\/revisions\/6084"}],"wp:featuredmedia":[{"embeddable":true,"href":"https:\/\/ekonomievreni.com\/index.php?rest_route=\/wp\/v2\/media\/6083"}],"wp:attachment":[{"href":"https:\/\/ekonomievreni.com\/index.php?rest_route=%2Fwp%2Fv2%2Fmedia&parent=6082"}],"wp:term":[{"taxonomy":"category","embeddable":true,"href":"https:\/\/ekonomievreni.com\/index.php?rest_route=%2Fwp%2Fv2%2Fcategories&post=6082"},{"taxonomy":"post_tag","embeddable":true,"href":"https:\/\/ekonomievreni.com\/index.php?rest_route=%2Fwp%2Fv2%2Ftags&post=6082"}],"curies":[{"name":"wp","href":"https:\/\/api.w.org\/{rel}","templated":true}]}}