{"id":6037,"date":"2026-04-27T14:50:36","date_gmt":"2026-04-27T11:50:36","guid":{"rendered":"https:\/\/ekonomievreni.com\/?p=6037"},"modified":"2026-04-27T14:50:37","modified_gmt":"2026-04-27T11:50:37","slug":"karsiyakada-saglikli-yapilasma-icin-ortak-akil-bulusmasi","status":"publish","type":"post","link":"https:\/\/ekonomievreni.com\/?p=6037","title":{"rendered":"Kar\u015f\u0131yaka\u2019da sa\u011fl\u0131kl\u0131 yap\u0131la\u015fma i\u00e7in ortak ak\u0131l bulu\u015fmas\u0131"},"content":{"rendered":"<p> <b>Kar\u015f\u0131yaka Belediyesi, kentin gelecekteki yap\u0131la\u015fma s\u00fcrecini planlamak amac\u0131yla in\u015faat sekt\u00f6r\u00fc temsilcileriyle bir araya geldi. \u0130mar ve \u015eehircilik M\u00fcd\u00fcrl\u00fc\u011f\u00fc\u2019n\u00fcn d\u00fczenledi\u011fi toplant\u0131ya, ilgili meslek odalar\u0131 ve sekt\u00f6r derneklerinin temsilcileri ile belediye meclis \u00fcyeleri kat\u0131ld\u0131. Belediye Ba\u015fkan\u0131 Y\u0131ld\u0131z \u00dcnsal, \u201cBilimin ve ortak akl\u0131n rehberli\u011finde, Kar\u015f\u0131yaka\u2019y\u0131 \u00e7ok daha g\u00fcvenli bir yap\u0131ya kavu\u015fturmak i\u00e7in \u00e7al\u0131\u015fmaya devam edece\u011fiz\u201d dedi.<\/b><\/p>\n<p>Kentlerin s\u00fcrd\u00fcr\u00fclebilir, ya\u015fanabilir ve kimli\u011fini koruyan bir yakla\u015f\u0131mla geli\u015fmesine katk\u0131 sunmak hedefiyle \u00e7al\u0131\u015fmalar ger\u00e7ekle\u015ftiren Kar\u015f\u0131yaka Belediyesi, in\u015faat sekt\u00f6r\u00fcn\u00fcn payda\u015flar\u0131n\u0131 bir araya getirdi. \u0130mar ve \u015eehircilik M\u00fcd\u00fcrl\u00fc\u011f\u00fc taraf\u0131ndan yap\u0131 izinlerine ili\u015fkin \u00f6neri ve g\u00f6r\u00fc\u015f payla\u015f\u0131m toplant\u0131s\u0131 d\u00fczenlendi. Belediye Meclis Salonu\u2019nda ger\u00e7ekle\u015ftirilen toplant\u0131da, kentsel dokuyu koruyarak mevcut imkanlar dahilinde en sa\u011fl\u0131kl\u0131 yap\u0131la\u015fma modellerinin hayata ge\u00e7irilmesi i\u00e7in ortak ak\u0131l vurgusu yap\u0131ld\u0131. G\u00fcvenli ve nitelikli ya\u015fam alanlar\u0131 olu\u015fturma vizyonu do\u011frultusunda ger\u00e7ekle\u015ftirilen bulu\u015fmaya; Kar\u015f\u0131yaka Belediye Meclisi\u2019nin \u0130mar, Afet, Plan B\u00fct\u00e7e ve Kentsel D\u00f6n\u00fc\u015f\u00fcm Komisyonlar\u0131nda g\u00f6rev yapan meclis \u00fcyeleri ile belediyenin ilgili birim m\u00fcd\u00fcrleri kat\u0131ld\u0131. Sekt\u00f6r temsilcilerinin yo\u011fun ilgi g\u00f6sterdi\u011fi toplant\u0131da; \u0130zmir Ticaret Odas\u0131, Yap\u0131 Denetim Derne\u011fi, Kamu M\u00fcteahhitleri ve \u0130\u015f \u0130nsanlar\u0131 Derne\u011fi ile TMMOB\u2019a ba\u011fl\u0131 Mimarlar Odas\u0131, \u0130n\u015faat M\u00fchendisleri Odas\u0131, Makina M\u00fchendisleri Odas\u0131 ve Jeoloji M\u00fchendisleri Odas\u0131\u2019n\u0131n temsilcileri de haz\u0131r bulundu.<\/p>\n<p><b>S\u00dcRE\u00c7LERDE \u0130Y\u0130LE\u015eT\u0130RME VE G\u00dcVENL\u0130K \u00d6NCEL\u0130\u011e\u0130<\/b><\/p>\n<p>Kar\u015f\u0131yaka Belediye Ba\u015fkan Yard\u0131mc\u0131s\u0131 Ay\u015fem \u00d6zzambak, toplant\u0131da kapsaml\u0131 bir sunum ger\u00e7ekle\u015ftirerek teknik detaylar\u0131 payla\u015ft\u0131. Ruhsat a\u015famas\u0131ndan oturma raporuna kadar olan yap\u0131 in\u015faat s\u00fcre\u00e7lerin iyile\u015ftirilmesi ve h\u0131zland\u0131r\u0131lmas\u0131 ad\u0131na at\u0131labilecek ad\u0131mlar\u0131n ele al\u0131nd\u0131\u011f\u0131 bulu\u015fmada; in\u015faat \u015fantiyelerinde al\u0131nmas\u0131 gereken g\u00fcvenlik \u00f6nlemleri, mevzuat ve 6306 say\u0131l\u0131 kanun ile yerinde d\u00f6n\u00fc\u015f\u00fcm \u00e7al\u0131\u015fmalar\u0131 masaya yat\u0131r\u0131ld\u0131. Sekt\u00f6r temsilcileri de sahada kar\u015f\u0131la\u015ft\u0131klar\u0131 sorunlar\u0131 ve \u00e7\u00f6z\u00fcm \u00f6nerilerini dile getirirken, daha d\u00fczenli bir Kar\u015f\u0131yaka i\u00e7in \u00fczerlerine d\u00fc\u015fen sorumluluklar\u0131 yerine getirmeye haz\u0131r olduklar\u0131n\u0131 vurgulad\u0131. Ayr\u0131ca, uygulama s\u00fcre\u00e7lerinde vatanda\u015flar\u0131n g\u00fcnl\u00fck ya\u015fam konforunu bozmamak ve kent d\u00fczenini korumak ad\u0131na uyulmas\u0131 gereken kurallar \u00fczerinde fikir birli\u011fine var\u0131ld\u0131.<\/p>\n<p><b>\u201cB\u0130L\u0130M\u0130N I\u015eI\u011eINDA\u201d<\/b><\/p>\n<p>Kar\u015f\u0131yaka Belediye Ba\u015fkan\u0131 Y\u0131ld\u0131z \u00dcnsal, \u201cKar\u015f\u0131yakam\u0131z\u0131n yap\u0131la\u015fma s\u00fcrecini ortak ak\u0131l ve bilimsel veriler \u0131\u015f\u0131\u011f\u0131nda y\u00f6netmek i\u00e7in t\u00fcm payda\u015flar\u0131m\u0131zla bir araya gelmeye devam ediyoruz. Bu s\u00fcre\u00e7te \u015feffafl\u0131\u011f\u0131 esas al\u0131yor; ruhsattan oturma raporuna kadar t\u00fcm teknik a\u015famalar\u0131n mevzuata uygun ve d\u00fczenli bir \u015fekilde ilerlemesini hedefliyoruz. Meslek odalar\u0131m\u0131z ve sekt\u00f6r temsilcilerimizle y\u00fcr\u00fctt\u00fc\u011f\u00fcm\u00fcz bu koordinasyon, il\u00e7emizin teknik standartlar\u0131n\u0131 daha ileriye ta\u015f\u0131ma noktas\u0131nda b\u00fcy\u00fck \u00f6nem arz ediyor. Bu do\u011frultuda, il\u00e7emizin gelece\u011fini birlikte in\u015fa etmek i\u00e7in ortak ak\u0131l bulu\u015fmalar\u0131n\u0131 s\u00fcrd\u00fcrece\u011fiz. Katk\u0131 koyan, emek veren t\u00fcm payda\u015flar\u0131m\u0131za ve mesai arkada\u015flar\u0131ma te\u015fekk\u00fcrlerimi sunuyorum. Kar\u015f\u0131yaka\u2019n\u0131n kimli\u011fine sahip \u00e7\u0131karak, il\u00e7emizin fiziksel \u00e7evresini daha d\u00fczenli ve diren\u00e7li bir yap\u0131ya kavu\u015fturmak i\u00e7in \u00e7al\u0131\u015fmaya devam edece\u011fiz\u201d diye konu\u015ftu.<\/p>\n<p>\u00a0<\/p>\n<p>Kaynak: (BYZHA) Beyaz Haber Ajans\u0131<\/p>\n","protected":false},"excerpt":{"rendered":"<p>Kar\u015f\u0131yaka Belediyesi, kentin gelecekteki yap\u0131la\u015fma s\u00fcrecini planlamak amac\u0131yla in\u015faat sekt\u00f6r\u00fc temsilcileriyle bir araya geldi.<\/p>\n","protected":false},"author":1,"featured_media":6038,"comment_status":"open","ping_status":"open","sticky":false,"template":"","format":"standard","meta":{"footnotes":""},"categories":[31],"tags":[],"class_list":["post-6037","post","type-post","status-publish","format-standard","has-post-thumbnail","hentry","category-saglik"],"_links":{"self":[{"href":"https:\/\/ekonomievreni.com\/index.php?rest_route=\/wp\/v2\/posts\/6037","targetHints":{"allow":["GET"]}}],"collection":[{"href":"https:\/\/ekonomievreni.com\/index.php?rest_route=\/wp\/v2\/posts"}],"about":[{"href":"https:\/\/ekonomievreni.com\/index.php?rest_route=\/wp\/v2\/types\/post"}],"author":[{"embeddable":true,"href":"https:\/\/ekonomievreni.com\/index.php?rest_route=\/wp\/v2\/users\/1"}],"replies":[{"embeddable":true,"href":"https:\/\/ekonomievreni.com\/index.php?rest_route=%2Fwp%2Fv2%2Fcomments&post=6037"}],"version-history":[{"count":1,"href":"https:\/\/ekonomievreni.com\/index.php?rest_route=\/wp\/v2\/posts\/6037\/revisions"}],"predecessor-version":[{"id":6039,"href":"https:\/\/ekonomievreni.com\/index.php?rest_route=\/wp\/v2\/posts\/6037\/revisions\/6039"}],"wp:featuredmedia":[{"embeddable":true,"href":"https:\/\/ekonomievreni.com\/index.php?rest_route=\/wp\/v2\/media\/6038"}],"wp:attachment":[{"href":"https:\/\/ekonomievreni.com\/index.php?rest_route=%2Fwp%2Fv2%2Fmedia&parent=6037"}],"wp:term":[{"taxonomy":"category","embeddable":true,"href":"https:\/\/ekonomievreni.com\/index.php?rest_route=%2Fwp%2Fv2%2Fcategories&post=6037"},{"taxonomy":"post_tag","embeddable":true,"href":"https:\/\/ekonomievreni.com\/index.php?rest_route=%2Fwp%2Fv2%2Ftags&post=6037"}],"curies":[{"name":"wp","href":"https:\/\/api.w.org\/{rel}","templated":true}]}}