{"id":6031,"date":"2026-04-27T13:50:36","date_gmt":"2026-04-27T10:50:36","guid":{"rendered":"https:\/\/ekonomievreni.com\/?p=6031"},"modified":"2026-04-27T13:50:37","modified_gmt":"2026-04-27T10:50:37","slug":"61-cumhurbaskanligi-turkiye-bisiklet-turunda-4-etap-marmaristen-fethiyeye-uzanan-buyuk-mucadele","status":"publish","type":"post","link":"https:\/\/ekonomievreni.com\/?p=6031","title":{"rendered":"61. Cumhurba\u015fkanl\u0131\u011f\u0131 T\u00fcrkiye Bisiklet Turu\u2019nda 4. Etap: Marmaris\u2019ten Fethiye\u2019ye uzanan b\u00fcy\u00fck m\u00fccadele"},"content":{"rendered":"<p> 61.Cumhurba\u015fkanl\u0131\u011f\u0131 T\u00fcrkiye Bisiklet Turu, 26 Nisan\u2019da \u00c7e\u015fme\u2019den ba\u015flayan yolculu\u011funu 29 Nisan \u00c7ar\u015famba g\u00fcn\u00fc ko\u015fulacak Marmaris \u2013 Fethiye etab\u0131yla s\u00fcrd\u00fcrecek.\u00a0<\/p>\n<p>23 tak\u0131m, 27 \u00fclkeden 161 bisiklet\u00e7inin m\u00fccadele etti\u011fi TUR 2026, 8 etap boyunca yaln\u0131zca sportif rekabeti de\u011fil, T\u00fcrkiye\u2019nin do\u011fal, tarihi ve k\u00fclt\u00fcrel zenginliklerini de uluslararas\u0131 yay\u0131n a\u011f\u0131yla d\u00fcnya sahnesine ta\u015f\u0131maya devam ediyor.<\/p>\n<p>29 Nisan \u00c7ar\u015famba g\u00fcn\u00fc ger\u00e7ekle\u015ftirilecek Marmaris \u2013 Fethiye etab\u0131, 14.30 \u2013 16.30 saatleri aras\u0131nda TRT Spor ve Eurosport ekranlar\u0131ndan canl\u0131 yay\u0131nlanacak ve uluslararas\u0131 yay\u0131n a\u011f\u0131yla d\u00fcnya genelinde izleyiciyle bulu\u015facak.<\/p>\n<p><strong>4. Etap: Marmaris \u2013 Fethiye (130,4 km)\u00a0<\/strong><\/p>\n<p>29 Nisan \u00c7ar\u015famba g\u00fcn\u00fc ko\u015fulacak 4. etap, 130,4 kilometrelik parkurda ger\u00e7ekle\u015ftirilecek. Marmaris\u2019ten 13.10\u2019da start alacak etap, Fethiye\u2019de sona erecek.<\/p>\n<p>Akdeniz k\u0131y\u0131lar\u0131n\u0131n e\u015fsiz manzaras\u0131 e\u015fli\u011finde ba\u015flayacak etap; Marmaris \u00e7\u0131k\u0131\u015f\u0131n\u0131n ard\u0131ndan G\u00f6kova hatt\u0131na y\u00f6nelerek ini\u015fli \u00e7\u0131k\u0131\u015fl\u0131 bir parkurda ilerleyecek. Etab\u0131n ilk b\u00f6l\u00fcm\u00fcnde sporcular\u0131 zorlayacak k\u0131sa t\u0131rman\u0131\u015flar ritmi belirlerken, parkurun orta b\u00f6l\u00fcm\u00fcnde yer alan T\u00fcrkiye G\u00fczellikleri Sprint Kap\u0131s\u0131 sprinterler i\u00e7in \u00f6nemli bir hedef olacak.<\/p>\n<p>Yar\u0131\u015f\u0131n ikinci yar\u0131s\u0131nda tempoyu belirleyecek kritik nokta ise G\u00f6cek yolunda konumlanan 3. kategori t\u0131rman\u0131\u015f olacak. Bu b\u00f6l\u00fcmde ya\u015fanacak m\u00fccadele, da\u011f klasman\u0131 puanlar\u0131n\u0131n yan\u0131 s\u0131ra etap dinamiklerini de do\u011frudan etkileyecek. T\u0131rman\u0131\u015f\u0131n ard\u0131ndan Fethiye\u2019ye do\u011fru uzanan parkurda ini\u015fli ve ak\u0131c\u0131 bir b\u00f6l\u00fcm sporcular\u0131 beklerken, son kilometrelerde yeniden \u015fekillenecek tempo fini\u015f m\u00fccadelesine sahne olacak.<\/p>\n<p>Fethiye\u2019ye uzanan son b\u00f6l\u00fcm, teknik yap\u0131s\u0131 ve hafif dalgal\u0131 profiliyle farkl\u0131 yar\u0131\u015f senaryolar\u0131na a\u00e7\u0131k bir fini\u015f sunarken, sporcular\u0131n 16.00 \u2013 16.15 saatleri aras\u0131nda fini\u015f \u00e7izgisine ula\u015fmas\u0131 bekleniyor.<\/p>\n<p>Bu etap, Marmaris ile Fethiye\u2019yi bir kez daha ayn\u0131 rotada bulu\u015ftururken, TUR\u2019un en keyifli k\u0131y\u0131 etaplar\u0131ndan biri olarak \u00f6ne \u00e7\u0131k\u0131yor. Fethiye ise y\u0131llar i\u00e7inde ev sahipli\u011fi yapt\u0131\u011f\u0131 etap fini\u015fleriyle organizasyonun k\u00f6kl\u00fc duraklar\u0131ndan biri olmay\u0131 s\u00fcrd\u00fcr\u00fcyor.<\/p>\n<p><strong>Fethiye fini\u015fi: TUR tarihinde k\u00f6kl\u00fc bir durak<\/strong><\/p>\n<p>\u0130lk kez 1987 y\u0131l\u0131nda Cumhurba\u015fkanl\u0131\u011f\u0131 T\u00fcrkiye Bisiklet Turu rotas\u0131na dahil edilen Fethiye, y\u0131llar i\u00e7inde bir\u00e7ok \u00f6nemli etab\u0131n fini\u015fine ev sahipli\u011fi yaparak organizasyonun haf\u0131zas\u0131nda \u00f6zel bir yer edindi. 2026 y\u0131l\u0131 itibar\u0131yla 12. kez etap fini\u015fine sahne olacak Fethiye, Marmaris ile birlikte TUR\u2019un en dikkat \u00e7eken k\u0131y\u0131 etaplar\u0131ndan birine ev sahipli\u011fi yapmay\u0131 s\u00fcrd\u00fcr\u00fcyor.<\/p>\n<p>Marmaris \u2013 Fethiye etab\u0131 ilk kez 2000 y\u0131l\u0131nda ko\u015fulurken, iki \u00f6nemli turizm merkezini bulu\u015fturan bu parkur TUR tarihinde toplam 20 kez ger\u00e7ekle\u015ftirildi. Fethiye\u2019de elde edilen son T\u00fcrk etap zaferi ise 2002 y\u0131l\u0131nda Nevzat K\u0131ral\u2019dan geldi.<\/p>\n<p><strong>Ege\u2019den Akdeniz\u2019e uzanan do\u011fa ve tarih rotas\u0131\u00a0<\/strong><\/p>\n<p>Marmaris\u2019ten Fethiye\u2019ye uzanan bu etap, yaln\u0131zca sportif rekabetiyle de\u011fil, Ege\u2019den Akdeniz\u2019e ge\u00e7i\u015fi simgeleyen e\u015fsiz do\u011fas\u0131, k\u00f6kl\u00fc tarihi ve zengin ya\u015fam k\u00fclt\u00fcr\u00fcyle de dikkat \u00e7ekiyor. \u00c7am ormanlar\u0131n\u0131n masmavi koylarla bulu\u015ftu\u011fu Marmaris, antik \u00e7a\u011f\u0131n \u00f6nemli liman kentlerinden biri olarak denizcilik miras\u0131n\u0131 g\u00fcn\u00fcm\u00fcze ta\u015f\u0131rken; modern marinalar\u0131, tarihi \u00e7ar\u015f\u0131s\u0131 ve do\u011fal zenginlikleriyle bu yolculu\u011fun ba\u015flang\u0131\u00e7 noktas\u0131nda g\u00fc\u00e7l\u00fc bir hik\u00e2ye sunuyor.<\/p>\n<p>Marmaris \u00e7\u0131k\u0131\u015f\u0131n\u0131n ard\u0131ndan sporcular\u0131 kar\u015f\u0131layan A\u015f\u0131klar Yolu, g\u00f6ky\u00fcz\u00fcne uzanan okalipt\u00fcs a\u011fa\u00e7lar\u0131n\u0131n olu\u015fturdu\u011fu do\u011fal t\u00fcneliyle rotaya g\u00f6rsel bir derinlik katarken, K\u00f6yce\u011fiz G\u00f6l\u00fc \u00e7evresi ve Dalyan hatt\u0131 do\u011fan\u0131n en sakin ve etkileyici y\u00fcz\u00fcn\u00fc ortaya koyuyor. Antik Kaunos kenti ve kaya mezarlar\u0131yla tarihsel bir yolculuk sunan bu b\u00f6lge, \u0130ztuzu Plaj\u0131 ve Caretta Caretta kaplumba\u011falar\u0131yla da T\u00fcrkiye\u2019nin en \u00f6zel ekolojik de\u011ferlerinden birine ev sahipli\u011fi yap\u0131yor.<\/p>\n<p>Rotan\u0131n devam\u0131nda yer alan G\u00f6cek, kristal berrakl\u0131\u011f\u0131ndaki koylar\u0131 ve d\u00fcnyaca \u00fcnl\u00fc yat\u00e7\u0131l\u0131k k\u00fclt\u00fcr\u00fcyle Akdeniz\u2019in en se\u00e7kin duraklar\u0131ndan biri olarak \u00f6ne \u00e7\u0131karken, do\u011fayla uyumlu yap\u0131s\u0131 ve sakin atmosferiyle bu yolculu\u011fa ayr\u0131 bir karakter kazand\u0131r\u0131yor.<\/p>\n<p>Etab\u0131n fini\u015f noktas\u0131 Fethiye ise antik Telmessos\u2019tan g\u00fcn\u00fcm\u00fcze uzanan tarihi, \u00d6l\u00fcdeniz\u2019in turkuaz sular\u0131, Babada\u011f\u2019dan y\u00fckselen yama\u00e7 para\u015f\u00fctleri ve Kayak\u00f6y\u2019\u00fcn b\u00fcy\u00fcleyici dokusuyla ziyaret\u00e7ilerine \u00e7ok katmanl\u0131 bir deneyim sunuyor. Sakl\u0131kent Kanyonu\u2019ndan Kelebekler Vadisi\u2019ne uzanan do\u011fal zenginlikleriyle Fethiye, bu etab\u0131 yaln\u0131zca bir yar\u0131\u015f parkuru olmaktan \u00e7\u0131kararak d\u00fcnya vitrinine ta\u015f\u0131nan e\u015fsiz bir ke\u015fif rotas\u0131na d\u00f6n\u00fc\u015ft\u00fcr\u00fcyor.<\/p>\n<p><strong>Ege\u2019den Akdeniz\u2019e uzanan lezzet yolculu\u011fu<\/strong><\/p>\n<p>Marmaris\u2019ten Fethiye\u2019ye uzanan etap boyunca, Ege ve Akdeniz mutfaklar\u0131n\u0131n zengin lezzetleri yar\u0131\u015fa e\u015flik ediyor. Marmaris\u2019in deniz \u00fcr\u00fcnleriyle \u00f6ne \u00e7\u0131kan mutfak k\u00fclt\u00fcr\u00fc, b\u00f6lgeye \u00f6zg\u00fc zeytinya\u011fl\u0131lar ve ot yemekleriyle birle\u015ferek etap boyunca g\u00fc\u00e7l\u00fc bir gastronomi \u00e7e\u015fitlili\u011fi sunuyor.<\/p>\n<p>K\u00f6yce\u011fiz ve Dalyan hatt\u0131nda do\u011fayla i\u00e7 i\u00e7e \u015fekillenen yerel mutfak, taze \u00fcr\u00fcnleri ve geleneksel tarifleriyle dikkat \u00e7ekerken; G\u00f6cek\u2019te \u00f6ne \u00e7\u0131kan taze bal\u0131klar ve deniz mahsulleri, Akdeniz mutfa\u011f\u0131n\u0131n en rafine \u00f6rneklerini yans\u0131t\u0131yor.<\/p>\n<p>Fethiye\u2019de ise zeytinya\u011fl\u0131 sarma, otlu b\u00f6rek ve b\u00f6lgeye \u00f6zg\u00fc lezzetler, bu yolculu\u011fu tamamlayan \u00f6zg\u00fcn tatlar olarak \u00f6ne \u00e7\u0131k\u0131yor. Ege\u2019nin do\u011fall\u0131\u011f\u0131 ile Akdeniz\u2019in zenginli\u011fini bir araya getiren bu gastronomi rotas\u0131, uluslararas\u0131 izleyiciye T\u00fcrkiye\u2019nin mutfak k\u00fclt\u00fcr\u00fcn\u00fc g\u00fc\u00e7l\u00fc bir \u015fekilde yans\u0131t\u0131yor.<\/p>\n<p><strong>TUR2026\u2019n\u0131n En Uzun Etab\u0131 Yar\u0131n Ko\u015fulacak<\/strong><\/p>\n<p>Cumhurba\u015fkanl\u0131\u011f\u0131 T\u00fcrkiye Bisiklet Turu\u2019nun be\u015finci etab\u0131nda (30 Nisan), Patara\u2019dan Kemer\u2019e uzanan zorlu parkur, uzun mesafesi ve kritik t\u0131rman\u0131\u015flar\u0131yla \u00f6nemli anlara sahne olacak.<\/p>\n<p>\u00a0<\/p>\n<p>Kaynak: (BYZHA) Beyaz Haber Ajans\u0131<\/p>\n","protected":false},"excerpt":{"rendered":"<p>61.<\/p>\n","protected":false},"author":1,"featured_media":6032,"comment_status":"open","ping_status":"open","sticky":false,"template":"","format":"standard","meta":{"footnotes":""},"categories":[33],"tags":[],"class_list":["post-6031","post","type-post","status-publish","format-standard","has-post-thumbnail","hentry","category-spor"],"_links":{"self":[{"href":"https:\/\/ekonomievreni.com\/index.php?rest_route=\/wp\/v2\/posts\/6031","targetHints":{"allow":["GET"]}}],"collection":[{"href":"https:\/\/ekonomievreni.com\/index.php?rest_route=\/wp\/v2\/posts"}],"about":[{"href":"https:\/\/ekonomievreni.com\/index.php?rest_route=\/wp\/v2\/types\/post"}],"author":[{"embeddable":true,"href":"https:\/\/ekonomievreni.com\/index.php?rest_route=\/wp\/v2\/users\/1"}],"replies":[{"embeddable":true,"href":"https:\/\/ekonomievreni.com\/index.php?rest_route=%2Fwp%2Fv2%2Fcomments&post=6031"}],"version-history":[{"count":1,"href":"https:\/\/ekonomievreni.com\/index.php?rest_route=\/wp\/v2\/posts\/6031\/revisions"}],"predecessor-version":[{"id":6033,"href":"https:\/\/ekonomievreni.com\/index.php?rest_route=\/wp\/v2\/posts\/6031\/revisions\/6033"}],"wp:featuredmedia":[{"embeddable":true,"href":"https:\/\/ekonomievreni.com\/index.php?rest_route=\/wp\/v2\/media\/6032"}],"wp:attachment":[{"href":"https:\/\/ekonomievreni.com\/index.php?rest_route=%2Fwp%2Fv2%2Fmedia&parent=6031"}],"wp:term":[{"taxonomy":"category","embeddable":true,"href":"https:\/\/ekonomievreni.com\/index.php?rest_route=%2Fwp%2Fv2%2Fcategories&post=6031"},{"taxonomy":"post_tag","embeddable":true,"href":"https:\/\/ekonomievreni.com\/index.php?rest_route=%2Fwp%2Fv2%2Ftags&post=6031"}],"curies":[{"name":"wp","href":"https:\/\/api.w.org\/{rel}","templated":true}]}}