{"id":5977,"date":"2026-04-27T11:00:33","date_gmt":"2026-04-27T08:00:33","guid":{"rendered":"https:\/\/ekonomievreni.com\/?p=5977"},"modified":"2026-04-27T11:00:34","modified_gmt":"2026-04-27T08:00:34","slug":"varis-ve-lipodeme-zemin-hazirlayan-8-etken","status":"publish","type":"post","link":"https:\/\/ekonomievreni.com\/?p=5977","title":{"rendered":"Varis ve Lip\u00f6dem\u2019e zemin haz\u0131rlayan 8 etken!"},"content":{"rendered":"<p> G\u00fcn\u00fcm\u00fczde \u00f6zellikle kad\u0131nlarda s\u0131k g\u00f6r\u00fclen varis ve lip\u00f6dem, dola\u015f\u0131m sistemiyle ili\u015fkili, son derece \u00f6nemli iki hastal\u0131k olmas\u0131na ra\u011fmen toplumsal fark\u0131ndal\u0131\u011f\u0131n az olmas\u0131 nedeniyle sadece estetik bir problem gibi alg\u0131lanarak g\u00f6z ard\u0131 edilebiliyor. Bu durum da tan\u0131 ve tedavide gecikmelere yol a\u00e7abiliyor.\u00a0<strong>Ac\u0131badem Kozyata\u011f\u0131 Hastanesi Kalp ve Damar Cerrahisi (KVC) Uzman\u0131 Dr. Arzu Ercan<\/strong>, \u201cSinsi ilerleyen ve tedavi edilmedi\u011finde ya\u015fam kalitesini ciddi \u015fekilde d\u00fc\u015f\u00fcrebilen varis ve lip\u00f6dem, hastalar taraf\u0131ndan \u00e7o\u011fu zaman kilo art\u0131\u015f\u0131 ya da v\u00fccutta hacim art\u0131\u015f\u0131 ile kar\u0131\u015ft\u0131r\u0131labilmektedir. Bu nedenle bacaklarda ge\u00e7meyen \u015fi\u015flik, a\u011fr\u0131, hassasiyet, \u015fekil bozuklu\u011fu ve morarma gibi belirtiler mutlaka ciddiye al\u0131nmal\u0131 ve gecikmeden doktora ba\u015fvurulmal\u0131d\u0131r\u201d diyor. KVC Uzman\u0131 Dr. Ercan, varis ve lip\u00f6deme zemin haz\u0131rlayan 8 etkeni s\u0131ralad\u0131, \u00f6nemli uyar\u0131lar ve \u00f6nerilerde bulundu.\u00a0<\/p>\n<p>Son y\u0131llarda hareketsiz (sedanter) ya\u015fam, bilgisayar ba\u015f\u0131nda uzun s\u00fcre kesintisiz oturma, sa\u011fl\u0131ks\u0131z beslenme, fazla kilo, a\u015f\u0131r\u0131 tuz t\u00fcketimi, yetersiz su i\u00e7me, d\u00fczenli egzersiz yap\u0131lmamas\u0131 ve yanl\u0131\u015f k\u0131yafet se\u00e7imi gibi etkenler, dola\u015f\u0131m sistemini ciddi \u015fekilde bozabiliyor. G\u00fcnl\u00fck ya\u015famda \u00e7o\u011fu zaman fark edilmeyen bu hatalar zamanla bacaklarda \u015fi\u015flik, a\u011fr\u0131 ve dola\u015f\u0131m bozukluklar\u0131na zemin haz\u0131rlayabiliyor.\u00a0<strong>Ac\u0131badem Kozyata\u011f\u0131 Hastanesi Kalp ve Damar Cerrahisi (KVC) Uzman\u0131 Dr. Arzu Ercan\u00a0<\/strong>genetik etkenlerin yan\u0131 s\u0131ra yanl\u0131\u015f ya\u015fam al\u0131\u015fkanl\u0131klar\u0131n\u0131n da varis ve lip\u00f6demin g\u00fcn\u00fcm\u00fczde h\u0131zla yayg\u0131nla\u015fmas\u0131na yol a\u00e7t\u0131\u011f\u0131n\u0131 belirterek, erken d\u00f6nemde m\u00fcdahale edilmezse tablonun daha da a\u011f\u0131rla\u015fabilece\u011fini s\u00f6yl\u00fcyor. \u00a0Bacaklarda a\u011fr\u0131, \u015fi\u015flik, morarma ve \u015fekil bozuklu\u011fu gibi belirtilerin mutlaka ciddiye al\u0131nmas\u0131 ve zaman kaybetmeden doktora ba\u015furulmas\u0131 gerekti\u011fini belirten Dr. Ercan \u201cNas\u0131l olsa ge\u00e7er\u201d diyerek belirtileri g\u00f6rmezden gelmek ya da doktora gitmeyi ertelemek hastal\u0131\u011f\u0131n ilerlemesine yol a\u00e7ar. Erken d\u00f6nemde doktora ba\u015fvurmak en kritik ad\u0131md\u0131r\u201d diyor.<\/p>\n<p><strong>\u201cKilo ald\u0131m\u201d san\u0131l\u0131yor, ama!..<\/strong><\/p>\n<p>Lip\u00f6demin \u00e7o\u011fu zaman kilo art\u0131\u015f\u0131yla kar\u0131\u015ft\u0131r\u0131ld\u0131\u011f\u0131n\u0131 vurgulayan Dr. Ercan \u201cLip\u00f6dem, v\u00fccudun \u00f6zellikle alt b\u00f6lgelerinde anormal ya\u011f birikimi ile karakterize kronik bir ya\u011f dokusu hastal\u0131\u011f\u0131d\u0131r. Hastalar genellikle bunu kilo art\u0131\u015f\u0131 zanneder ve diyet-egzersize ra\u011fmen sonu\u00e7 alamad\u0131klar\u0131nda hayal k\u0131r\u0131kl\u0131\u011f\u0131 ya\u015farlar\u201d diyor.\u00a0<\/p>\n<p>Varisin ise; toplardamarlar\u0131n geni\u015flemesi ve i\u015flevini yitirmesi sonucu ortaya \u00e7\u0131kt\u0131\u011f\u0131n\u0131 belirten Dr. Ercan, kan\u0131n geriye ka\u00e7mas\u0131yla damarlar\u0131n belirginle\u015fti\u011fini ifade ediyor. Hastal\u0131\u011f\u0131n zamanla a\u011fr\u0131, yanma ve \u015fi\u015flik gibi \u015fikayetlerle ilerleyebilece\u011fini ve \u00f6zellikle uzun s\u00fcre ayakta kalan ki\u015filerde riskin artt\u0131\u011f\u0131n\u0131 vurguluyor.\u00a0<\/p>\n<p><strong>Modern tedaviler y\u00fcz g\u00fcld\u00fcr\u00fcyor<\/strong><\/p>\n<p>G\u00fcn\u00fcm\u00fczde geli\u015fen t\u0131bbi y\u00f6ntemlerle hem varis hem de lip\u00f6dem tedavisinde ba\u015far\u0131l\u0131 sonu\u00e7lar al\u0131nd\u0131\u011f\u0131n\u0131 belirten KVC Uzman\u0131 Dr. Arzu Ercan \u015f\u00f6yle konu\u015fuyor: \u201cLazer ve radyofrekans gibi minimal invaziv y\u00f6ntemlerle varis tedavi edilebilmektedir. Lip\u00f6demde ise manul lenf drenaj\u0131, kompresyon tedavisi ve egzersiz temelli multidisipliner yakla\u015f\u0131mlar \u00f6n plana \u00e7\u0131kmaktad\u0131r. Art\u0131k ameliyats\u0131z ya da minimal giri\u015fimlerle hastalar k\u0131sa s\u00fcrede g\u00fcnl\u00fck hayatlar\u0131na d\u00f6nebiliyor. Ancak tedavi s\u00fcrecinde ki\u015fiye \u00f6zel planlama b\u00fcy\u00fck \u00f6nem ta\u015f\u0131yor.\u201d\u00a0<\/p>\n<p><strong>xxxxxxxx Kutu Bilgisi xxxxxxxxxx<\/strong><\/p>\n<p><strong>Varis ve Lip\u00f6dem\u2019e zemin haz\u0131rlayan 8 etken!<\/strong><\/p>\n<p>KVC Uzman\u0131 Dr. Arzu Ercan, varis ve lip\u00f6deme yol a\u00e7abilen 8 etkeni \u015f\u00f6yle a\u00e7\u0131kl\u0131yor:<\/p>\n<ul>\n<li>Uzun s\u00fcre hareketsiz kalmak<\/li>\n<li>Dar k\u0131yafetler ve yanl\u0131\u015f ayakkab\u0131 se\u00e7imi\u00a0<\/li>\n<li>D\u00fczenli egzersiz yapmamak<\/li>\n<li>Fazla kilo\u00a0<\/li>\n<li>Dengesiz beslenme\u00a0<\/li>\n<li>A\u015f\u0131r\u0131 tuz t\u00fcketimi\u00a0<\/li>\n<li>Bilgisayar ba\u015f\u0131nda uzun s\u00fcre kesintisiz oturmak<\/li>\n<li>Yetersiz su t\u00fcketimi<\/li>\n<\/ul>\n<p>\u00a0<\/p>\n<p>Kaynak: (BYZHA) Beyaz Haber Ajans\u0131<\/p>\n","protected":false},"excerpt":{"rendered":"<p>G\u00fcn\u00fcm\u00fczde \u00f6zellikle kad\u0131nlarda s\u0131k g\u00f6r\u00fclen varis ve lip\u00f6dem, dola\u015f\u0131m sistemiyle ili\u015fkili, son derece \u00f6nemli iki hastal\u0131k olmas\u0131na ra\u011fmen toplumsal fark\u0131ndal\u0131\u011f\u0131n az olmas\u0131 nedeniyle sadece estetik bir problem gibi alg\u0131lanarak g\u00f6z ard\u0131 edilebiliyor.<\/p>\n","protected":false},"author":1,"featured_media":5978,"comment_status":"open","ping_status":"open","sticky":false,"template":"","format":"standard","meta":{"footnotes":""},"categories":[31],"tags":[],"class_list":["post-5977","post","type-post","status-publish","format-standard","has-post-thumbnail","hentry","category-saglik"],"_links":{"self":[{"href":"https:\/\/ekonomievreni.com\/index.php?rest_route=\/wp\/v2\/posts\/5977","targetHints":{"allow":["GET"]}}],"collection":[{"href":"https:\/\/ekonomievreni.com\/index.php?rest_route=\/wp\/v2\/posts"}],"about":[{"href":"https:\/\/ekonomievreni.com\/index.php?rest_route=\/wp\/v2\/types\/post"}],"author":[{"embeddable":true,"href":"https:\/\/ekonomievreni.com\/index.php?rest_route=\/wp\/v2\/users\/1"}],"replies":[{"embeddable":true,"href":"https:\/\/ekonomievreni.com\/index.php?rest_route=%2Fwp%2Fv2%2Fcomments&post=5977"}],"version-history":[{"count":1,"href":"https:\/\/ekonomievreni.com\/index.php?rest_route=\/wp\/v2\/posts\/5977\/revisions"}],"predecessor-version":[{"id":5979,"href":"https:\/\/ekonomievreni.com\/index.php?rest_route=\/wp\/v2\/posts\/5977\/revisions\/5979"}],"wp:featuredmedia":[{"embeddable":true,"href":"https:\/\/ekonomievreni.com\/index.php?rest_route=\/wp\/v2\/media\/5978"}],"wp:attachment":[{"href":"https:\/\/ekonomievreni.com\/index.php?rest_route=%2Fwp%2Fv2%2Fmedia&parent=5977"}],"wp:term":[{"taxonomy":"category","embeddable":true,"href":"https:\/\/ekonomievreni.com\/index.php?rest_route=%2Fwp%2Fv2%2Fcategories&post=5977"},{"taxonomy":"post_tag","embeddable":true,"href":"https:\/\/ekonomievreni.com\/index.php?rest_route=%2Fwp%2Fv2%2Ftags&post=5977"}],"curies":[{"name":"wp","href":"https:\/\/api.w.org\/{rel}","templated":true}]}}