{"id":5917,"date":"2026-04-26T15:13:31","date_gmt":"2026-04-26T12:13:31","guid":{"rendered":"https:\/\/ekonomievreni.com\/?p=5917"},"modified":"2026-04-26T15:13:32","modified_gmt":"2026-04-26T12:13:32","slug":"bucada-dogayla-ic-ice-sosyal-hizmet-dere-kafe","status":"publish","type":"post","link":"https:\/\/ekonomievreni.com\/?p=5917","title":{"rendered":"Buca\u2019da do\u011fayla i\u00e7 i\u00e7e sosyal hizmet: Dere Kafe"},"content":{"rendered":"<p> Buca Belediyesi\u2019nin i\u015fletmelerinden birisi olan ve Kaynaklar\u2019\u0131n e\u015fsiz do\u011fas\u0131nda, y\u00fcksek hijyen standartlar\u0131yla hizmet veren Dere Kafe kaliteyi uygun fiyatlarla sunuyor.\u00a0<\/p>\n<p>Buca Belediyesi\u2019nin sosyal belediyecilik anlay\u0131\u015f\u0131yla hayata ge\u00e7irdi\u011fi tesisler, Bucal\u0131lara hem kaliteli hem de ekonomik ka\u00e7\u0131\u015f noktas\u0131 sunuyor. Bu tesislerin ba\u015f\u0131nda gelen ve Kaynaklar\u2019\u0131n huzurlu atmosferinde, su kenar\u0131nda konumlanan Dere Kafe, modern hizmet anlay\u0131\u015f\u0131yla Bucal\u0131lar\u0131n vazge\u00e7ilmezi olmay\u0131 s\u00fcrd\u00fcr\u00fcyor. Vatanda\u015flar\u0131n ekonomik kayg\u0131 duymadan keyifle sosyalle\u015febilece\u011fi modern bir ya\u015fam alan\u0131 olarak \u00f6ne \u00e7\u0131kan Dere Kafe, kamu i\u015fletmesi g\u00fcvencesiyle en y\u00fcksek hijyen standartlar\u0131n\u0131 sunuyor.<\/p>\n<p><strong>BA\u015eKAN&#8217;DAN &#8220;E\u015e\u0130T H\u0130ZMET&#8221; VURGUSU<\/strong><\/p>\n<p>Buca Belediye Ba\u015fkan\u0131 G\u00f6rkem Duman, her vatanda\u015f\u0131n kaliteli hizmete eri\u015fim hakk\u0131 oldu\u011funu belirterek \u015funlar\u0131 s\u00f6yledi: &#8220;Sosyal belediyecilik ilkemiz gere\u011fi, halk\u0131m\u0131z\u0131n ailesiyle birlikte huzur i\u00e7inde dinlenebilece\u011fi, do\u011fayla bulu\u015fabilece\u011fi alanlar yaratmay\u0131 \u00f6nceli\u011fimiz olarak g\u00f6r\u00fcyoruz. Dere Kafe\u2019de vatanda\u015flar\u0131m\u0131z\u0131n y\u00fcksek standartlarda hizmete en uygun fiyatlarla ula\u015fmas\u0131n\u0131 sa\u011fl\u0131yoruz. T\u00fcm hem\u015fehrilerimizi bu e\u015fsiz atmosferi payla\u015fmaya davet ediyorum.&#8221;<\/p>\n<p><strong>ZENG\u0130N MEN\u00dc, UYGUN F\u0130YAT<\/strong><\/p>\n<p>Buca Belediyesi\u00a0i\u015ftirak\u0131 BUCAMAR taraf\u0131ndan i\u015fletilen Dere Kafe\u2019nin mutfa\u011f\u0131nda kahvalt\u0131 \u00e7e\u015fitlerinden el a\u00e7mas\u0131 g\u00f6zlemeye, \u0131zgara ve g\u00fcve\u00e7ten hamburger ve k\u0131zartma \u00e7e\u015fitlerine kadar her damak tad\u0131na uygun se\u00e7enekler yer al\u0131yor. 29 Ekim Mahallesi, Kaynaklar K\u00f6y\u00fc No: 4 adresinde bulunan kafe, yaz saati uygulamas\u0131 kapsam\u0131nda hafta i\u00e7i 09.00 ila 17.00, hafta sonu ise 09.00 ila 19.00 saatleri aras\u0131nda hizmet veriyor. Tesis, pazartesi g\u00fcnleri kapal\u0131 oluyor.<\/p>\n<p>Kaynak: (BYZHA) Beyaz Haber Ajans\u0131<\/p>\n","protected":false},"excerpt":{"rendered":"<p>Buca Belediyesi\u2019nin i\u015fletmelerinden birisi olan ve Kaynaklar\u2019\u0131n e\u015fsiz do\u011fas\u0131nda, y\u00fcksek hijyen standartlar\u0131yla hizmet veren Dere Kafe kaliteyi uygun fiyatlarla sunuyor.<\/p>\n","protected":false},"author":1,"featured_media":5918,"comment_status":"open","ping_status":"open","sticky":false,"template":"","format":"standard","meta":{"footnotes":""},"categories":[30],"tags":[],"class_list":["post-5917","post","type-post","status-publish","format-standard","has-post-thumbnail","hentry","category-ekonomi"],"_links":{"self":[{"href":"https:\/\/ekonomievreni.com\/index.php?rest_route=\/wp\/v2\/posts\/5917","targetHints":{"allow":["GET"]}}],"collection":[{"href":"https:\/\/ekonomievreni.com\/index.php?rest_route=\/wp\/v2\/posts"}],"about":[{"href":"https:\/\/ekonomievreni.com\/index.php?rest_route=\/wp\/v2\/types\/post"}],"author":[{"embeddable":true,"href":"https:\/\/ekonomievreni.com\/index.php?rest_route=\/wp\/v2\/users\/1"}],"replies":[{"embeddable":true,"href":"https:\/\/ekonomievreni.com\/index.php?rest_route=%2Fwp%2Fv2%2Fcomments&post=5917"}],"version-history":[{"count":1,"href":"https:\/\/ekonomievreni.com\/index.php?rest_route=\/wp\/v2\/posts\/5917\/revisions"}],"predecessor-version":[{"id":5919,"href":"https:\/\/ekonomievreni.com\/index.php?rest_route=\/wp\/v2\/posts\/5917\/revisions\/5919"}],"wp:featuredmedia":[{"embeddable":true,"href":"https:\/\/ekonomievreni.com\/index.php?rest_route=\/wp\/v2\/media\/5918"}],"wp:attachment":[{"href":"https:\/\/ekonomievreni.com\/index.php?rest_route=%2Fwp%2Fv2%2Fmedia&parent=5917"}],"wp:term":[{"taxonomy":"category","embeddable":true,"href":"https:\/\/ekonomievreni.com\/index.php?rest_route=%2Fwp%2Fv2%2Fcategories&post=5917"},{"taxonomy":"post_tag","embeddable":true,"href":"https:\/\/ekonomievreni.com\/index.php?rest_route=%2Fwp%2Fv2%2Ftags&post=5917"}],"curies":[{"name":"wp","href":"https:\/\/api.w.org\/{rel}","templated":true}]}}