{"id":3712,"date":"2026-03-26T15:17:44","date_gmt":"2026-03-26T12:17:44","guid":{"rendered":"https:\/\/ekonomievreni.com\/?p=3712"},"modified":"2026-03-26T15:17:45","modified_gmt":"2026-03-26T12:17:45","slug":"ozel-gereksinimli-cocuklarda-oncelikli-hedef-curuk-olusmasini-onlemek","status":"publish","type":"post","link":"https:\/\/ekonomievreni.com\/?p=3712","title":{"rendered":"\u00d6zel gereksinimli \u00e7ocuklarda \u00f6ncelikli hedef \u00e7\u00fcr\u00fck olu\u015fmas\u0131n\u0131 \u00f6nlemek!"},"content":{"rendered":"<p> \u00dcsk\u00fcdar \u00dcniversitesi Di\u015f Hastanesi \u00c7ocuk Di\u015f Hekimli\u011fi Ana Bilim Dal\u0131 Dr. \u00d6\u011fr. \u00dcyesi Buse Y\u0131lmaz \u015een, \u00f6zel gereksinimli \u00e7ocuklarda di\u015f sa\u011fl\u0131\u011f\u0131n\u0131n koruyucu y\u00f6ntemlerle nas\u0131l y\u00f6netilebilece\u011fi ve gerekti\u011finde uygulanabilecek tedavi y\u00f6ntemleri hakk\u0131nda bilgi verdi.<\/p>\n<p><strong>Ama\u00e7, \u00e7\u00fcr\u00fck olu\u015fmadan \u00f6nce gerekli \u00f6nlemlerin al\u0131nabilmesi!<\/strong><\/p>\n<p>\u00d6zel gereksinimli \u00e7ocuklarda di\u015f tedavileri planlan\u0131rken, daha \u00e7ok koruyucu uygulamalara odaklan\u0131ld\u0131\u011f\u0131n\u0131 aktaran Dr. \u00d6\u011fr. \u00dcyesi Buse Y\u0131lmaz \u015een, \u201cAmac\u0131m\u0131z, \u00e7\u00fcr\u00fck olu\u015fmadan \u00f6nce gerekli \u00f6nlemleri alabilmek. Bu nedenle \u00f6zel gereksinimi olan \u00e7ocuklar\u0131, ilk di\u015fleri \u00e7\u0131kt\u0131\u011f\u0131 andan itibaren d\u00fczenli aral\u0131klarla klinikte g\u00f6rmek istiyoruz.\u201d dedi.<\/p>\n<p>Bu s\u00fcre\u00e7te minimal invaziv denilen uygulamalar\u0131n \u00f6n plana \u00e7\u0131kt\u0131\u011f\u0131n\u0131 kaydeden Dr. \u00d6\u011fr. \u00dcyesi \u015een, \u201cFlor vernik uygulamalar\u0131 ve do\u011fru di\u015f f\u0131r\u00e7alama al\u0131\u015fkanl\u0131klar\u0131yla, \u00e7\u00fcr\u00fck hen\u00fcz olu\u015fmadan durumu kontrol alt\u0131na almay\u0131 hedefliyoruz.\u201d \u015feklinde konu\u015ftu.<\/p>\n<p><strong>Genel anestezi ile t\u00fcm di\u015f tedavileri tek seansta tamamlanabiliyor!\u00a0<\/strong><\/p>\n<p>T\u00fcm bu \u00f6nlemlere ra\u011fmen \u00e7\u00fcr\u00fc\u011f\u00fcn engellenememesi ve \u00e7ocu\u011fun a\u011fr\u0131 ya\u015famaya ba\u015flamas\u0131 durumunda at\u0131lan ad\u0131mlara de\u011finen Dr. \u00d6\u011fr. \u00dcyesi Buse Y\u0131lmaz \u015een, \u015f\u00f6yle devam etti:<\/p>\n<p>\u201cKoltukta i\u015flem yap\u0131lmas\u0131 \u00e7ok zorsa, bu durumda genel anestezi uygulamalar\u0131na ba\u015fvurulabiliyor. \u00c7ocuk ameliyathane ortam\u0131nda uyur pozisyondayken, t\u00fcm di\u015f tedavilerini tek seansta tamamlanabiliyor. Bu y\u00f6ntem, hem \u00e7ocu\u011fun konforu hem de tedavinin sa\u011fl\u0131kl\u0131 \u015fekilde tamamlanmas\u0131 a\u00e7\u0131s\u0131ndan \u00f6nemli bir avantaj sa\u011fl\u0131yor.\u201d<\/p>\n<p><strong>A\u011f\u0131z bak\u0131m\u0131n\u0131n s\u00fcrd\u00fcr\u00fclebilir hale getirilmesi i\u00e7in aileyle birlikte \u00e7al\u0131\u015f\u0131lmal\u0131!\u00a0<\/strong><\/p>\n<p>Tedavi sonras\u0131nda ise s\u00fcrecin bitmedi\u011fine dikkat \u00e7eken Dr. \u00d6\u011fr. \u00dcyesi Buse Y\u0131lmaz \u015een, \u201cD\u00fczenli kontrollerle birlikte aileyle bir yolculu\u011fa \u00e7\u0131k\u0131l\u0131yor. Bu s\u00fcre\u00e7te nas\u0131l f\u0131r\u00e7alanmal\u0131, hangi \u00fcr\u00fcnler kullan\u0131lmal\u0131 gibi konularda birlikte ilerleniyor ve \u00e7ocu\u011fun a\u011f\u0131z bak\u0131m\u0131n\u0131n s\u00fcrd\u00fcr\u00fclebilir hale getirilmesi hedefleniyor.\u201d dedi.<\/p>\n<p>Di\u015f f\u0131r\u00e7as\u0131 ve macununun yan\u0131 s\u0131ra, \u00f6zel gereksinimli \u00e7ocuklarda a\u011f\u0131z du\u015fu kullan\u0131m\u0131n\u0131 da \u00f6neren Dr. \u00d6\u011fr. \u00dcyesi Buse Y\u0131lmaz \u015een, s\u00f6zlerini \u015f\u00f6yle tamamlad\u0131:<\/p>\n<p>\u201cA\u011f\u0131z du\u015fu; k\u00fc\u00e7\u00fck bir deposu olan, su tabancas\u0131na benzer \u015fekilde tazyikli su f\u0131\u015fk\u0131rtan bir cihazd\u0131r. Evde kullan\u0131m i\u00e7in olduk\u00e7a pratik bir yard\u0131mc\u0131d\u0131r. Tercihen banyodan \u00f6nce, du\u015fakabin i\u00e7inde ya da uygun bir ortamda di\u015f aralar\u0131na tazyikli su uygulanarak temizlik sa\u011flanabilir. Ard\u0131ndan banyo yap\u0131lmas\u0131yla birlikte hem di\u015f hem de v\u00fccut temizli\u011fi bir arada tamamlanm\u0131\u015f olur. Bu \u015fekilde evde a\u011f\u0131z bak\u0131m\u0131n\u0131 daha da g\u00fc\u00e7lendirmek m\u00fcmk\u00fcn olur.\u201d<\/p>\n<p>\u00a0<\/p>\n<p>\u00a0<\/p>\n<p>Kaynak: (BYZHA) Beyaz Haber Ajans\u0131<\/p>\n","protected":false},"excerpt":{"rendered":"<p>\u00dcsk\u00fcdar \u00dcniversitesi Di\u015f Hastanesi \u00c7ocuk Di\u015f Hekimli\u011fi Ana Bilim Dal\u0131 Dr.<\/p>\n","protected":false},"author":1,"featured_media":3713,"comment_status":"open","ping_status":"open","sticky":false,"template":"","format":"standard","meta":{"footnotes":""},"categories":[31],"tags":[],"class_list":["post-3712","post","type-post","status-publish","format-standard","has-post-thumbnail","hentry","category-saglik"],"_links":{"self":[{"href":"https:\/\/ekonomievreni.com\/index.php?rest_route=\/wp\/v2\/posts\/3712","targetHints":{"allow":["GET"]}}],"collection":[{"href":"https:\/\/ekonomievreni.com\/index.php?rest_route=\/wp\/v2\/posts"}],"about":[{"href":"https:\/\/ekonomievreni.com\/index.php?rest_route=\/wp\/v2\/types\/post"}],"author":[{"embeddable":true,"href":"https:\/\/ekonomievreni.com\/index.php?rest_route=\/wp\/v2\/users\/1"}],"replies":[{"embeddable":true,"href":"https:\/\/ekonomievreni.com\/index.php?rest_route=%2Fwp%2Fv2%2Fcomments&post=3712"}],"version-history":[{"count":1,"href":"https:\/\/ekonomievreni.com\/index.php?rest_route=\/wp\/v2\/posts\/3712\/revisions"}],"predecessor-version":[{"id":3714,"href":"https:\/\/ekonomievreni.com\/index.php?rest_route=\/wp\/v2\/posts\/3712\/revisions\/3714"}],"wp:featuredmedia":[{"embeddable":true,"href":"https:\/\/ekonomievreni.com\/index.php?rest_route=\/wp\/v2\/media\/3713"}],"wp:attachment":[{"href":"https:\/\/ekonomievreni.com\/index.php?rest_route=%2Fwp%2Fv2%2Fmedia&parent=3712"}],"wp:term":[{"taxonomy":"category","embeddable":true,"href":"https:\/\/ekonomievreni.com\/index.php?rest_route=%2Fwp%2Fv2%2Fcategories&post=3712"},{"taxonomy":"post_tag","embeddable":true,"href":"https:\/\/ekonomievreni.com\/index.php?rest_route=%2Fwp%2Fv2%2Ftags&post=3712"}],"curies":[{"name":"wp","href":"https:\/\/api.w.org\/{rel}","templated":true}]}}