{"id":3709,"date":"2026-03-26T13:40:19","date_gmt":"2026-03-26T10:40:19","guid":{"rendered":"https:\/\/ekonomievreni.com\/?p=3709"},"modified":"2026-03-26T13:40:20","modified_gmt":"2026-03-26T10:40:20","slug":"baskan-sandikcidan-mujde-ustune-mujde-evlenecek-ciftlere-20-000-tl-destek","status":"publish","type":"post","link":"https:\/\/ekonomievreni.com\/?p=3709","title":{"rendered":"Ba\u015fkan Sand\u0131k\u00e7\u0131&#8217;dan M\u00fcjde \u00dcst\u00fcne M\u00fcjde: Evlenecek \u00c7iftlere 20.000 TL Destek"},"content":{"rendered":"\n<p style=\"text-align:justify;margin-bottom:11px\"><span style=\"font-size:11pt\"><span style=\"line-height:107%\"><span style=\"font-family:Calibri,sans-serif\"><span style=\"font-size:12.0pt\"><span style=\"line-height:107%\">Canik Belediye Ba\u015fkan\u0131 \u0130brahim Sand\u0131k\u00e7\u0131, sosyal belediyecilik alan\u0131nda fark olu\u015fturan desteklerle ailelerin, \u00f6\u011frencilerin ve evlenmek \u00fczere yola \u00e7\u0131kan \u00e7iftlerin yan\u0131nda olmay\u0131 s\u00fcrd\u00fcrd\u00fcklerini ifade etti. G\u00fc\u00e7l\u00fc aile, g\u00fc\u00e7l\u00fc toplum anlay\u0131\u015f\u0131yla evlenecek olan gen\u00e7 \u00e7iftler i\u00e7in yeni destek programlar\u0131n\u0131 uygulamaya almaya devam ettiklerini vurgulayan Ba\u015fkan \u0130brahim Sand\u0131k\u00e7\u0131, il\u00e7ede evlenecek olan dar gelirli \u00e7iftlere 20.000 TL destek sa\u011flad\u0131klar\u0131n\u0131 belirtti. Canik&#8217;te evlenecek olan \u00e7iftlere ayr\u0131ca nik\u00e2h \u00fccret deste\u011fi ve ev e\u015fyas\u0131 deste\u011finde bulunduklar\u0131n\u0131 da hat\u0131rlatan Ba\u015fkan \u0130brahim Sand\u0131k\u00e7\u0131, &#8220;Canik&#8217;imizde evlenecek olan \u00e7iftlerimize 20.000 TL destek sa\u011fl\u0131yoruz&#8221; dedi.<\/span><\/span><\/span><\/span><\/span><\/p>\n<p style=\"margin-bottom:11px\"><span style=\"font-size:11pt\"><span style=\"line-height:107%\"><span style=\"font-family:Calibri,sans-serif\"><b><span style=\"font-size:14.0pt\"><span style=\"line-height:107%\">Canik&#8217;te Y\u00fczler G\u00fcl\u00fcyor, Desteklere Yenileri Ekleniyor<\/span><\/span><\/b><\/span><\/span><\/span><\/p>\n<p style=\"text-align:justify;margin-bottom:11px\"><span style=\"font-size:11pt\"><span style=\"line-height:107%\"><span style=\"font-family:Calibri,sans-serif\"><span style=\"font-size:12.0pt\"><span style=\"line-height:107%\">Canik Belediyesi taraf\u0131ndan evlenecek olan dar gelirli \u00e7iftlere 20.000 TL destek sa\u011flanmas\u0131 ve \u00e7iftlere evlilik \u00f6ncesi aile okulu e\u011fitimi verilmesine dair i\u015f birli\u011fi protokol\u00fc Canik Kaymakam\u0131 \u015eeref Ayd\u0131n ve Canik Belediye Ba\u015fkan\u0131 \u0130brahim Sand\u0131k\u00e7\u0131 taraf\u0131ndan imzaland\u0131. Aile kurumunun \u00f6nemi konusunda toplumsal bilin\u00e7 olu\u015fmas\u0131na y\u00f6nelik ad\u0131mlar att\u0131klar\u0131n\u0131 aktaran Ba\u015fkan \u0130brahim Sand\u0131k\u00e7\u0131, evlilik haz\u0131rl\u0131\u011f\u0131nda olan \u00e7iftlere y\u00f6nelik destek programlar\u0131n\u0131 kesintisiz bir \u015fekilde s\u00fcrd\u00fcrd\u00fcklerini ifade etti. Ba\u015fkan Sand\u0131k\u00e7\u0131, &#8220;Canik&#8217;imizde sosyal belediyecilik alan\u0131nda \u00f6rnek projeleri hayata ge\u00e7iriyor, ailelerimizin ve aile kurumu olu\u015fturmak \u00fczere yola \u00e7\u0131kan gen\u00e7lerimizin b\u00fct\u00e7elerine destek olmaya devam ediyoruz. Canik&#8217;imizde evlenecek olan dar gelirli \u00e7iftlerimize 20.000 T\u00fcrk liras\u0131 destek sa\u011fl\u0131yoruz. Destek program\u0131m\u0131z \u00e7er\u00e7evesinde ayr\u0131ca \u00e7iftlerimizi evlilik \u00f6ncesi aile okulu e\u011fitimiyle bulu\u015fturaca\u011f\u0131z. 20.000 T\u00fcrk liras\u0131 destek program\u0131m\u0131zla birlikte evlenecek olan \u00e7iftlerimizin nik\u00e2h i\u015flemlerini tamamen \u00fccretsiz bir \u015fekilde ger\u00e7ekle\u015ftirmeye, ayr\u0131ca dar gelirli \u00e7iftlerimize ev e\u015fyas\u0131 deste\u011fi sa\u011flamaya devam ediyoruz. Canik&#8217;imizde sosyal belediyecilikte fark\u0131ndal\u0131k olan projelerimizle ailelerimizin ve evlenecek olan \u00e7iftlerimizin yan\u0131nda olmay\u0131 s\u00fcrd\u00fcr\u00fcyoruz&#8221; diye konu\u015ftu. <\/span><\/span><\/span><\/span><\/span><\/p>\n<p style=\"text-align:justify;margin-bottom:11px\"><span style=\"font-size:11pt\"><span style=\"line-height:107%\"><span style=\"font-family:Calibri,sans-serif\"><span style=\"font-size:12.0pt\"><span style=\"line-height:107%\">Protokol imza t\u00f6reninde ayr\u0131ca Canik Sosyal Hizmet Merkezi M\u00fcd\u00fcr\u00fc Musa \u00d6nc\u00fcl de haz\u0131r bulundu.<\/span><\/span><\/span><\/span><\/span><\/p>\n<p style=\"text-align:justify;margin-bottom:11px\">\u00a0<\/p>\n<p>Kaynak: (BYZHA) Beyaz Haber Ajans\u0131<\/p>\n","protected":false},"excerpt":{"rendered":"<p>Canik Belediye Ba\u015fkan\u0131 \u0130brahim Sand\u0131k\u00e7\u0131, sosyal belediyecilik alan\u0131nda fark olu\u015fturan desteklerle ailelerin, \u00f6\u011frencilerin ve evlenmek \u00fczere yola \u00e7\u0131kan \u00e7iftlerin yan\u0131nda olmay\u0131 s\u00fcrd\u00fcrd\u00fcklerini ifade etti.<\/p>\n","protected":false},"author":1,"featured_media":3710,"comment_status":"open","ping_status":"open","sticky":false,"template":"","format":"standard","meta":{"footnotes":""},"categories":[30],"tags":[],"class_list":["post-3709","post","type-post","status-publish","format-standard","has-post-thumbnail","hentry","category-ekonomi"],"_links":{"self":[{"href":"https:\/\/ekonomievreni.com\/index.php?rest_route=\/wp\/v2\/posts\/3709","targetHints":{"allow":["GET"]}}],"collection":[{"href":"https:\/\/ekonomievreni.com\/index.php?rest_route=\/wp\/v2\/posts"}],"about":[{"href":"https:\/\/ekonomievreni.com\/index.php?rest_route=\/wp\/v2\/types\/post"}],"author":[{"embeddable":true,"href":"https:\/\/ekonomievreni.com\/index.php?rest_route=\/wp\/v2\/users\/1"}],"replies":[{"embeddable":true,"href":"https:\/\/ekonomievreni.com\/index.php?rest_route=%2Fwp%2Fv2%2Fcomments&post=3709"}],"version-history":[{"count":1,"href":"https:\/\/ekonomievreni.com\/index.php?rest_route=\/wp\/v2\/posts\/3709\/revisions"}],"predecessor-version":[{"id":3711,"href":"https:\/\/ekonomievreni.com\/index.php?rest_route=\/wp\/v2\/posts\/3709\/revisions\/3711"}],"wp:featuredmedia":[{"embeddable":true,"href":"https:\/\/ekonomievreni.com\/index.php?rest_route=\/wp\/v2\/media\/3710"}],"wp:attachment":[{"href":"https:\/\/ekonomievreni.com\/index.php?rest_route=%2Fwp%2Fv2%2Fmedia&parent=3709"}],"wp:term":[{"taxonomy":"category","embeddable":true,"href":"https:\/\/ekonomievreni.com\/index.php?rest_route=%2Fwp%2Fv2%2Fcategories&post=3709"},{"taxonomy":"post_tag","embeddable":true,"href":"https:\/\/ekonomievreni.com\/index.php?rest_route=%2Fwp%2Fv2%2Ftags&post=3709"}],"curies":[{"name":"wp","href":"https:\/\/api.w.org\/{rel}","templated":true}]}}