{"id":3703,"date":"2026-03-26T13:10:26","date_gmt":"2026-03-26T10:10:26","guid":{"rendered":"https:\/\/ekonomievreni.com\/?p=3703"},"modified":"2026-03-26T13:10:27","modified_gmt":"2026-03-26T10:10:27","slug":"avrupada-bucayi-temsil-edecekler","status":"publish","type":"post","link":"https:\/\/ekonomievreni.com\/?p=3703","title":{"rendered":"Avrupa\u2019da Buca\u2019y\u0131 temsil edecekler"},"content":{"rendered":"<p> Buca Belediyesi Veteran Hentbol Tak\u0131m\u0131, 26 \u2013 29 Mart tarihlerinde Bosna-Hersek\u2019te d\u00fczenlenecek olan Saraybosna Hentbol Veteran Avrupa \u015eampiyonas\u0131\u2019nda Buca\u2019y\u0131 temsil etmek \u00fczere yola \u00e7\u0131kt\u0131. Spor ve sporculara olan desteklerini s\u00fcrd\u00fcrmeye devam edeceklerini ifade eden Buca Belediye Ba\u015fkan\u0131 Mimar G\u00f6rkem Duman, tecr\u00fcbeli ekibe ba\u015far\u0131lar diledi.<\/p>\n<p>Buca\u2019n\u0131n k\u00f6kl\u00fc spor k\u00fclt\u00fcr\u00fcn\u00fc Avrupa arenas\u0131na ta\u015f\u0131maya haz\u0131rlanan Buca Belediyesi Veteran Hentbol Tak\u0131m\u0131, b\u00fcy\u00fck turnuva i\u00e7in geri say\u0131ma ge\u00e7ti. Oyuncular ve teknik ekipten olu\u015fan 23 ki\u015filik kafile, yar\u0131n ba\u015flayacak olan zorlu kar\u015f\u0131la\u015fmalar i\u00e7in bug\u00fcn Saraybosna\u2019ya hareket etti. Tak\u0131m kaptan\u0131 ve sorumlusu Sami \u00d6zbay ile Antren\u00f6r H\u00fcseyin G\u00fczey y\u00f6netimindeki ekip, turnuvaya iddial\u0131 bir haz\u0131rl\u0131k s\u00fcreciyle haz\u0131rland\u0131.<\/p>\n<p>\u201cG\u00dcZEL B\u0130R SONU\u00c7 BEKL\u0130YORUZ\u201d<\/p>\n<p>Tecr\u00fcbeli isimlerden olu\u015fan kadro, hem Buca\u2019n\u0131n ad\u0131n\u0131 duyurmay\u0131 hem de madalya ile d\u00f6nmeyi hedefliyor. Spor ve sporculara olan desteklerini s\u00fcrd\u00fcrmeye devam edeceklerini ifade eden Buca Belediye Ba\u015fkan\u0131 Mimar G\u00f6rkem Duman, tecr\u00fcbeli ekibe ba\u015far\u0131lar dileyerek \u015f\u00f6yle konu\u015ftu: \u201cBelediye b\u00fcnyemizdeki Veteran Hentbol Tak\u0131m\u0131m\u0131z\u0131n, Saraybosna\u2019da sergileyece\u011fi m\u00fccadele hem gen\u00e7 sporcular\u0131m\u0131za \u00f6rnek olacak hem de il\u00e7emizin ad\u0131n\u0131 uluslararas\u0131 platformda ba\u015far\u0131yla temsil edecek. Sporun bir ya\u015fam bi\u00e7imi oldu\u011funu kan\u0131tlayan 23 ki\u015filik teknik ekip ve oyuncu grubumuza, Kaptan Sami \u00d6zbay ve Antren\u00f6r H\u00fcseyin G\u00fczey nezdinde y\u00fcrekten ba\u015far\u0131lar diliyorum. Kalbimiz Saraybosna\u2019da onlarla atacak. \u015eampiyonadan g\u00fczel sonu\u00e7larla d\u00f6neceklerine inanc\u0131m tam.&#8221;<\/p>\n<p>Buca\u2019n\u0131n veteran sporcular\u0131, Avrupa\u2019n\u0131n d\u00f6rt bir yan\u0131ndan gelen rakipleriyle centilmence m\u00fccadele ederek Buca\u2019ya ve T\u00fcrkiye\u2019ye gurur ya\u015fatmak i\u00e7in sahaya \u00e7\u0131kacak. Tak\u0131m, Cuma g\u00fcn\u00fc saat 10.00\u2019da ger\u00e7ekle\u015ftirilecek ilk kar\u015f\u0131la\u015fma ile turnuvaya \u2018merhaba\u2019 diyecek. G\u00fcn i\u00e7erisinde toplam 3 kar\u015f\u0131la\u015fmaya \u00e7\u0131kacak tak\u0131m, cumartesi g\u00fcn\u00fc ise bir ma\u00e7a \u00e7\u0131kacak.<\/p>\n<p>\u00a0<\/p>\n<p>\u00a0<\/p>\n<p>Kaynak: (BYZHA) Beyaz Haber Ajans\u0131<\/p>\n","protected":false},"excerpt":{"rendered":"<p>Buca Belediyesi Veteran Hentbol Tak\u0131m\u0131, 26 \u2013 29 Mart tarihlerinde Bosna-Hersek\u2019te d\u00fczenlenecek olan Saraybosna Hentbol Veteran Avrupa \u015eampiyonas\u0131\u2019nda Buca\u2019y\u0131 temsil etmek \u00fczere yola \u00e7\u0131kt\u0131.<\/p>\n","protected":false},"author":1,"featured_media":3704,"comment_status":"open","ping_status":"open","sticky":false,"template":"","format":"standard","meta":{"footnotes":""},"categories":[33],"tags":[],"class_list":["post-3703","post","type-post","status-publish","format-standard","has-post-thumbnail","hentry","category-spor"],"_links":{"self":[{"href":"https:\/\/ekonomievreni.com\/index.php?rest_route=\/wp\/v2\/posts\/3703","targetHints":{"allow":["GET"]}}],"collection":[{"href":"https:\/\/ekonomievreni.com\/index.php?rest_route=\/wp\/v2\/posts"}],"about":[{"href":"https:\/\/ekonomievreni.com\/index.php?rest_route=\/wp\/v2\/types\/post"}],"author":[{"embeddable":true,"href":"https:\/\/ekonomievreni.com\/index.php?rest_route=\/wp\/v2\/users\/1"}],"replies":[{"embeddable":true,"href":"https:\/\/ekonomievreni.com\/index.php?rest_route=%2Fwp%2Fv2%2Fcomments&post=3703"}],"version-history":[{"count":1,"href":"https:\/\/ekonomievreni.com\/index.php?rest_route=\/wp\/v2\/posts\/3703\/revisions"}],"predecessor-version":[{"id":3705,"href":"https:\/\/ekonomievreni.com\/index.php?rest_route=\/wp\/v2\/posts\/3703\/revisions\/3705"}],"wp:featuredmedia":[{"embeddable":true,"href":"https:\/\/ekonomievreni.com\/index.php?rest_route=\/wp\/v2\/media\/3704"}],"wp:attachment":[{"href":"https:\/\/ekonomievreni.com\/index.php?rest_route=%2Fwp%2Fv2%2Fmedia&parent=3703"}],"wp:term":[{"taxonomy":"category","embeddable":true,"href":"https:\/\/ekonomievreni.com\/index.php?rest_route=%2Fwp%2Fv2%2Fcategories&post=3703"},{"taxonomy":"post_tag","embeddable":true,"href":"https:\/\/ekonomievreni.com\/index.php?rest_route=%2Fwp%2Fv2%2Ftags&post=3703"}],"curies":[{"name":"wp","href":"https:\/\/api.w.org\/{rel}","templated":true}]}}