{"id":3680,"date":"2026-03-26T13:00:28","date_gmt":"2026-03-26T10:00:28","guid":{"rendered":"https:\/\/ekonomievreni.com\/?p=3680"},"modified":"2026-03-26T13:00:29","modified_gmt":"2026-03-26T10:00:29","slug":"ayvalikgucu-belediyespordan-buyuk-basari-2","status":"publish","type":"post","link":"https:\/\/ekonomievreni.com\/?p=3680","title":{"rendered":"Ayval\u0131kg\u00fcc\u00fc Belediyespor\u2019dan B\u00fcy\u00fck Ba\u015far\u0131"},"content":{"rendered":"\n<p style=\"margin-top:8px;margin-bottom:8px\"><span style=\"font-size:11pt\"><span style=\"line-height:115%\"><span style=\"font-family:Calibri,sans-serif\"><span style=\"font-size:12.0pt\"><span style=\"line-height:115%\"><span style=\",serif\">Ayval\u0131k Belediye Ba\u015fkan\u0131 Mesut Ergin, Ayval\u0131kg\u00fcc\u00fc Belediyespor\u2019un voleybol bran\u015f\u0131nda K\u00fc\u00e7\u00fckler ve Midi kategorilerinde elde etti\u011fi ba\u015far\u0131lar\u0131n gurur verici oldu\u011funu s\u00f6yledi. Ayval\u0131kg\u00fcc\u00fc Belediyespor\u2019un \u201cFilenin Sultanlar\u0131\u201d olarak an\u0131lan gen\u00e7 sporcular\u0131, kat\u0131ld\u0131klar\u0131 il m\u00fcsabakalar\u0131nda \u00f6nemli dereceler elde etti.<\/span><\/span><\/span><\/span><\/span><\/span><\/p>\n<p style=\"margin-top:8px;margin-bottom:8px\"><span style=\"font-size:11pt\"><span style=\"line-height:115%\"><span style=\"font-family:Calibri,sans-serif\"><span style=\"font-size:12.0pt\"><span style=\"line-height:115%\"><span style=\",serif\">K\u00fc\u00e7\u00fckler kategorisinde il d\u00f6rd\u00fcnc\u00fcs\u00fc olan tak\u0131m, g\u00f6sterdi\u011fi performansla dikkat \u00e7ekerken; Midi kategorisinde m\u00fccadele eden ekip ise il birincili\u011fini kazanarak b\u00fcy\u00fck bir ba\u015far\u0131ya imza att\u0131. Ba\u015fkan Mesut Ergin, elde edilen sonu\u00e7lar\u0131n Ayval\u0131k ad\u0131na b\u00fcy\u00fck bir gurur kayna\u011f\u0131 oldu\u011funu ifade ederek, \u201cK\u00fc\u00e7\u00fckler kategorisinde il d\u00f6rd\u00fcnc\u00fcs\u00fc olan, Midi kategorisinde ise il birincili\u011fini elde eden tak\u0131m\u0131m\u0131z\u0131 g\u00f6n\u00fclden kutluyorum. Sporcular\u0131m\u0131z\u0131n azmi ve disiplini bizleri son derece mutlu ediyor\u201d dedi.<\/span><\/span><\/span><\/span><\/span><\/span><\/p>\n<p style=\"margin-top:8px;margin-bottom:8px\"><span style=\"font-size:11pt\"><span style=\"line-height:115%\"><span style=\"font-family:Calibri,sans-serif\"><span style=\"font-size:12.0pt\"><span style=\"line-height:115%\"><span style=\",serif\">Midi kategorisinde \u015fampiyon olan Ayval\u0131kg\u00fcc\u00fc Belediyespor, 15-16-17 Nisan tarihlerinde d\u00fczenlenecek T\u00fcrkiye \u015eampiyonas\u0131\u2019nda ili temsil edecek. Ba\u015fkan Ergin, bu \u00f6nemli organizasyon \u00f6ncesinde sporculara ve teknik ekibe ba\u015far\u0131 dileklerini ileterek, \u201cTak\u0131m\u0131m\u0131za T\u00fcrkiye \u015eampiyonas\u0131\u2019nda \u00fcst\u00fcn ba\u015far\u0131lar diliyorum. Ayval\u0131k\u2019\u0131 en iyi \u015fekilde temsil edeceklerine y\u00fcrekten inan\u0131yorum\u201d dedi.<\/span><\/span><\/span><\/span><\/span><\/span><\/p>\n<p style=\"margin-top:8px;margin-bottom:8px\"><span style=\"font-size:11pt\"><span style=\"line-height:115%\"><span style=\"font-family:Calibri,sans-serif\"><span style=\"font-size:12.0pt\"><span style=\"line-height:115%\"><span style=\",serif\">Antrenmanda sporcularla bir araya gelerek \u00e7al\u0131\u015fmalar\u0131 yerinde izleme f\u0131rsat\u0131 buldu\u011funu da belirten Ba\u015fkan Ergin, gen\u00e7 sporcular\u0131n ortaya koydu\u011fu eme\u011fin ve kararl\u0131l\u0131\u011f\u0131n takdire \u015fayan oldu\u011funu s\u00f6yledi. \u00a0Ayval\u0131k Belediyesi olarak spora ve gen\u00e7lere destek vermeye devam edeceklerini belirten Ba\u015fkan Mesut Ergin, \u201cGen\u00e7lerimizin yan\u0131nda olmaya, sporun geli\u015fmesi i\u00e7in \u00e7al\u0131\u015fmalar\u0131m\u0131z\u0131 s\u00fcrd\u00fcrmeye kararl\u0131y\u0131z\u201d dedi.<\/span><\/span><\/span><\/span><\/span><\/span><\/p>\n<p style=\"margin-top:8px;margin-bottom:8px\">\u00a0<\/p>\n<p style=\"margin-top:8px;margin-bottom:8px\">\u00a0<\/p>\n<p>Kaynak: (BYZHA) Beyaz Haber Ajans\u0131<\/p>\n","protected":false},"excerpt":{"rendered":"<p>Ayval\u0131k Belediye Ba\u015fkan\u0131 Mesut Ergin, Ayval\u0131kg\u00fcc\u00fc Belediyespor\u2019un voleybol bran\u015f\u0131nda K\u00fc\u00e7\u00fckler ve Midi kategorilerinde elde etti\u011fi ba\u015far\u0131lar\u0131n gurur verici oldu\u011funu s\u00f6yledi.<\/p>\n","protected":false},"author":1,"featured_media":3683,"comment_status":"open","ping_status":"open","sticky":false,"template":"","format":"standard","meta":{"footnotes":""},"categories":[33],"tags":[],"class_list":["post-3680","post","type-post","status-publish","format-standard","has-post-thumbnail","hentry","category-spor"],"_links":{"self":[{"href":"https:\/\/ekonomievreni.com\/index.php?rest_route=\/wp\/v2\/posts\/3680","targetHints":{"allow":["GET"]}}],"collection":[{"href":"https:\/\/ekonomievreni.com\/index.php?rest_route=\/wp\/v2\/posts"}],"about":[{"href":"https:\/\/ekonomievreni.com\/index.php?rest_route=\/wp\/v2\/types\/post"}],"author":[{"embeddable":true,"href":"https:\/\/ekonomievreni.com\/index.php?rest_route=\/wp\/v2\/users\/1"}],"replies":[{"embeddable":true,"href":"https:\/\/ekonomievreni.com\/index.php?rest_route=%2Fwp%2Fv2%2Fcomments&post=3680"}],"version-history":[{"count":1,"href":"https:\/\/ekonomievreni.com\/index.php?rest_route=\/wp\/v2\/posts\/3680\/revisions"}],"predecessor-version":[{"id":3684,"href":"https:\/\/ekonomievreni.com\/index.php?rest_route=\/wp\/v2\/posts\/3680\/revisions\/3684"}],"wp:featuredmedia":[{"embeddable":true,"href":"https:\/\/ekonomievreni.com\/index.php?rest_route=\/wp\/v2\/media\/3683"}],"wp:attachment":[{"href":"https:\/\/ekonomievreni.com\/index.php?rest_route=%2Fwp%2Fv2%2Fmedia&parent=3680"}],"wp:term":[{"taxonomy":"category","embeddable":true,"href":"https:\/\/ekonomievreni.com\/index.php?rest_route=%2Fwp%2Fv2%2Fcategories&post=3680"},{"taxonomy":"post_tag","embeddable":true,"href":"https:\/\/ekonomievreni.com\/index.php?rest_route=%2Fwp%2Fv2%2Ftags&post=3680"}],"curies":[{"name":"wp","href":"https:\/\/api.w.org\/{rel}","templated":true}]}}