{"id":3667,"date":"2026-03-26T13:00:24","date_gmt":"2026-03-26T10:00:24","guid":{"rendered":"https:\/\/ekonomievreni.com\/?p=3667"},"modified":"2026-03-26T13:00:24","modified_gmt":"2026-03-26T10:00:24","slug":"karaciger-yaglanmasi-siroz-ve-kanser-riskini-artirabilir","status":"publish","type":"post","link":"https:\/\/ekonomievreni.com\/?p=3667","title":{"rendered":"Karaci\u011fer ya\u011flanmas\u0131 siroz ve kanser riskini art\u0131rabilir"},"content":{"rendered":"<p> <strong>G\u00fcnl\u00fck hayatta hareketin azalmas\u0131 ve beslenme al\u0131\u015fkanl\u0131klar\u0131n\u0131n de\u011fi\u015fmesi karaci\u011fer sa\u011fl\u0131\u011f\u0131n\u0131 do\u011frudan etkileyebiliyor. Karaci\u011fer ya\u011flanmas\u0131n\u0131n fazla kilo, ins\u00fclin direnci, tip 2 diyabet, kolesterol y\u00fcksekli\u011fi ve hareketsiz ya\u015fam tarz\u0131 olan ki\u015filerde daha s\u0131k g\u00f6r\u00fcld\u00fc\u011f\u00fcn\u00fc belirten Anadolu Sa\u011fl\u0131k Merkezi Hastanesi&#8217;nden Genel Cerrahi Uzman\u0131 Prof. Dr. Sedat Karademir, \u201cKaraci\u011fer h\u00fccrelerinin i\u00e7inde normalden fazla ya\u011f birikmesi anlam\u0131na gelen karaci\u011fer ya\u011flanmas\u0131, baz\u0131 ki\u015filerde ilerleyerek iltihaplanma, h\u00fccre hasar\u0131 ve daha ileri a\u015famalarda siroz ile karaci\u011fer yetmezli\u011fi gibi ciddi sa\u011fl\u0131k sorunlar\u0131na yol a\u00e7abiliyor\u201d a\u00e7\u0131klamas\u0131nda bulundu.<\/strong><\/p>\n<p>Karaci\u011fer ya\u011flanmas\u0131n\u0131n g\u00f6z ard\u0131 edilmemesi gerekti\u011fini vurgulayan, \u00f6zellikle ileri evre ya\u011flanma ve siroz geli\u015fen hastalarda karaci\u011fer kanseri riskinin artt\u0131\u011f\u0131n\u0131 belirten Anadolu Sa\u011fl\u0131k Merkezi Hastanesi&#8217;nden Genel Cerrahi Uzman\u0131 Prof. Dr. Sedat Karademir, \u201cSon y\u0131llarda, sirozu bulunmayan ki\u015filerde bile ya\u011flanmaya ba\u011fl\u0131 olarak karaci\u011fer kanseri geli\u015fti\u011fini g\u00f6zlemliyoruz. Bu sebeple diyabeti olan, h\u0131zl\u0131 kilo alan ya da karaci\u011fer testleri y\u00fcksek seyreden ki\u015filerin daha yak\u0131ndan takip edilmesi k\u0131ymetli. Bu ki\u015filerde zamanla iltihaplanma ve doku hasar\u0131 geli\u015fme riski y\u00fcksek oldu\u011fu i\u00e7in kan testleri, ultrasonografi, gerekli durumlarda MR ve baz\u0131 hastalarda d\u00fczenli kanser taramalar\u0131 \u00e7ok \u00f6nemli\u201d dedi.<\/p>\n<p><strong>Kilo kayb\u0131 karaci\u011fer sa\u011fl\u0131\u011f\u0131n\u0131 destekliyor<\/strong><\/p>\n<p>Var olan kilonun y\u00fczde 7-10 oran\u0131nda kaybedilmesi, d\u00fczenli y\u00fcr\u00fcy\u00fc\u015f yap\u0131lmas\u0131 ve Akdeniz tipi beslenmenin karaci\u011fer sa\u011fl\u0131\u011f\u0131n\u0131 olumlu y\u00f6nde etkiledi\u011fini vurgulayan Karademir, \u201cBu de\u011fi\u015fiklikler karaci\u011fer ya\u011flanmas\u0131n\u0131n gerilemesine yard\u0131mc\u0131 olabilece\u011fi gibi kanser riskini de azaltabilir. G\u00fcnl\u00fck hayata entegre edilecek k\u00fc\u00e7\u00fck ama s\u00fcrd\u00fcr\u00fclebilir ad\u0131mlar bu s\u00fcre\u00e7te \u00f6nemli bir fark yarat\u0131r. Ya\u011flanma tehlikesinin do\u011fru takip ve uygun ya\u015fam tarz\u0131 de\u011fi\u015fiklikleriyle kontrol alt\u0131na al\u0131nabilece\u011fi, ihmal edildi\u011finde ise daha ciddi sa\u011fl\u0131k sorunlar\u0131na yol a\u00e7abilece\u011fi bilinmeli\u201d uyar\u0131s\u0131nda bulundu.<\/p>\n<p>\u00a0<\/p>\n<p>Kaynak: (BYZHA) Beyaz Haber Ajans\u0131<\/p>\n","protected":false},"excerpt":{"rendered":"<p>G\u00fcnl\u00fck hayatta hareketin azalmas\u0131 ve beslenme al\u0131\u015fkanl\u0131klar\u0131n\u0131n de\u011fi\u015fmesi karaci\u011fer sa\u011fl\u0131\u011f\u0131n\u0131 do\u011frudan etkileyebiliyor.<\/p>\n","protected":false},"author":1,"featured_media":3669,"comment_status":"open","ping_status":"open","sticky":false,"template":"","format":"standard","meta":{"footnotes":""},"categories":[31],"tags":[],"class_list":["post-3667","post","type-post","status-publish","format-standard","has-post-thumbnail","hentry","category-saglik"],"_links":{"self":[{"href":"https:\/\/ekonomievreni.com\/index.php?rest_route=\/wp\/v2\/posts\/3667","targetHints":{"allow":["GET"]}}],"collection":[{"href":"https:\/\/ekonomievreni.com\/index.php?rest_route=\/wp\/v2\/posts"}],"about":[{"href":"https:\/\/ekonomievreni.com\/index.php?rest_route=\/wp\/v2\/types\/post"}],"author":[{"embeddable":true,"href":"https:\/\/ekonomievreni.com\/index.php?rest_route=\/wp\/v2\/users\/1"}],"replies":[{"embeddable":true,"href":"https:\/\/ekonomievreni.com\/index.php?rest_route=%2Fwp%2Fv2%2Fcomments&post=3667"}],"version-history":[{"count":1,"href":"https:\/\/ekonomievreni.com\/index.php?rest_route=\/wp\/v2\/posts\/3667\/revisions"}],"predecessor-version":[{"id":3671,"href":"https:\/\/ekonomievreni.com\/index.php?rest_route=\/wp\/v2\/posts\/3667\/revisions\/3671"}],"wp:featuredmedia":[{"embeddable":true,"href":"https:\/\/ekonomievreni.com\/index.php?rest_route=\/wp\/v2\/media\/3669"}],"wp:attachment":[{"href":"https:\/\/ekonomievreni.com\/index.php?rest_route=%2Fwp%2Fv2%2Fmedia&parent=3667"}],"wp:term":[{"taxonomy":"category","embeddable":true,"href":"https:\/\/ekonomievreni.com\/index.php?rest_route=%2Fwp%2Fv2%2Fcategories&post=3667"},{"taxonomy":"post_tag","embeddable":true,"href":"https:\/\/ekonomievreni.com\/index.php?rest_route=%2Fwp%2Fv2%2Ftags&post=3667"}],"curies":[{"name":"wp","href":"https:\/\/api.w.org\/{rel}","templated":true}]}}