{"id":3655,"date":"2026-03-26T13:00:16","date_gmt":"2026-03-26T10:00:16","guid":{"rendered":"https:\/\/ekonomievreni.com\/?p=3655"},"modified":"2026-03-26T13:00:17","modified_gmt":"2026-03-26T10:00:17","slug":"melisa-ozmen-divan-oteldeki-yardim-gecesine-destegiyle-alkis-aldi","status":"publish","type":"post","link":"https:\/\/ekonomievreni.com\/?p=3655","title":{"rendered":"Melisa \u00d6zmen, Divan Otel&#8217;deki yard\u0131m gecesine deste\u011fiyle alk\u0131\u015f ald\u0131"},"content":{"rendered":"\n<p class=\"v1gmail-MsoNoSpacing\" style=\"text-align:left\"><span style=\"font-size:14px\"><span><span style=\"color:#2c363a\"><span style=\"font-style:normal\"><span><span style=\"font-weight:400\"><span style=\"white-space:normal\"><span style=\"background-color:#ffffff\"><span><span><span><span><font size=\"4\"><font>Kariyerinin ba\u015f\u0131nda medyada \u015f\u0131kl\u0131\u011f\u0131 ve stil ikonu kimli\u011fiyle tan\u0131nan Melisa \u00d6zmen, son d\u00f6nemde sadece moda d\u00fcnyas\u0131nda de\u011fil, hayata ge\u00e7irdi\u011fi yard\u0131m faaliyetleriyle de ad\u0131ndan s\u00f6z ettiriyor.<\/font><\/font><\/span><\/span><\/span><\/span><\/span><\/span><\/span><\/span><\/span><\/span><\/span><\/span><span style=\"font-size:14px\"><span><span style=\"color:#2c363a\"><span style=\"font-style:normal\"><span><span style=\"font-weight:400\"><span style=\"white-space:normal\"><span style=\"background-color:#ffffff\"><span><span><span><span><font size=\"4\"><font>\u00a0<\/font><\/font><\/span><\/span><\/span><\/span><\/span><\/span><\/span><\/span><\/span><\/span><\/span><\/span><\/p>\n<p class=\"v1gmail-MsoNoSpacing\" style=\"text-align:left\"><span style=\"font-size:14px\"><span><span style=\"color:#2c363a\"><span style=\"font-style:normal\"><span><span style=\"font-weight:400\"><span style=\"white-space:normal\"><span style=\"background-color:#ffffff\"><span><span><span><span><font size=\"4\"><font>Kendi markas\u0131 olan Melisa \u00d6zmen Charm&#8217;s arac\u0131l\u0131\u011f\u0131yla elde edilen gelirin bir k\u0131sm\u0131n\u0131 ve ki\u015fisel ba\u011f\u0131\u015flar\u0131n\u0131 \u00f6zellikle \u00e7ocuklar i\u00e7in kullanmay\u0131 tercih eden Melisa \u00d6zmen son olarak Divan Otel&#8217;de d\u00fczenlenen &#8220;Anne ve Bebek Sa\u011fl\u0131\u011f\u0131 Vakf\u0131&#8221; gecesine sponsor oldu ve gecede plaket ald\u0131.<\/font><\/font><\/span><\/span><\/span><\/span><\/span><\/span><\/span><\/span><\/span><\/span><\/span><\/span><\/p>\n<p class=\"v1gmail-MsoNoSpacing\" style=\"text-align:left\"><span style=\"font-size:14px\"><span><span style=\"color:#2c363a\"><span style=\"font-style:normal\"><span><span style=\"font-weight:400\"><span style=\"white-space:normal\"><span style=\"background-color:#ffffff\"><span><span><span><span><font size=\"4\"><font>Divan Otel&#8217;de yap\u0131lan ve se\u00e7kin isimlerin davetli oldu\u011fu organizasyonda Melisa \u00d6zmen davette \u015f\u0131kl\u0131\u011f\u0131yla da dikkat \u00e7ekti.<\/font><\/font><\/span><\/span><\/span><\/span><\/span><\/span><\/span><\/span><\/span><\/span><\/span><\/span><\/p>\n<p class=\"v1gmail-MsoNoSpacing\" style=\"text-align:left\"><span style=\"font-size:14px\"><span><span style=\"color:#2c363a\"><span style=\"font-style:normal\"><span><span style=\"font-weight:400\"><span style=\"white-space:normal\"><span style=\"background-color:#ffffff\"><span><span><span><span><font size=\"4\"><font>Marmaris&#8217;teki oteli ve kendi ad\u0131na kurdu\u011fu tasar\u0131m markas\u0131yla geceye katk\u0131 veren Melisa \u00d6zmen, i\u00e7in bu tarz yard\u0131m organizasyonlar\u0131 yeni bir giri\u015fim de\u011fil. Yeti\u015ftirme yurtlar\u0131ndaki gen\u00e7 k\u0131zlar\u0131n e\u011fitimi i\u00e7in ve sokak hayvanlar\u0131 i\u00e7in yard\u0131m sa\u011flayan Melisa \u00d6zmen aile gelene\u011fi haline getirdi\u011fi yard\u0131m misyonunu modern projelerle birle\u015ftirirken hem i\u015f hayat\u0131ndaki ba\u015far\u0131s\u0131 hem de duyarl\u0131 ki\u015fili\u011fiyle cemiyet d\u00fcnyas\u0131nda \u00f6rnek g\u00f6sterilmeye devam ediyor.<\/font><\/font><\/span><\/span><\/span><\/span><\/span><\/span><\/span><\/span><\/span><\/span><\/span><\/span><\/p>\n<p>Kaynak: (BYZHA) Beyaz Haber Ajans\u0131<\/p>\n","protected":false},"excerpt":{"rendered":"<p>Kariyerinin ba\u015f\u0131nda medyada \u015f\u0131kl\u0131\u011f\u0131 ve stil ikonu kimli\u011fiyle tan\u0131nan Melisa \u00d6zmen, son d\u00f6nemde sadece moda d\u00fcnyas\u0131nda de\u011fil, hayata ge\u00e7irdi\u011fi yard\u0131m faaliyetleriyle de ad\u0131ndan s\u00f6z ettiriyor.<\/p>\n","protected":false},"author":1,"featured_media":3656,"comment_status":"open","ping_status":"open","sticky":false,"template":"","format":"standard","meta":{"footnotes":""},"categories":[1],"tags":[],"class_list":["post-3655","post","type-post","status-publish","format-standard","has-post-thumbnail","hentry","category-magazin"],"_links":{"self":[{"href":"https:\/\/ekonomievreni.com\/index.php?rest_route=\/wp\/v2\/posts\/3655","targetHints":{"allow":["GET"]}}],"collection":[{"href":"https:\/\/ekonomievreni.com\/index.php?rest_route=\/wp\/v2\/posts"}],"about":[{"href":"https:\/\/ekonomievreni.com\/index.php?rest_route=\/wp\/v2\/types\/post"}],"author":[{"embeddable":true,"href":"https:\/\/ekonomievreni.com\/index.php?rest_route=\/wp\/v2\/users\/1"}],"replies":[{"embeddable":true,"href":"https:\/\/ekonomievreni.com\/index.php?rest_route=%2Fwp%2Fv2%2Fcomments&post=3655"}],"version-history":[{"count":1,"href":"https:\/\/ekonomievreni.com\/index.php?rest_route=\/wp\/v2\/posts\/3655\/revisions"}],"predecessor-version":[{"id":3657,"href":"https:\/\/ekonomievreni.com\/index.php?rest_route=\/wp\/v2\/posts\/3655\/revisions\/3657"}],"wp:featuredmedia":[{"embeddable":true,"href":"https:\/\/ekonomievreni.com\/index.php?rest_route=\/wp\/v2\/media\/3656"}],"wp:attachment":[{"href":"https:\/\/ekonomievreni.com\/index.php?rest_route=%2Fwp%2Fv2%2Fmedia&parent=3655"}],"wp:term":[{"taxonomy":"category","embeddable":true,"href":"https:\/\/ekonomievreni.com\/index.php?rest_route=%2Fwp%2Fv2%2Fcategories&post=3655"},{"taxonomy":"post_tag","embeddable":true,"href":"https:\/\/ekonomievreni.com\/index.php?rest_route=%2Fwp%2Fv2%2Ftags&post=3655"}],"curies":[{"name":"wp","href":"https:\/\/api.w.org\/{rel}","templated":true}]}}