{"id":3652,"date":"2026-03-26T13:00:15","date_gmt":"2026-03-26T10:00:15","guid":{"rendered":"https:\/\/ekonomievreni.com\/?p=3652"},"modified":"2026-03-26T13:00:16","modified_gmt":"2026-03-26T10:00:16","slug":"fulin-keske-bu-kadar-avrupai-olmasaydim","status":"publish","type":"post","link":"https:\/\/ekonomievreni.com\/?p=3652","title":{"rendered":"Fulin: ke\u015fke bu kadar Avrupai olmasayd\u0131m"},"content":{"rendered":"<p> Son \u00e7al\u0131\u015fmas\u0131 &#8220;Yana Yana&#8221;n\u0131n elde etti\u011fi ba\u015far\u0131n\u0131n ard\u0131ndan yeni \u015fark\u0131lar i\u00e7in d\u00fc\u011fmeye basan Fulin, m\u00fczik otoriteleri taraf\u0131ndan bu projedeki vizyonunun uluslararas\u0131 pop standartlar\u0131na yak\u0131n bulmas\u0131n\u0131n kendisini hem sevindirdi\u011fini, hem de \u00fczd\u00fc\u011f\u00fcn\u00fc s\u00f6yledi.<\/p>\n<p>\u015eark\u0131s\u0131n\u0131n elde etti\u011fi ba\u015far\u0131n\u0131n ard\u0131ndan Paris tatilinden birbirinden \u015f\u0131k payla\u015f\u0131mlar yapan Fulin, &#8220;Avrupa&#8217;da Avrupal\u0131 bir g\u00f6r\u00fcnt\u00fcm oldu\u011fu i\u00e7in kimse taraf\u0131ndan yabanc\u0131 olarak g\u00f6r\u00fclm\u00fcyorum. Paris&#8217;te Parizien, \u0130ngiltere&#8217;de British g\u00f6r\u00fcnebiliyorum ama T\u00fcrkiye&#8217;de g\u00f6r\u00fcnt\u00fcm Avrupai oldu\u011fu i\u00e7in &#8216;Ula\u015f\u0131lmaz&#8217; bulundu\u011fumu d\u00fc\u015f\u00fcn\u00fcyorum&#8221; dedi.<\/p>\n<p>M\u00fczik d\u00fcnyas\u0131na 2,5 y\u0131l ara verdikten sonra g\u00fc\u00e7l\u00fc bir \u015fark\u0131 ve renkli bir kliple geri d\u00f6nen Fulin&#8217;in Modern pop sound&#8217;unu tutkulu bir a\u015fk hikayesiyle harmanlayan \u015fark\u0131s\u0131 &#8220;Yana Yana&#8221; pop\u00e7unun karakteristik vokal performans\u0131n\u0131 da \u00f6n plana \u00e7\u0131kard\u0131.<\/p>\n<p>Piyano ve gitar \u00e7alabilen, kendi bestelerini yapan Fulin; &#8220;Yana Yana&#8221; ile sadece bir yorumcu de\u011fil, projeye ruhunu katan bir sanat\u00e7\u0131 oldu\u011funu bir kez daha kan\u0131tlamas\u0131na ra\u011fmen T\u00fcrkiye&#8217;deki m\u00fczik ikliminin tarz\u0131yla ayn\u0131 paralelde ilerlemesinin zorluklar\u0131n\u0131 ya\u015fad\u0131\u011f\u0131n\u0131 s\u00f6ylerken, &#8220;T\u00fcrkiye&#8217;deki m\u00fczik b\u0131rak\u0131n Avrupa&#8217;ya veya d\u00fcnyaya a\u00e7\u0131lmay\u0131 her ge\u00e7en g\u00fcn daha da &#8220;yerelle\u015fiyor&#8221;. Bu durum Avrupai g\u00f6r\u00fcn\u00fcme sahip olan ve d\u00fcnya standartlar\u0131nda i\u015fler yapmaya \u00e7al\u0131\u015fan benim gibi isimleri etkiliyor. Bazen ke\u015fke bu kadar Avrupai g\u00f6r\u00fcnmesem, hatta biraz varo\u015f olabilsem dedi\u011fim oluyor ama bu da benim f\u0131trat\u0131ma ters&#8221; dedi.<\/p>\n<p>Kaynak: (BYZHA) Beyaz Haber Ajans\u0131<\/p>\n","protected":false},"excerpt":{"rendered":"<p>Son \u00e7al\u0131\u015fmas\u0131 &#8220;Yana Yana&#8221;n\u0131n elde etti\u011fi ba\u015far\u0131n\u0131n ard\u0131ndan yeni \u015fark\u0131lar i\u00e7in d\u00fc\u011fmeye basan Fulin, m\u00fczik otoriteleri taraf\u0131ndan bu projedeki vizyonunun uluslararas\u0131 pop standartlar\u0131na yak\u0131n bulmas\u0131n\u0131n kendisini hem sevindirdi\u011fini, hem de \u00fczd\u00fc\u011f\u00fcn\u00fc s\u00f6yledi.<\/p>\n","protected":false},"author":1,"featured_media":3653,"comment_status":"open","ping_status":"open","sticky":false,"template":"","format":"standard","meta":{"footnotes":""},"categories":[1],"tags":[],"class_list":["post-3652","post","type-post","status-publish","format-standard","has-post-thumbnail","hentry","category-magazin"],"_links":{"self":[{"href":"https:\/\/ekonomievreni.com\/index.php?rest_route=\/wp\/v2\/posts\/3652","targetHints":{"allow":["GET"]}}],"collection":[{"href":"https:\/\/ekonomievreni.com\/index.php?rest_route=\/wp\/v2\/posts"}],"about":[{"href":"https:\/\/ekonomievreni.com\/index.php?rest_route=\/wp\/v2\/types\/post"}],"author":[{"embeddable":true,"href":"https:\/\/ekonomievreni.com\/index.php?rest_route=\/wp\/v2\/users\/1"}],"replies":[{"embeddable":true,"href":"https:\/\/ekonomievreni.com\/index.php?rest_route=%2Fwp%2Fv2%2Fcomments&post=3652"}],"version-history":[{"count":1,"href":"https:\/\/ekonomievreni.com\/index.php?rest_route=\/wp\/v2\/posts\/3652\/revisions"}],"predecessor-version":[{"id":3654,"href":"https:\/\/ekonomievreni.com\/index.php?rest_route=\/wp\/v2\/posts\/3652\/revisions\/3654"}],"wp:featuredmedia":[{"embeddable":true,"href":"https:\/\/ekonomievreni.com\/index.php?rest_route=\/wp\/v2\/media\/3653"}],"wp:attachment":[{"href":"https:\/\/ekonomievreni.com\/index.php?rest_route=%2Fwp%2Fv2%2Fmedia&parent=3652"}],"wp:term":[{"taxonomy":"category","embeddable":true,"href":"https:\/\/ekonomievreni.com\/index.php?rest_route=%2Fwp%2Fv2%2Fcategories&post=3652"},{"taxonomy":"post_tag","embeddable":true,"href":"https:\/\/ekonomievreni.com\/index.php?rest_route=%2Fwp%2Fv2%2Ftags&post=3652"}],"curies":[{"name":"wp","href":"https:\/\/api.w.org\/{rel}","templated":true}]}}