{"id":3640,"date":"2026-03-26T13:00:06","date_gmt":"2026-03-26T10:00:06","guid":{"rendered":"https:\/\/ekonomievreni.com\/?p=3640"},"modified":"2026-03-26T13:00:07","modified_gmt":"2026-03-26T10:00:07","slug":"zeytinyagi-sektoru-dogru-rekolte-calismasi-ve-abden-kota-istiyor","status":"publish","type":"post","link":"https:\/\/ekonomievreni.com\/?p=3640","title":{"rendered":"Zeytinya\u011f\u0131 sekt\u00f6r\u00fc do\u011fru rekolte \u00e7al\u0131\u015fmas\u0131 ve AB\u2019den kota istiyor"},"content":{"rendered":"<p> \u0130ki sezondur ihracatta kan kaybeden T\u00fcrk zeytinya\u011f\u0131 sekt\u00f6r\u00fc, do\u011fru tespit edilen rekolteyle ve Avrupa Birli\u011fi\u2019nden al\u0131nacak kotayla ihracattaki t\u0131kan\u0131kl\u0131\u011f\u0131 a\u015fmay\u0131 hedefliyor.<\/p>\n<p>T\u00fcrk zeytinya\u011f\u0131 sekt\u00f6r\u00fc, Ege Zeytin ve Zeytinya\u011f\u0131 \u0130hracat\u00e7\u0131lar\u0131 Birli\u011fi taraf\u0131ndan d\u00fczenlenen \u201cZeytin ve Zeytinya\u011f\u0131 Sekt\u00f6r Bulu\u015fmas\u0131\u201dnda bir araya geldi. Sekt\u00f6r\u00fcn gelece\u011fiyle ilgili yol haritas\u0131n\u0131 belirledi. Sekt\u00f6r bulu\u015fmas\u0131nda rekoltenin do\u011fru tespit edilmesi ve AB\u2019nden kota al\u0131nmas\u0131 ba\u015fl\u0131klar\u0131 \u00f6ne \u00e7\u0131kt\u0131. Zeytin ve zeytinya\u011f\u0131 sekt\u00f6r\u00fcnde ihracat \u015fampiyonlar\u0131 \u00f6d\u00fcllerine kavu\u015ftu<\/p>\n<p>Zeytin a\u011fac\u0131n\u0131n tarladan ba\u015flayan ser\u00fcvenini bilimsel temellere oturtarak uluslararas\u0131 pazarlardaki konumunu ele alma gayreti i\u00e7inde olduklar\u0131n\u0131 dile getiren Ege Zeytin ve Zeytinya\u011f\u0131 \u0130hracat\u00e7\u0131lar\u0131 Birli\u011fi Ba\u015fkan\u0131 Emre Uygun, sekt\u00f6r\u00fcn geli\u015fimi i\u00e7in Bakanl\u0131klar, odalar, borsalar, ihracat\u00e7\u0131 birlikleri d\u00e2hil t\u00fcm payda\u015flar\u0131n omuz omuza hareket etmesi gerekti\u011finin alt\u0131n\u0131 \u00e7izdi.<\/p>\n<p><strong>\u00a0\u00d6nceli\u011fimiz \u00f6ng\u00f6r\u00fclebilir ihracat ortam\u0131n\u0131n tesisi\u00a0<\/strong><\/p>\n<p><strong>\u00a0<\/strong>\u00d6n\u00fcm\u00fczdeki d\u00f6nemde en b\u00fcy\u00fck \u00f6nceliklerinin \u00f6ng\u00f6r\u00fclebilir bir ihracat ortam\u0131n\u0131n tesis edilmesi, fiyat istikrar\u0131n\u0131n sa\u011flanmas\u0131 ve ambalajl\u0131 ihracat\u0131 destekleyen mekanizmalar\u0131n g\u00fc\u00e7lendirilmesi olaca\u011f\u0131n\u0131 vurgulayan Uygun, \u201cSekt\u00f6r\u00fcm\u00fcz, ithal girdiye ba\u011f\u0131ml\u0131 olmayan yap\u0131s\u0131 ile \u00fclkemize net d\u00f6viz kazand\u0131ran stratejik bir sekt\u00f6r. Bu g\u00fcc\u00fcn s\u00fcrd\u00fcr\u00fclebilir bi\u00e7imde ihracata yans\u0131t\u0131lmas\u0131 hem \u00fcretici hem de ihracat\u00e7\u0131 a\u00e7\u0131s\u0131ndan hayati \u00f6nem ta\u015f\u0131maktad\u0131r. Bu \u00f6ng\u00f6r\u00fclebilirli\u011fi sa\u011flaman\u0131n, ba\u015far\u0131l\u0131 bir ihracat stratejisinin ilk ad\u0131m\u0131; eldeki \u00fcr\u00fcn\u00fcn, yani rekoltenin do\u011fru tespit edilmesinden ge\u00e7iyor. Maalesef eksik veya hatal\u0131 rekolte verileri, sekt\u00f6r\u00fcm\u00fcz a\u00e7\u0131s\u0131ndan telafisi g\u00fc\u00e7 zararlar do\u011furabilecek yanl\u0131\u015f politikalar\u0131n temelini olu\u015fturuyor\u201d diye konu\u015ftu.<\/p>\n<p><strong>AB\u2019nden beklentimiz serbest ticaretin ruhuna uygun adil bir rekabet ortam\u0131<\/strong><\/p>\n<p>T\u00fcrkiye\u2019nin zeytinya\u011f\u0131nda \u0130spanya\u2019n\u0131n ard\u0131ndan d\u00fcnyan\u0131n en b\u00fcy\u00fck ikinci \u00fcreticisi konumuna ula\u015ft\u0131\u011f\u0131n\u0131 hat\u0131rlatan Ba\u015fkan Uygun s\u00f6zlerini \u015f\u00f6yle s\u00fcrd\u00fcrd\u00fc; \u201cAvrupa Birli\u011fi pazar\u0131nda kar\u015f\u0131m\u0131za \u00e7\u0131kar\u0131lan sembolik 100 tonluk kota; \u00fcretim kapasitemiz ve hedeflerimizle ba\u011fda\u015fmamaktad\u0131r. \u00d6zellikle Kuzey Afrika\u2019daki rakip \u00fcretici \u00fclkelere on binlerce tonluk g\u00fcmr\u00fcks\u00fcz giri\u015f hakk\u0131 tan\u0131n\u0131rken, T\u00fcrkiye\u2019ye uygulanan bu s\u0131n\u0131rlama a\u00e7\u0131k bir negatif ayr\u0131mc\u0131l\u0131k te\u015fkil etmektedir. Bizim beklentimiz bir ayr\u0131cal\u0131k de\u011fil; serbest ticaretin ruhuna uygun, adil bir rekabet ortam\u0131d\u0131r. Avrupa pazar\u0131, katma de\u011ferli ve ambalajl\u0131 ihracat vizyonumuz a\u00e7\u0131s\u0131ndan kritik \u00f6neme sahiptir. Kendi co\u011frafyam\u0131z\u0131n bu e\u015fsiz \u00fcr\u00fcn\u00fcn\u00fc Avrupa\u2019daki t\u00fcketicilere kendi markalar\u0131m\u0131zla sunabilmemizin \u00f6n\u00fcndeki bu tarife engelinin mutlaka a\u015f\u0131lmas\u0131 gerekmektedir. Bu noktada, G\u00fcmr\u00fck Birli\u011fi\u2019nin g\u00fcncellenmesi s\u00fcrecinde zeytinya\u011f\u0131n\u0131n hak etti\u011fi kotaya kavu\u015fmas\u0131, Avrupa pazar\u0131ndaki konumumuzu do\u011frudan etkileyecektir. Bu s\u00fcre\u00e7te Br\u00fcksel\u2019de m\u00fczakere y\u00fcr\u00fcten k\u0131ymetli b\u00fcrokratlar\u0131m\u0131z\u0131n elini g\u00fc\u00e7lendirmek, onlara gerekli t\u00fcm veriyi sa\u011flamak ve sekt\u00f6r olarak tek ses h\u00e2linde hareket etmek b\u00fcy\u00fck \u00f6nem ta\u015f\u0131maktad\u0131r. Bug\u00fcn bu salondan \u00e7\u0131kacak ortak irade, devletimizin en g\u00fc\u00e7l\u00fc dayana\u011f\u0131 olacakt\u0131r.\u201d<\/p>\n<p>D\u00fcnya ekonomisinin ve T\u00fcrkiye\u2019nin i\u00e7inde bulundu\u011fu co\u011frafyan\u0131n hassas bir d\u00f6nemden ge\u00e7ti\u011fini dile getiren \u0130hracat Genel M\u00fcd\u00fcr Yard\u0131mc\u0131s\u0131 Tayfun K\u0131l\u0131\u00e7, ticaret sava\u015flar\u0131 ve korumac\u0131l\u0131k e\u011filimlerinin her ge\u00e7en g\u00fcn g\u00fc\u00e7 kazand\u0131\u011f\u0131n\u0131 vurgulad\u0131.<\/p>\n<p><strong>G\u0131da milliyet\u00e7ili\u011fi kavram\u0131 \u00f6ne \u00e7\u0131kt\u0131<\/strong><\/p>\n<p>D\u00fcnya\u2019da \u00f6ng\u00f6r\u00fclebilir d\u0131\u015f ticaret politikalar\u0131n\u0131n pandemi ve sava\u015flar ortam\u0131nda y\u0131k\u0131ld\u0131\u011f\u0131n\u0131 aktaran K\u0131l\u0131\u00e7, \u201cBelirsizlikler \u00fczerine kurulan d\u00fcnya d\u0131\u015f ticareti devam ediyor. Her sabah \u00c7in ile ABD aras\u0131nda ticaret sava\u015flar\u0131 devam ederken b\u00f6lgemizdeki sava\u015flarla kar\u015f\u0131 kar\u015f\u0131ya kald\u0131k. B\u00f6lgemizdeki sava\u015flar ve jeopolitik gerilimler g\u0131dan\u0131n art\u0131k sadece bir ticaret kalemi olmad\u0131\u011f\u0131n\u0131 bizlere bir kez daha g\u00f6stermi\u015ftir. G\u0131da bug\u00fcn toplumsal istikrar\u0131n ve ulusal g\u00fcvenli\u011fin en stratejik par\u00e7as\u0131 haline gelmi\u015ftir. Bir\u00e7ok \u00fclkenin g\u0131da ihracat\u0131na k\u0131s\u0131tlama\u011fa getirdi\u011fi, g\u0131da milliyet\u00e7ili\u011fi kavram\u0131n\u0131n \u00f6ne \u00e7\u0131kt\u0131\u011f\u0131 bir d\u00f6nemden ge\u00e7iyoruz. Bu s\u00fcreci ge\u00e7ici bir kriz olarak de\u011fil, k\u00fcresel ticaretin yeni ve yap\u0131sal bir ger\u00e7e\u011fi olarak okuyoruz. Ticaret Bakanl\u0131\u011f\u0131 olarak bu riskli ortamda hem i\u00e7 piyasa dengemizi korumak hem de T\u00fcrkiye&#8217;yi d\u00fcnyan\u0131n en g\u00fcvenilir g\u0131da tedarik\u00e7isi olarak konumland\u0131rman\u0131n \u00e7al\u0131\u015fmalar\u0131n\u0131 yap\u0131yoruz\u201d ifadelerini kulland\u0131.<\/p>\n<p>T\u00fcrk tar\u0131m sekt\u00f6r\u00fcn\u00fcn 75 milyar dolarl\u0131k bir tar\u0131msal has\u0131laya sahip oldu\u011funu ifade eden K\u0131l\u0131\u00e7 \u015f\u00f6yle devam etti; \u201cBu rakam \u00fclkemizin \u00fcretim g\u00fcc\u00fcn\u00fc ve emek yo\u011fun \u00e7al\u0131\u015fmas\u0131n\u0131 temsil ediyor. 2025 y\u0131l\u0131 itibariyle tar\u0131m \u00fcr\u00fcnleri ihracat\u0131m\u0131z 32,6 milyar dolar seviyesine ula\u015ft\u0131. 2026 y\u0131l\u0131nda bu performans\u0131m\u0131z devam edecek. Zeytinya\u011f\u0131 ihracat\u0131m\u0131zda ambalajl\u0131 \u00fcr\u00fcn\u00fcn genel toplam i\u00e7erisindeki pay\u0131 2025 y\u0131l\u0131nda y\u00fczde 70 seviyesine ula\u015ft\u0131. Ge\u00e7en y\u0131l zeytinya\u011f\u0131nda ya\u015fad\u0131\u011f\u0131m\u0131z ihracat gerilemesinin yan\u0131nda ambalajl\u0131 ihracat y\u00fcz\u00fcm\u00fcz\u00fc g\u00fcld\u00fcren bir taraf oldu.\u201d<\/p>\n<p>Fuar desteklerinden TURQUALITY\u2019ye, e-ihracattan URGE projelerine kadar geni\u015f bir yelpazede ihracat\u0131 desteklediklerini aktaran K\u0131l\u0131\u00e7, \u201c2025 y\u0131l\u0131nda ihracat\u00e7\u0131lar\u0131m\u0131za toplam 33 milyar TL kaynak sunduk. 2026&#8217;da ise bu deste\u011fi 45 milyar TL&#8217;ye y\u00fckselttik. URGE projelerimiz kapsam\u0131nda tar\u0131m sekt\u00f6rlerinde 20 aktif projemiz devam etmekte. Bu projelerde 478 firmam\u0131z yer al\u0131yor. 2025 y\u0131l\u0131nda tar\u0131m s\u00f6kt\u00fcr\u00fcne y\u00f6nelik 14 sekt\u00f6rel ticaret heyeti ve 5 al\u0131m heyeti d\u00fczenledik. Bu heyetlerin ikisi do\u011frudan zeytin ve zeytinya\u011f\u0131 sekt\u00f6r\u00fcne y\u00f6nelik ger\u00e7ekle\u015ftirildi\u201d dedi.<\/p>\n<p>Zeytin ve Zeytinya\u011f\u0131 Sekt\u00f6r Bulu\u015fmas\u0131\u2019n\u0131n \u201cS\u00fcrd\u00fcr\u00fclebilir Zeytin Tar\u0131m\u0131 i\u00e7in Bilimsel Rekolte Tespit Y\u00f6ntemleri\u201d ba\u015fl\u0131kl\u0131 ilk oturumunu Tar\u0131m Yazar\u0131 Ali Ekber Y\u0131ld\u0131r\u0131m modere etti. Panelde; \u0130spanya Tar\u0131m Bakanl\u0131\u011f\u0131 Zeytinya\u011f\u0131 ve End\u00fcstriyel Bitkiler Dairesi\u2019nden Fernando Mosquera Escribano, End\u00fcl\u00fcs B\u00f6lgesel H\u00fck\u00fcmeti Tar\u0131m Departman\u0131 Ara\u015ft\u0131rma ve \u0130statistik Ba\u015fkan\u0131 Juan Basc\u00f3n Fern\u00e1ndez, Zeytincilik Ara\u015ft\u0131rma Enstit\u00fcs\u00fc\u2019nden Dr. Murat \u00d6zalta\u015f ve Doktar Kurucu Orta\u011f\u0131 Tanzer Bilgen konu\u015fmac\u0131 olarak yer ald\u0131.<\/p>\n<p>\u0130kinci oturum olan \u201cT\u00fcrk Zeytinya\u011f\u0131n\u0131n Rekabet G\u00fcc\u00fc ve Avrupa Birli\u011fi Kotalar\u0131\u201d paneli de yine Ali Ekber Y\u0131ld\u0131r\u0131m moderat\u00f6rl\u00fc\u011f\u00fcnde d\u00fczenlendi. Panelde; Tar\u0131m ve Orman Bakanl\u0131\u011f\u0131 Avrupa Birli\u011fi ve D\u0131\u015f \u0130li\u015fkiler Genel M\u00fcd\u00fcr Yard\u0131mc\u0131s\u0131 Ahmet Volkan G\u00fcng\u00f6ren, Ticaret Bakanl\u0131\u011f\u0131 \u0130hracat Genel M\u00fcd\u00fcrl\u00fc\u011f\u00fc Tar\u0131m Dairesi Ba\u015fkan\u0131 Halis Kaya, Ticaret Bakanl\u0131\u011f\u0131 Uluslararas\u0131 Anla\u015fmalar ve Avrupa Birli\u011fi Genel M\u00fcd\u00fcrl\u00fc\u011f\u00fc Avrupa Birli\u011fi ile Kurumsal \u0130li\u015fkiler ve Tar\u0131m Dairesi Ba\u015fkan\u0131 Ahmet Sel\u00e7uk Nalbant ve T\u00fcrkiye \u0130hracat\u00e7\u0131lar Meclisi Br\u00fcksel Temsilcisi Mehmet Tan g\u00f6r\u00fc\u015f ve de\u011ferlendirmelerini payla\u015ft\u0131.<\/p>\n<p>Zeytin ve Zeytinya\u011f\u0131 Sekt\u00f6r Bulu\u015fmas\u0131 sonras\u0131nda 2025 y\u0131l\u0131nda sofral\u0131k zeytin ve zeytinya\u011f\u0131 sekt\u00f6r\u00fcnde 6 kategoride 32 firman\u0131n \u00f6d\u00fcllendirildi\u011fi \u201cZeytin ve Zeytinya\u011f\u0131 \u0130hracat\u0131n\u0131n Y\u0131ld\u0131zlar\u0131 \u00d6d\u00fcl T\u00f6reni\u201d ger\u00e7ekle\u015ftirildi.<\/p>\n<p>Zeytin ve Zeytinya\u011f\u0131 Sekt\u00f6r Bulu\u015fmas\u0131\u2019na Verde Ya\u011f Alt\u0131n Sponsor olurken, Uygun Rafine Ya\u011f Sanayi., Yunuslar Tar\u0131m \u00dcr\u00fcnleri, \u0130zmir Ticaret Borsas\u0131, Kozoliv G\u0131da \u00dcr\u00fcnleri ve Ticaret ve Sanayi Kontuvar\u0131 G\u00fcm\u00fc\u015f Sponsor olarak destek verdiler. G\u00fcnkar G\u0131da, Ero\u011flu G\u0131da, Yeni\u00e7a\u011f G\u0131da, Eker G\u0131da, Zer Zeytincilik, Balsar\u0131 Ya\u011f ve Ayd\u0131n Ticaret Borsas\u0131 Bronz Sponsor olarak yer ald\u0131lar.<\/p>\n<p>EGE ZEYT\u0130N VE ZEYT\u0130NYA\u011eI \u0130HRACAT\u00c7ILARI B\u0130RL\u0130\u011e\u0130 \u0130HRACATIN YILDIZLARI \u00d6D\u00dcL T\u00d6REN\u0130 \u00d6D\u00dcL ALAN F\u0130RMALAR L\u0130STES\u0130<\/p>\n<p><strong>SOFRALIK ZEYT\u0130N \u0130HRACATINDA \u0130LK 10 F\u0130RMA<\/strong><\/p>\n<p>EKER GIDA NAK. \u0130N\u015e. SAN. T\u0130C. LTD. \u015eT\u0130.<\/p>\n<p>YUNUSLAR TARIM \u00dcR. GIDA \u0130N\u015e. SAN. VE DI\u015e T\u0130C. LTD. \u015eT\u0130.<\/p>\n<p>AYDONA GIDA \u0130N\u015e. PETR. \u0130LET\u0130\u015e\u0130M KUY. TUR. NAK.OTO.SAN.\u0130\u00c7 VE DI\u015e T\u0130C. LTD. \u015eT\u0130.<\/p>\n<p>MAROL\u0130 GIDA SAN. VE DI\u015e T\u0130C. A.\u015e.<\/p>\n<p>ZER ZEYT\u0130NC\u0130L\u0130K TARIM \u00dcR\u00dcNLER\u0130 GIDA SAN.VE T\u0130C. A. \u015e.<\/p>\n<p>SAHA TARIM \u00dcR. \u0130TH. \u0130HR. LTD. \u015eT\u0130.<\/p>\n<p>G\u00dcNKAR \u0130N\u015eAAT GIDA TEKS. \u00a0\u0130TH. \u0130HR. SAN. VE T\u0130C. LTD. \u015eT\u0130.<\/p>\n<p>UGS-URLA GIDA VE TARIM \u00dcR. SAN. VE T\u0130C. A.\u015e.<\/p>\n<p>AKSA ZEYT\u0130NC\u0130L\u0130K GIDA SAN. T\u0130C. LTD. \u015eT\u0130.<\/p>\n<p>ERO\u011eLU YERL\u0130 \u00dcR\u00dcNLER GIDA TUR. \u0130HR. \u0130TH.SAN.VE T\u0130C.LTD.\u015eT\u0130<\/p>\n<p><strong>ZEYT\u0130NYA\u011eI \u0130HRACATINDA \u0130LK 10 F\u0130RMA<\/strong><\/p>\n<p>VERDE YA\u011e BES\u0130N MADDELER\u0130 SAN. VE T\u0130C.A.\u015e.<\/p>\n<p>KOZMOPOL\u0130TAN GIDA SAN. VE T\u0130C. A.\u015e.<\/p>\n<p>SAVOLA GIDA SAN. VE T\u0130C. A.\u015e.<\/p>\n<p>T\u0130CARET VE SANAY\u0130 KONTUVARI T\u00dcRK A.\u015e.<\/p>\n<p>YONCA GIDA SAN. \u0130\u015eL. \u0130\u00c7 VE DI\u015e T\u0130C. A.\u015e.<\/p>\n<p>KAHRAMAN YA\u011e VE GIDA SAN. T\u0130C. LTD. \u015eT\u0130.<\/p>\n<p>POYRAZ ZEYT\u0130NYA\u011eI TAR. SAN. VE T\u0130C. A.\u015e.<\/p>\n<p>BUNGE GIDA SAN. VE T\u0130C. A.\u015e.<\/p>\n<p>OVE GIDA SAN. VE T\u0130C. A.\u015e.<\/p>\n<p>ALHATO\u011eLU ZEYT\u0130NC\u0130L\u0130K GIDA SAN. VE T\u0130C. LTD. \u015eT\u0130.<\/p>\n<p><strong>SOFRALIK ZEYT\u0130N EN KATMA DE\u011eERL\u0130 \u0130HRACAT \u00d6D\u00dcLLER\u0130<\/strong><\/p>\n<p>1878 ZEYT\u0130N \u00dcR\u00dcNLER\u0130 SAN. T\u0130C. A.\u015e.<\/p>\n<p>RAPUNZEL ORGAN\u0130K TAR. \u00dcR. VE GIDA T\u0130C. LTD. \u015eT\u0130.<\/p>\n<p>HENRY LAMOTTE GIDA SAN. VE T\u0130C. LTD. \u015eT\u0130.<\/p>\n<p><strong>SOFRALIK ZEYT\u0130N \u0130HRACAT ARTI\u015eI SIRALI\u00a0L\u0130STE<\/strong><\/p>\n<p>L\u0130DER DI\u015e T\u0130C. LTD. \u015eT\u0130.<\/p>\n<p>S\u00dcLEYMAN AYDIN GIDA NAK. SAN. VE T\u0130C. LTD. \u015eT\u0130.<\/p>\n<p>\u00c7OBANO\u011eLU ZEYT\u0130NC\u0130L\u0130K SAN. VE T\u0130C. LTD. \u015eT\u0130.<\/p>\n<p><strong>ZEYT\u0130NYA\u011eI EN KATMA DE\u011eERL\u0130 \u0130HRACAT \u00d6D\u00dcLLER\u0130<\/strong><\/p>\n<p>HER\u015eEYMER\u015eEY MA\u011eAZACILIK A.\u015e.<\/p>\n<p>DARDANOS \u0130HR.\u0130TH. T\u0130C. LTD. \u015eT\u0130.<\/p>\n<p>NOVA VERA GIDA VE TAR. SAN.T\u0130C.A.\u015e.<\/p>\n<p><strong>ZEYT\u0130NYA\u011eI \u0130HRACAT ARTI\u015eI SIRALI\u00a0L\u0130STE<\/strong><\/p>\n<p>ERORHAN GIDA SAN. VE T\u0130C. LTD. \u015eT\u0130.<\/p>\n<p>ZER SAL\u00c7A KONSERVE TAR. \u00dcR. GIDA SAN. VE T\u0130C. A.\u015e.<\/p>\n<p>BESTOL\u0130O GIDA LTD. \u015eT\u0130.<\/p>\n<p>\u00a0<\/p>\n<p>\u00a0<\/p>\n<p>Kaynak: (BYZHA) Beyaz Haber Ajans\u0131<\/p>\n","protected":false},"excerpt":{"rendered":"<p>\u0130ki sezondur ihracatta kan kaybeden T\u00fcrk zeytinya\u011f\u0131 sekt\u00f6r\u00fc, do\u011fru tespit edilen rekolteyle ve Avrupa Birli\u011fi\u2019nden al\u0131nacak kotayla ihracattaki t\u0131kan\u0131kl\u0131\u011f\u0131 a\u015fmay\u0131 hedefliyor.<\/p>\n","protected":false},"author":1,"featured_media":3641,"comment_status":"open","ping_status":"open","sticky":false,"template":"","format":"standard","meta":{"footnotes":""},"categories":[30],"tags":[],"class_list":["post-3640","post","type-post","status-publish","format-standard","has-post-thumbnail","hentry","category-ekonomi"],"_links":{"self":[{"href":"https:\/\/ekonomievreni.com\/index.php?rest_route=\/wp\/v2\/posts\/3640","targetHints":{"allow":["GET"]}}],"collection":[{"href":"https:\/\/ekonomievreni.com\/index.php?rest_route=\/wp\/v2\/posts"}],"about":[{"href":"https:\/\/ekonomievreni.com\/index.php?rest_route=\/wp\/v2\/types\/post"}],"author":[{"embeddable":true,"href":"https:\/\/ekonomievreni.com\/index.php?rest_route=\/wp\/v2\/users\/1"}],"replies":[{"embeddable":true,"href":"https:\/\/ekonomievreni.com\/index.php?rest_route=%2Fwp%2Fv2%2Fcomments&post=3640"}],"version-history":[{"count":1,"href":"https:\/\/ekonomievreni.com\/index.php?rest_route=\/wp\/v2\/posts\/3640\/revisions"}],"predecessor-version":[{"id":3642,"href":"https:\/\/ekonomievreni.com\/index.php?rest_route=\/wp\/v2\/posts\/3640\/revisions\/3642"}],"wp:featuredmedia":[{"embeddable":true,"href":"https:\/\/ekonomievreni.com\/index.php?rest_route=\/wp\/v2\/media\/3641"}],"wp:attachment":[{"href":"https:\/\/ekonomievreni.com\/index.php?rest_route=%2Fwp%2Fv2%2Fmedia&parent=3640"}],"wp:term":[{"taxonomy":"category","embeddable":true,"href":"https:\/\/ekonomievreni.com\/index.php?rest_route=%2Fwp%2Fv2%2Fcategories&post=3640"},{"taxonomy":"post_tag","embeddable":true,"href":"https:\/\/ekonomievreni.com\/index.php?rest_route=%2Fwp%2Fv2%2Ftags&post=3640"}],"curies":[{"name":"wp","href":"https:\/\/api.w.org\/{rel}","templated":true}]}}