{"id":3637,"date":"2026-03-26T12:10:22","date_gmt":"2026-03-26T09:10:22","guid":{"rendered":"https:\/\/ekonomievreni.com\/?p=3637"},"modified":"2026-03-26T12:10:24","modified_gmt":"2026-03-26T09:10:24","slug":"turk-ihrac-urunleri-cinin-batisina-urumciden-dogusuna-sanghaydan-girecek","status":"publish","type":"post","link":"https:\/\/ekonomievreni.com\/?p=3637","title":{"rendered":"T\u00fcrk ihra\u00e7 \u00fcr\u00fcnleri \u00c7in\u2019in bat\u0131s\u0131na Urum\u00e7i\u2019den do\u011fusuna \u015eanghay\u2019dan girecek"},"content":{"rendered":"<p> <strong>Son 3 y\u0131lda \u00c7in\u2019e ihracat\u0131n\u0131 y\u00fczde 72\u2019lik art\u0131\u015fla 300 milyon dolardan 516 milyon dolara \u00e7\u0131karan, \u00c7in\u2019e 1 milyar dolar ihracat hedefleyen Ege \u0130hracat\u00e7\u0131 Birlikleri, bu hedefe ula\u015fmak i\u00e7in T\u00fcrk ihracat\u00e7\u0131lar\u0131n\u0131 haziran ay\u0131nda Urum\u00e7i\u2019ye, Kas\u0131m ay\u0131nda \u015eanghay\u2019a g\u00f6t\u00fcrmek i\u00e7in kollar\u0131 s\u0131vad\u0131.<\/strong><\/p>\n<p><strong>T\u00fcrkiye\u2019nin \u00c7in\u2019e 3,3 milyar dolar ihracat yaparken 50 milyar dolar ithalat yapt\u0131\u011f\u0131n\u0131, \u00c7in\u2019le d\u0131\u015f ticaretinde 46,3 milyar dolar d\u0131\u015f ticaret a\u00e7\u0131\u011f\u0131 verdi\u011fini ifade eden Ege \u0130hracat\u00e7\u0131 Birlikleri Koordinat\u00f6r Ba\u015fkan\u0131 Jak Eskinazi, \u00c7in\u2019in ithalat i\u00e7in ne kadar yak\u0131nsa, ihracat i\u00e7inde o kadar yak\u0131n bir \u00fclke oldu\u011funu, \u00c7in\u2019e ihracat\u0131 art\u0131rmak i\u00e7in son y\u0131llarda b\u00fcy\u00fck emek verdiklerini dile getirdi.<\/strong><\/p>\n<p><strong>\u00a02026 y\u0131l\u0131n\u0131n, T\u00fcrkiye ile \u00c7in aras\u0131ndaki resmi diplomatik ili\u015fkilerinin tam 55. y\u0131l\u0131na denk geldi\u011fini dillendiren Eskinazi, \u015f\u00f6yle devam etti: \u201cHer iki \u00fclke de bu durumu bir f\u0131rsat olarak g\u00f6r\u00fcp ili\u015fkilerini yeni bir seviyeye ta\u015f\u0131may\u0131 umuyor. Bu nedenle bu y\u0131l ger\u00e7ekle\u015ftirmeyi planlad\u0131\u011f\u0131m\u0131z fuarlarda, edindi\u011fimiz deneyimleri de g\u00f6z \u00f6n\u00fcnde bulundurarak \u00e7ok daha \u00f6nce haz\u0131rl\u0131klar\u0131na ba\u015flay\u0131p \u00fclkemizden daha fazla firman\u0131n kat\u0131l\u0131m\u0131yla \u00fclkemizin \u00fcr\u00fcnlerini \u00f6ne \u00e7\u0131karmay\u0131 planl\u0131yoruz.<\/strong><\/p>\n<p><strong>\u00c7in\u2019e yap\u0131lan her 100 dolar ihracat\u0131n 21 dolar\u0131nda E\u0130B\u2019nin imzas\u0131 var<\/strong><\/p>\n<p><strong>T\u00fcrkiye\u2019nin \u00c7in\u2019e yapt\u0131\u011f\u0131 ihracattan E\u0130B olarak ald\u0131klar\u0131 pay\u0131n 3 y\u0131lda y\u00fczde 9\u2019dan y\u00fczde 16\u2019a \u00e7\u0131kt\u0131\u011f\u0131 bilgisini veren Eskinazi, \u201c\u00c7in\u2019e ihracatta 2026 y\u0131l\u0131na daha ba\u015far\u0131l\u0131 bir giri\u015f yapt\u0131k. 2026 y\u0131l\u0131n\u0131n ocak-\u015fubat d\u00f6neminde T\u00fcrkiye\u2019nin \u00c7in\u2019e ihracat\u0131 y\u00fczde 29\u2019luk art\u0131\u015fla 438 milyon dolardan 563 milyon dolara \u00e7\u0131karken, E\u0130B\u2019nin \u00c7in\u2019e ihracat\u0131 y\u00fczde 64\u2019l\u00fck art\u0131\u015fla 70 milyon dolardan 115 milyon dolara \u00e7\u0131kt\u0131. T\u00fcrkiye\u2019nin \u00c7in\u2019e yapt\u0131\u011f\u0131 her 100 dolarl\u0131k ihracat\u0131n 21 dolar\u0131nda E\u0130B\u2019nin imzas\u0131 var. E\u0130B olarak \u00c7in\u2019e 1 milyar dolar ihracat hedefimize emin ad\u0131mlarla ilerliyoruz. Bu ama\u00e7la \u00c7in\u2019de 3 fuara T\u00fcrkiye Milli Kat\u0131l\u0131m Organizasyonu ger\u00e7ekle\u015ftiriyoruz\u201d dedi.<\/strong><\/p>\n<p><strong>\u00a0Haziran\u2019da Urum\u00e7i, Kas\u0131m\u2019da \u015eanghay<\/strong><\/p>\n<p><strong>16-19 Mart 2026 tarihlerinde \u00c7in\/Xiamen&#8217;de d\u00fczenlenen Xiamen Stone Fair 2026 Fuar\u0131\u2019na T\u00fcrkiye Milli Kat\u0131l\u0131m\u0131 yapt\u0131klar\u0131n\u0131 ve 30 firmayla kat\u0131ld\u0131klar\u0131n\u0131 payla\u015fan Eskinazi \u015f\u00f6yle devam etti:\u201c2026 y\u0131l\u0131n\u0131n bundan sonraki diliminde \u00c7in\u2019deki iki fuara daha milli kat\u0131l\u0131m organizasyonu yapaca\u011f\u0131z. \u0130lk fuar\u0131m\u0131z 25-29 Haziran 2026 tarihlerinde \u00c7in\u2019in Sincan Uygur \u00d6zerk B\u00f6lgesi\u2019nin ba\u015fkenti Urum\u00e7i\u2019de d\u00fczenlenecek olan \u20182026 \u00c7in Avrasya Expo Fuar\u0131\u2019 olacak. \u00c7in Ticaret Bakanl\u0131\u011f\u0131, \u00c7in D\u0131\u015fi\u015fleri Bakanl\u0131\u011f\u0131, \u00c7in Uluslararas\u0131 Ticareti Te\u015fvik Konseyi ve Sincan Uygur \u00d6zerk B\u00f6lgesi H\u00fck\u00fcmeti taraf\u0131ndan ortakla\u015fa organize edilen fuara, 2026 y\u0131l\u0131nda ikinci kez milli kat\u0131l\u0131m organizasyonu ger\u00e7ekle\u015ftirece\u011fiz. Bu y\u0131l 9. kez d\u00fczenlenecek olan fuar; bili\u015fim teknolojileri, kimya, tekstil, lojistik ve g\u0131da ba\u015fta olmak \u00fczere pek \u00e7ok farkl\u0131 sekt\u00f6r\u00fc kapsayan genel nitelikli bir fuar.<\/strong><\/p>\n<p><strong>\u00c7in\u2019in Bat\u0131ya a\u00e7\u0131lan kap\u0131s\u0131 olan Urum\u00e7i\u2019de Ege \u0130hracat\u00e7\u0131 Birlikleri olarak ger\u00e7ekle\u015ftirdi\u011fimiz Milli Kat\u0131l\u0131m Organizasyonumuz, s\u00fcrd\u00fcr\u00fclebilir, uzun soluklu ve kar\u015f\u0131l\u0131kl\u0131 g\u00fcven i\u00e7eren i\u015f birlikleri kurma hedefimize b\u00fcy\u00fck katk\u0131 sa\u011flam\u0131\u015ft\u0131r. Son y\u0131llarda b\u00fcy\u00fck bir geli\u015fim g\u00f6steren ve lojistik bir hub haline gelen Sincan Uygur \u00d6zerk B\u00f6lgesi, T\u00fcrk \u00fcr\u00fcnlerinin \u00c7in\u2019e giri\u015fi i\u00e7in stratejik bir konumda yer al\u0131yor. Biz de bu fuar vesilesiyle T\u00fcrk \u00fcr\u00fcnlerinin g\u00fcvenilirli\u011fini, kalitesini ve rekabet\u00e7ili\u011fini Urum\u00e7i pazar\u0131na tan\u0131tmay\u0131 ama\u00e7l\u0131yoruz.<\/strong><\/p>\n<p><strong>\u00a0T\u00fcrkiye\u2019nin ihracat hedeflerini destekleyerek b\u00f6lgesel i\u015f birli\u011fi ve ticari \u00e7e\u015fitlili\u011fi art\u0131rmay\u0131 ama\u00e7layan Birli\u011fimiz, \u00f6n\u00fcm\u00fczdeki s\u00fcre\u00e7te de uluslararas\u0131 pazarlarda T\u00fcrk sanayi, tar\u0131m ve hizmet sekt\u00f6rlerinin g\u00f6r\u00fcn\u00fcrl\u00fc\u011f\u00fcn\u00fc g\u00fc\u00e7lendirmeye devam edecektir. Milli kat\u0131l\u0131m organizasyonunda yer almak isteyen \u00fcyelerimizin\u00a0<a href=\"\/cdn-cgi\/l\/email-protection\" class=\"__cf_email__\" data-cfemail=\"2152404f40584810614448430f4e53460f5553\">[email&#160;protected]<\/a>\u00a0adresi arac\u0131l\u0131\u011f\u0131yla 24 Nisan 2026 tarihine kadar temasa ge\u00e7meleri gerekiyor.\u201d\u00a0<\/strong><\/p>\n<p><strong>Ege \u0130hracat\u00e7\u0131 Birlikleri\u2019nin \u00c7in\u2019de T\u00fcrkiye Milli Kat\u0131l\u0131m Organizasyonu yapaca\u011f\u0131 son fuar 5-10 Kas\u0131m 2026 tarihlerinde \u015eanghay\u2019da d\u00fczenlenecek olan \u00c7in Uluslararas\u0131 \u0130thalat Fuar\u0131 (CIIE) olacak. E\u0130B Koordinat\u00f6r Ba\u015fkan\u0131 Jak Eskinazi, \u00c7in Uluslararas\u0131 \u0130thalat Fuar\u0131\u2019n\u0131n \u00c7in Devleti taraf\u0131ndan ciddi anlamda desteklendi\u011finin alt\u0131n\u0131 \u00e7izdi.\u00a0<\/strong><\/p>\n<p><strong>\u00c7in\u2019in ihracat\u00e7\u0131 kas\u0131 kadar, ithalat\u00e7\u0131 kas\u0131n\u0131n da g\u00fc\u00e7l\u00fc oldu\u011funa temas eden Eskinazi, \u201c\u00c7in 2025 y\u0131l\u0131nda 3,77 trilyon dolarl\u0131k ihracata kar\u015f\u0131l\u0131k 2,6 trilyon dolar ithalat yapt\u0131. T\u00fcrkiye de \u00c7in\u2019e ihracat\u0131n\u0131 art\u0131rabilecek potansiyele sahip. CIIE 2025\u2019e 150 \u00fclkeden 4108 firma ve 460.000\u2019in \u00fczerinde profesyonel ziyaret\u00e7i kat\u0131ld\u0131. CIIE 2025 Fuar\u0131\u2019nda \u2018Hizmetler, Otomobil, Ak\u0131ll\u0131 End\u00fcstri ve Bilgi Teknolojileri, T\u00fcketici \u00dcr\u00fcnleri, Medikal Ekipmanlar ve Sa\u011fl\u0131k \u00dcr\u00fcnleri, G\u0131da ve Tar\u0131msal \u00dcr\u00fcnler\u2019 holleri bulunuyor.<\/strong><\/p>\n<p><strong>\u00a0Ge\u00e7en y\u0131l fuara kuru meyve, s\u00fct \u00fcr\u00fcnleri, hububat bakliyat ve ya\u011fl\u0131 tohumlar, zeytin, zeytinya\u011f\u0131, tekstil ve kozmetik sekt\u00f6rlerindeki firmalar\u0131m\u0131z\u0131n yan\u0131 s\u0131ra \u00c7in ile \u00fclkemizin yapt\u0131\u011f\u0131 anla\u015fma sonras\u0131nda Ege \u0130hracat\u00e7\u0131 Birliklerimiz b\u00fcnyesinde yer alan Ege Su \u00dcr\u00fcnleri ve Hayvansal Mamuller \u0130hracat\u00e7\u0131lar\u0131 Birli\u011fimiz kat\u0131l\u0131m sa\u011flam\u0131\u015ft\u0131. \u00d6zellikle su \u00fcr\u00fcnlerinde iki \u00fclke aras\u0131nda yap\u0131lan anla\u015fma sonras\u0131nda su \u00fcr\u00fcnleri ihracat\u0131 yapan firmalar\u0131m\u0131z i\u00e7in b\u00fcy\u00fck potansiyel yarataca\u011f\u0131n\u0131 d\u00fc\u015f\u00fcn\u00fcyoruz.\u00a0<\/strong><\/p>\n<p><strong>\u00a0Ayr\u0131ca bu y\u0131l kozmetik \u00fcr\u00fcnlerinde daha fazla firmam\u0131z\u0131n kat\u0131l\u0131m\u0131n\u0131 sa\u011flamay\u0131 hedefliyoruz. Ge\u00e7en y\u0131l Milli Kat\u0131l\u0131m organizasyonumuz ile fuara kat\u0131lan kozmetik firmalar\u0131 \u00c7inli t\u00fcketicilerden b\u00fcy\u00fck ilgi g\u00f6rd\u00fc.\u00a0<\/strong><\/p>\n<p><strong>\u00a0C\u0130\u0130E Fuar\u0131\u2019na kat\u0131lacak ihracat\u00e7\u0131 firmalar\u0131m\u0131z\u0131n 15 Haziran 2026 Pazartesi g\u00fcn\u00fc mesai saati bitimine kadar\u00a0<a href=\"\/cdn-cgi\/l\/email-protection\" class=\"__cf_email__\" data-cfemail=\"cdaea4a4a88da8a4afe3a2bfaae3b9bf\">[email&#160;protected]<\/a>\u00a0e-posta adresi arac\u0131l\u0131\u011f\u0131yla ileti\u015fim kurmalar\u0131n\u0131 bekliyoruz\u201d ifadelerini kulland\u0131.<\/strong><\/p>\n<p><strong>\u00a0<\/strong><\/p>\n<p>\u00a0<\/p>\n<p>Kaynak: (BYZHA) Beyaz Haber Ajans\u0131<\/p>\n","protected":false},"excerpt":{"rendered":"<p>Son 3 y\u0131lda \u00c7in\u2019e ihracat\u0131n\u0131 y\u00fczde 72\u2019lik art\u0131\u015fla 300 milyon dolardan 516 milyon dolara \u00e7\u0131karan, \u00c7in\u2019e 1 milyar dolar ihracat hedefleyen Ege \u0130hracat\u00e7\u0131 Birlikleri, bu hedefe ula\u015fmak i\u00e7in T\u00fcrk ihracat\u00e7\u0131lar\u0131n\u0131 haziran ay\u0131nda Urum\u00e7i\u2019ye, Kas\u0131m ay\u0131nda \u015eanghay\u2019a g\u00f6t\u00fcrmek i\u00e7in kollar\u0131 s\u0131vad\u0131.<\/p>\n","protected":false},"author":1,"featured_media":3638,"comment_status":"open","ping_status":"open","sticky":false,"template":"","format":"standard","meta":{"footnotes":""},"categories":[30],"tags":[],"class_list":["post-3637","post","type-post","status-publish","format-standard","has-post-thumbnail","hentry","category-ekonomi"],"_links":{"self":[{"href":"https:\/\/ekonomievreni.com\/index.php?rest_route=\/wp\/v2\/posts\/3637","targetHints":{"allow":["GET"]}}],"collection":[{"href":"https:\/\/ekonomievreni.com\/index.php?rest_route=\/wp\/v2\/posts"}],"about":[{"href":"https:\/\/ekonomievreni.com\/index.php?rest_route=\/wp\/v2\/types\/post"}],"author":[{"embeddable":true,"href":"https:\/\/ekonomievreni.com\/index.php?rest_route=\/wp\/v2\/users\/1"}],"replies":[{"embeddable":true,"href":"https:\/\/ekonomievreni.com\/index.php?rest_route=%2Fwp%2Fv2%2Fcomments&post=3637"}],"version-history":[{"count":1,"href":"https:\/\/ekonomievreni.com\/index.php?rest_route=\/wp\/v2\/posts\/3637\/revisions"}],"predecessor-version":[{"id":3639,"href":"https:\/\/ekonomievreni.com\/index.php?rest_route=\/wp\/v2\/posts\/3637\/revisions\/3639"}],"wp:featuredmedia":[{"embeddable":true,"href":"https:\/\/ekonomievreni.com\/index.php?rest_route=\/wp\/v2\/media\/3638"}],"wp:attachment":[{"href":"https:\/\/ekonomievreni.com\/index.php?rest_route=%2Fwp%2Fv2%2Fmedia&parent=3637"}],"wp:term":[{"taxonomy":"category","embeddable":true,"href":"https:\/\/ekonomievreni.com\/index.php?rest_route=%2Fwp%2Fv2%2Fcategories&post=3637"},{"taxonomy":"post_tag","embeddable":true,"href":"https:\/\/ekonomievreni.com\/index.php?rest_route=%2Fwp%2Fv2%2Ftags&post=3637"}],"curies":[{"name":"wp","href":"https:\/\/api.w.org\/{rel}","templated":true}]}}