{"id":3631,"date":"2026-03-26T11:20:27","date_gmt":"2026-03-26T08:20:27","guid":{"rendered":"https:\/\/ekonomievreni.com\/?p=3631"},"modified":"2026-03-26T11:20:28","modified_gmt":"2026-03-26T08:20:28","slug":"26-ulkeden-3-bin-400-kosucu-efes-ultra-maraton-ile-dunya-mirasini-kesfedecek","status":"publish","type":"post","link":"https:\/\/ekonomievreni.com\/?p=3631","title":{"rendered":"26 \u00dclkeden 3 Bin 400 Ko\u015fucu Efes Ultra Maraton \u0130le D\u00fcnya Miras\u0131n\u0131 Ke\u015ffedecek"},"content":{"rendered":"<p> Efes Sel\u00e7uk, 27-29 Mart tarihlerinde Efes Ultra Maraton 2026\u2019ya ev sahipli\u011fi yapmaya haz\u0131rlan\u0131yor. \u201cD\u00fcnya Miras\u0131n\u0131 Ko\u015farak Ke\u015ffet\u201d slogan\u0131yla d\u00fczenlenen organizasyona 26 \u00fclkeden 3 bin 400 ko\u015fucu kat\u0131lacak.<\/p>\n<p>Tarih, k\u00fclt\u00fcr, do\u011fa ve sporu turizmle bulu\u015fturmay\u0131 ama\u00e7layan Efes Ultra Maratonu, Limit Sensin ekibi taraf\u0131ndan Efes Sel\u00e7uk Belediyesi\u2019nin deste\u011fiyle d\u00fczenleniyor. Organizasyon \u00f6ncesinde Sel\u00e7uk Efes Kent Belle\u011fi\u2019nde bir bas\u0131n toplant\u0131s\u0131 ger\u00e7ekle\u015ftirildi. Toplant\u0131ya Efes Sel\u00e7uk Belediye Ba\u015fkan\u0131 Filiz Cerito\u011flu Sengel, ba\u015fkan yard\u0131mc\u0131lar\u0131, \u0130l\u00e7e Gen\u00e7lik ve Spor M\u00fcd\u00fcr\u00fc H\u00fcseyin K\u0131l\u0131n\u00e7 ve Limit Sensin Ekip Koordinat\u00f6r\u00fc Ali Cem Akta\u015f kat\u0131ld\u0131.<\/p>\n<p><b>\u201cDE\u011eERLER\u0130M\u0130Z\u0130 SPORLA TANITMAK \u0130ST\u0130YORUZ\u201d<\/b><\/p>\n<p>Limit Sensin Ekip Koordinat\u00f6r\u00fc Ali Cem Akta\u015f, organizasyonun her ge\u00e7en y\u0131l b\u00fcy\u00fcd\u00fc\u011f\u00fcn\u00fc belirterek; \u201cBu y\u0131l Efes Ultra Maratonu\u2019nun 9\u2019uncusunu d\u00fczenliyoruz. T\u00fcrkiye\u2019de da\u011f ko\u015fular\u0131 aras\u0131nda kat\u0131l\u0131mc\u0131 say\u0131s\u0131 bak\u0131m\u0131ndan en kalabal\u0131k organizasyonlardan biri haline geldik. \u015eu anda 3 bin 400\u2019\u00fcn \u00fczerinde kay\u0131tl\u0131 ko\u015fucumuz var. \u2018D\u00fcnya miras\u0131n\u0131 ko\u015farak ke\u015ffet\u2019 slogan\u0131yla hem merak uyand\u0131rmay\u0131 hem de b\u00f6lgemizi spor arac\u0131l\u0131\u011f\u0131yla tan\u0131tmay\u0131 hedefliyoruz. Gastronomimizi, k\u00fclt\u00fcr\u00fcm\u00fcz\u00fc ve tarihi de\u011ferlerimizi daha geni\u015f kitlelere anlatmak istiyoruz\u201d dedi.<\/p>\n<p><b>\u201cD\u00dcNYADA E\u015e\u0130 BENZER\u0130 OLMAYAN B\u0130R PARKUR\u201d<\/b><\/p>\n<p>Yar\u0131\u015f program\u0131 hakk\u0131nda bilgi veren Akta\u015f, etkinlik alan\u0131n\u0131n cuma g\u00fcn\u00fc U\u011fur Mumcu Sevgi Yolu\u2019nda kurulaca\u011f\u0131n\u0131 belirtti. Uzun etap olan 120 kilometrelik yar\u0131\u015f\u0131n cumartesi g\u00fcn\u00fc saat 07.00\u2019de ba\u015flayaca\u011f\u0131n\u0131, 27 kilometrelik etab\u0131n ise saat 08.00\u2019de start alaca\u011f\u0131n\u0131 ifade eden Akta\u015f, pazar g\u00fcn\u00fc k\u0131sa etaplar\u0131n ko\u015fulaca\u011f\u0131n\u0131 ve saat 12.00\u2019de \u00f6d\u00fcl t\u00f6reninin d\u00fczenlenece\u011fini s\u00f6yledi.<\/p>\n<p>Parkurun e\u015fsiz bir deneyim sundu\u011funu vurgulayan Akta\u015f; start noktas\u0131n\u0131n m\u00fcze \u00f6n\u00fc oldu\u011funu, ko\u015fucular\u0131n Efes Antik Kenti\u2019nden ge\u00e7erek Pamucak Sahili\u2019ne ula\u015faca\u011f\u0131n\u0131 ard\u0131ndan Meryem Ana, \u00c7aml\u0131k, \u015eirince, Belevi ve Ke\u00e7i Kalesi g\u00fczerg\u00e2h\u0131n\u0131 takip ederek yeniden kent merkezine d\u00f6neceklerini belirtti. Akta\u015f, bu rotan\u0131n do\u011fal ve tarihi zenginlikleriyle d\u00fcnyada benzeri olmayan bir destinasyon sundu\u011funu ifade etti.<\/p>\n<p>Organizasyonun art\u0131k geleneksel hale geldi\u011fini s\u00f6yleyen Akta\u015f, organizasyonun d\u00fczenlenmesinde eme\u011fi ge\u00e7en, katk\u0131 sunan Efes Sel\u00e7uk Belediyesi, \u0130l\u00e7e Kaymakaml\u0131\u011f\u0131, \u0130l\u00e7e Gen\u00e7lik ve Spor M\u00fcd\u00fcrl\u00fc\u011f\u00fc\u2019ne ve organizasyonu sahiplenen kent esnaf\u0131na te\u015fekk\u00fcr etti.<\/p>\n<p>\u00a0<b>\u201cSPOR VE TUR\u0130ZM\u0130N BULU\u015eTU\u011eU B\u0130R HAFTA SONU\u201d<\/b><\/p>\n<p>Gen\u00e7lik ve Spor \u0130l\u00e7e M\u00fcd\u00fcr\u00fc H\u00fcseyin K\u0131l\u0131n\u00e7 ise organizasyonun, Gen\u00e7lik ve Spor Bakanl\u0131\u011f\u0131, Valilik, Atletizm Federasyonu, Kaymakaml\u0131k ve belediyenin katk\u0131lar\u0131yla ger\u00e7ekle\u015ftirildi\u011fini belirterek t\u00fcm kat\u0131l\u0131mc\u0131lara ba\u015far\u0131l\u0131 ve keyifli bir yar\u0131\u015f diledi.<\/p>\n<p><b>\u201cKENT\u0130M\u0130ZE VE ESNAFIMIZA DE\u011eER KATIYOR\u201d<\/b><\/p>\n<p>Efes Sel\u00e7uk Belediye Ba\u015fkan\u0131 Filiz Cerito\u011flu Sengel, organizasyonun kentin tan\u0131t\u0131m\u0131 ve yerel ekonomi a\u00e7\u0131s\u0131ndan b\u00fcy\u00fck \u00f6nem ta\u015f\u0131d\u0131\u011f\u0131na dikkat \u00e7ekti. Ba\u015fkan Sengel; \u201cEfes Sel\u00e7uk\u2019u ad\u0131m ad\u0131m ke\u015ffetmeyi sa\u011flayan ve \u2018Limit Sensin\u2019 slogan\u0131n\u0131 ger\u00e7ek anlamda yans\u0131tan bu organizasyona ev sahipli\u011fi yapmaktan b\u00fcy\u00fck mutluluk duyuyoruz. Dokuz y\u0131ll\u0131k s\u00fcre\u00e7te, ko\u015fucular\u0131n yaln\u0131zca yar\u0131\u015fmad\u0131\u011f\u0131; ayn\u0131 zamanda bu kadim topraklar\u0131 deneyimledi\u011fi g\u00fc\u00e7l\u00fc bir b\u00fct\u00fcnl\u00fck olu\u015ftu. Bu y\u0131l sporcular\u0131n aileleriyle birlikte 5-6 bin ki\u015fiyi il\u00e7emizde a\u011f\u0131rlayaca\u011f\u0131z. Bu durum hem esnaf\u0131m\u0131za hem de kentimizin tan\u0131t\u0131m\u0131na \u00f6nemli katk\u0131 sa\u011fl\u0131yor\u201d dedi.<\/p>\n<p>Ba\u015fkan Filiz Cerito\u011flu Sengel, organizasyonun ger\u00e7ekle\u015fmesinde eme\u011fi ge\u00e7en Kaymakaml\u0131k, Jandarma, Emniyet M\u00fcd\u00fcrl\u00fc\u011f\u00fc, \u0130l\u00e7e Gen\u00e7lik ve Spor M\u00fcd\u00fcrl\u00fc\u011f\u00fc ile belediye \u00e7al\u0131\u015fanlar\u0131na te\u015fekk\u00fcr ederek Efes Ultra Maraton 2026\u2019n\u0131n hay\u0131rl\u0131 olmas\u0131n\u0131 diledi.<\/p>\n<p>6K, 12K, 27K, 42K, 61K ve 120K olmak \u00fczere toplam 6 parkurda d\u00fczenlenecek Efes Ultra Maraton 2026 program\u0131 ile ilgili ayr\u0131nt\u0131l\u0131 bilgi organizasyonun\u00a0https:\/\/www.efesultra.org\/\u00a0resmi internet sitesinde yer al\u0131yor.<\/p>\n<p>\u00a0<\/p>\n<p>\u00a0<\/p>\n<p>Kaynak: (BYZHA) Beyaz Haber Ajans\u0131<\/p>\n","protected":false},"excerpt":{"rendered":"<p>Efes Sel\u00e7uk, 27-29 Mart tarihlerinde Efes Ultra Maraton 2026\u2019ya ev sahipli\u011fi yapmaya haz\u0131rlan\u0131yor.<\/p>\n","protected":false},"author":1,"featured_media":3632,"comment_status":"open","ping_status":"open","sticky":false,"template":"","format":"standard","meta":{"footnotes":""},"categories":[33],"tags":[],"class_list":["post-3631","post","type-post","status-publish","format-standard","has-post-thumbnail","hentry","category-spor"],"_links":{"self":[{"href":"https:\/\/ekonomievreni.com\/index.php?rest_route=\/wp\/v2\/posts\/3631","targetHints":{"allow":["GET"]}}],"collection":[{"href":"https:\/\/ekonomievreni.com\/index.php?rest_route=\/wp\/v2\/posts"}],"about":[{"href":"https:\/\/ekonomievreni.com\/index.php?rest_route=\/wp\/v2\/types\/post"}],"author":[{"embeddable":true,"href":"https:\/\/ekonomievreni.com\/index.php?rest_route=\/wp\/v2\/users\/1"}],"replies":[{"embeddable":true,"href":"https:\/\/ekonomievreni.com\/index.php?rest_route=%2Fwp%2Fv2%2Fcomments&post=3631"}],"version-history":[{"count":1,"href":"https:\/\/ekonomievreni.com\/index.php?rest_route=\/wp\/v2\/posts\/3631\/revisions"}],"predecessor-version":[{"id":3633,"href":"https:\/\/ekonomievreni.com\/index.php?rest_route=\/wp\/v2\/posts\/3631\/revisions\/3633"}],"wp:featuredmedia":[{"embeddable":true,"href":"https:\/\/ekonomievreni.com\/index.php?rest_route=\/wp\/v2\/media\/3632"}],"wp:attachment":[{"href":"https:\/\/ekonomievreni.com\/index.php?rest_route=%2Fwp%2Fv2%2Fmedia&parent=3631"}],"wp:term":[{"taxonomy":"category","embeddable":true,"href":"https:\/\/ekonomievreni.com\/index.php?rest_route=%2Fwp%2Fv2%2Fcategories&post=3631"},{"taxonomy":"post_tag","embeddable":true,"href":"https:\/\/ekonomievreni.com\/index.php?rest_route=%2Fwp%2Fv2%2Ftags&post=3631"}],"curies":[{"name":"wp","href":"https:\/\/api.w.org\/{rel}","templated":true}]}}