{"id":3622,"date":"2026-03-26T11:10:19","date_gmt":"2026-03-26T08:10:19","guid":{"rendered":"https:\/\/ekonomievreni.com\/?p=3622"},"modified":"2026-03-26T11:10:20","modified_gmt":"2026-03-26T08:10:20","slug":"osmangazi-girisimcilik-zirvesi-gelecege-isik-tuttu","status":"publish","type":"post","link":"https:\/\/ekonomievreni.com\/?p=3622","title":{"rendered":"Osmangazi Giri\u015fimcilik Zirvesi Gelece\u011fe I\u015f\u0131k Tuttu"},"content":{"rendered":"<p> <span style=\"font-size:12pt\"><span style=\",serif\"><span style=\",serif\">Osmangazi Belediyesi\u2019nin d\u00fczenledi\u011fi Giri\u015fimcilik Zirvesi, i\u015f d\u00fcnyas\u0131n\u0131n deneyimli isimleri ile gen\u00e7 giri\u015fimci adaylar\u0131n\u0131 bulu\u015ftururken; ayn\u0131 zamanda yenilik\u00e7i projelerin, do\u011fru kaynak kullan\u0131m\u0131n\u0131n ve teknolojik d\u00f6n\u00fc\u015f\u00fcme uyumun \u00f6nemine dikkat \u00e7ekti.<\/span><\/span><\/span><\/p>\n<p><span style=\"font-size:12pt\"><span style=\",serif\"><span style=\",serif\">Osmangazi Belediyesi, giri\u015fimcilik ekosistemine katk\u0131 sunmaya ve yeni i\u015f fikirlerinin filizlenmesine \u00f6nc\u00fcl\u00fck etmeye devam ediyor. Bu vizyon do\u011frultusunda d\u00fczenlenen Osmangazi Giri\u015fimcilik Zirvesi, yo\u011fun kat\u0131l\u0131m e\u015fli\u011finde Osmangazi G\u00f6steri Merkezi\u2019nde ger\u00e7ekle\u015ftirildi. G\u00fcn boyu s\u00fcren etkinlik, i\u015f d\u00fcnyas\u0131n\u0131n deneyimli isimleri ile giri\u015fimci adaylar\u0131n\u0131 ayn\u0131 \u00e7at\u0131 alt\u0131nda bulu\u015fturdu. Giri\u015fimcilik k\u00fclt\u00fcr\u00fcn\u00fcn yayg\u0131nla\u015ft\u0131r\u0131lmas\u0131, gen\u00e7lerin yenilik\u00e7i fikirlerle desteklenmesi ve yerel ekonominin g\u00fc\u00e7lendirilmesi amac\u0131yla hayata ge\u00e7irilen zirveye; Osmangazi Belediye Ba\u015fkan Yard\u0131mc\u0131lar\u0131 Mutlu Esendemir, M\u00fccahit Y\u0131ld\u0131zhan ve Sefa Y\u0131lmaz\u2019\u0131n yan\u0131 s\u0131ra belediye meclis \u00fcyeleri, sivil toplum kurulu\u015flar\u0131n\u0131n temsilcileri ve \u00e7ok say\u0131da gen\u00e7 giri\u015fimci aday\u0131 kat\u0131ld\u0131.<\/span><\/span><\/span><\/p>\n<p><span style=\"font-size:12pt\"><span style=\",serif\"><b><span style=\",serif\">\u201cSorunlar\u0131 A\u015fmak \u0130\u00e7in Giri\u015fimcilere \u0130htiyac\u0131m\u0131z Var\u201d<\/span><\/b><\/span><\/span><\/p>\n<p><span style=\"font-size:12pt\"><span style=\",serif\"><span style=\",serif\">Osmangazi Giri\u015fimcilik Zirvesi\u2019nin a\u00e7\u0131l\u0131\u015f konu\u015fmas\u0131n\u0131 ger\u00e7ekle\u015ftiren Osmangazi Belediye Ba\u015fkan Yard\u0131mc\u0131s\u0131 Mutlu Esendemir, zirvenin \u00f6nemine ve i\u00e7inde bulunulan k\u00fcresel ko\u015fullara dikkat \u00e7ekti. Esendemir, zirvenin Osmangazi Belediyesi Gen\u00e7lik ve Spor Hizmetleri M\u00fcd\u00fcrl\u00fc\u011f\u00fc\u2019n\u00fcn uzun s\u00fcredir y\u00fcr\u00fctt\u00fc\u011f\u00fc titiz \u00e7al\u0131\u015fmalar sonucunda hayata ge\u00e7irildi\u011fini belirterek, s\u00f6zlerine \u015fu \u015fekilde devam etti: <\/span><\/span><\/span><\/p>\n<p><span style=\"font-size:12pt\"><span style=\",serif\"><span style=\",serif\">\u201cBu zirveyi, \u00e7ok kritik g\u00fcnlerde d\u00fczenliyoruz. Son 72 saatte d\u00fcnya ekonomisindeki \u00e7alkant\u0131lar ve yan\u0131 ba\u015f\u0131m\u0131zda Ortado\u011fu\u2019daki sava\u015f\u0131n d\u00fcnya ekonomisine olan etkisi, bu zirvenin \u00f6nemini bir kez daha art\u0131rd\u0131. \u00c7\u00fcnk\u00fc, bu ekonomideki d\u00fczensizlik ve tehdit, \u015f\u00fcphesiz bize y\u00fcksek enflasyon, i\u015fsizlik gibi \u00e7\u0131\u011f gibi b\u00fcy\u00fcyen sorunlarla gelecek. Bu sorunlarla ba\u015f ba\u015fa kalaca\u011f\u0131z. Bu sorunlar\u0131 a\u015fmak i\u00e7in giri\u015fimcilere ve yeni projelere \u00e7ok fazla ihtiyac\u0131m\u0131z var. Bu sorunlar\u0131n alt\u0131ndan kalkabilecek en \u00f6nemli projeler de, gen\u00e7lerin s\u00fcrd\u00fcr\u00fclebilir, yar\u0131nlar\u0131na \u0131\u015f\u0131k tutacak projeleri olacakt\u0131r. Ge\u00e7ti\u011fimiz sene su kesintileri oldu, su kesintilerinin nedeni tabii k\u00fcresel \u0131s\u0131nma ve giderek azalan su kaynaklar\u0131m\u0131z. Hanelerde kullan\u0131lan toplam suyun sadece y\u00fczde 3\u2019\u00fc, y\u00fczde 97\u2019si ise i\u015fletmeler taraf\u0131ndan kullan\u0131l\u0131yor. Bizim bu susuzlu\u011fu, su s\u0131k\u0131nt\u0131lar\u0131n\u0131 gidermemiz i\u00e7in yeni projelere ihtiyac\u0131m\u0131z var. Bu nedenle, bug\u00fcn ortaya konulacak ve devam edecek projeler, gelece\u011fimize \u0131\u015f\u0131k tutacak.\u201d<\/span><\/span><\/span><\/p>\n<p><span style=\"font-size:12pt\"><span style=\",serif\"><b><span style=\",serif\">\u0130\u015f D\u00fcnyas\u0131n\u0131n Ba\u015far\u0131l\u0131 \u0130simleri Deneyimlerini Payla\u015ft\u0131<\/span><\/b><\/span><\/span><\/p>\n<p><span style=\"font-size:12pt\"><span style=\",serif\"><span style=\",serif\">Karaca International Genel M\u00fcd\u00fcr\u00fc \u00d6mer Barbaros Yi\u015f\u2019in ilham veren konu\u015fmas\u0131yla ba\u015flayan Osmangazi Giri\u015fimcilik Zirvesi\u2019nde, House of Hunny Kurucusu Balca Alper Picht, Fonangels.com Y\u00f6netim Kurulu Ba\u015fkan\u0131 Yavuz Ku\u015f ve SECE Hayvanc\u0131l\u0131k Kurucusu Seval \u015eeng\u00f6r, i\u015f hayatlar\u0131ndaki tecr\u00fcbelerini aktararak giri\u015fimcilik yolculu\u011funda kar\u015f\u0131la\u015f\u0131lan zorluklar ve bu zorluklar\u0131n nas\u0131l f\u0131rsata d\u00f6n\u00fc\u015ft\u00fcr\u00fclebilece\u011fi \u00fczerine \u00f6nemli de\u011ferlendirmelerde bulundu.<\/span><\/span><\/span><\/p>\n<p><span style=\"font-size:12pt\"><span style=\",serif\"><span style=\",serif\">Dijitalle\u015fmenin t\u00fcm sekt\u00f6rleri k\u00f6kten de\u011fi\u015ftirdi\u011fine dikkat \u00e7eken Karaca International Genel M\u00fcd\u00fcr\u00fc \u00d6mer Barbaros Yi\u015f, \u00f6zellikle e-ticaret, veri analiti\u011fi ve otomasyonun i\u015f s\u00fcre\u00e7lerinde vazge\u00e7ilmez hale geldi\u011fini belirtti. Yi\u015f, teknolojiyi do\u011fru kullanan giri\u015fimlerin rekabette \u00f6ne ge\u00e7ti\u011fini vurgulad\u0131. House of Hunny Kurucusu Balca Alper Picht de, giri\u015fimcili\u011fin yaln\u0131zca iyi bir fikirle ba\u015flamad\u0131\u011f\u0131n\u0131, bu fikrin do\u011fru strateji ile desteklenmesi gerekti\u011fine i\u015faret ederek, kendi giri\u015fim ser\u00fcveninden \u00f6rnekler sundu. <\/span><\/span><\/span><\/p>\n<p><span style=\"font-size:12pt\"><span style=\",serif\"><span style=\",serif\">Ba\u015far\u0131l\u0131 bir giri\u015fimcilik hikayesiyle gen\u00e7lerde hayranl\u0131k uyand\u0131ran Balca Alper Picht, hedeflere inanman\u0131n ve asla o hedeften vazge\u00e7memenin de \u00f6neminin alt\u0131n\u0131 \u00e7izdi. Fonangels.com Y\u00f6netim Kurulu Ba\u015fkan\u0131 Yavuz Ku\u015f, giri\u015fimcili\u011fin her noktada \u00f6nem te\u015fkil etti\u011finin alt\u0131n\u0131 \u00e7izerek, de\u011fi\u015fen ve d\u00f6n\u00fc\u015fen d\u00fcnyaya uyum sa\u011flaman\u0131n \u00f6nemini ifade etti. Zirvenin son konu\u015fmac\u0131s\u0131 Sece Hayvanc\u0131l\u0131k Kurucusu Seval \u015eeng\u00f6r ise \u015firketinin ilk ad\u0131m\u0131ndan g\u00fcn\u00fcm\u00fcze kadar olan s\u00fcre\u00e7te ya\u015fad\u0131\u011f\u0131 deneyimleri ve giri\u015fimcili\u011fe dair \u00f6zg\u00fcn anekdotlar\u0131n\u0131 gen\u00e7lerle payla\u015ft\u0131.<\/span><\/span><\/span><\/p>\n<p><span style=\"font-size:12pt\"><span style=\",serif\"><span style=\",serif\">Osmangazi Giri\u015fimci Zirvesi\u2019nde ayn\u0131 zamanda \u2018B2B E\u015fle\u015fmeleri\u2019 ger\u00e7ekle\u015ftirildi. Osmangazi G\u00f6steri Merkezi\u2019ndeki fuaye alan\u0131nda yap\u0131lan B2B E\u015fle\u015fmeleri\u2019nde gen\u00e7 giri\u015fimci adaylar\u0131, sekt\u00f6r\u00fcnde uzman yat\u0131r\u0131mc\u0131lar ve i\u015f insanlar\u0131yla bir araya gelerek fikirlerini payla\u015ft\u0131.<\/span><\/span><\/span><\/p>\n<p><span style=\"font-size:12pt\"><span style=\",serif\"><span style=\",serif\">G\u00fcn boyu s\u00fcren zirvede protokol \u00fcyeleri, konu\u015fmac\u0131lara plaket takdiminde bulundu.<\/span><\/span><\/span><\/p>\n<p>\u00a0<\/p>\n<p>Kaynak: (BYZHA) Beyaz Haber Ajans\u0131<\/p>\n","protected":false},"excerpt":{"rendered":"<p>Osmangazi Belediyesi\u2019nin d\u00fczenledi\u011fi Giri\u015fimcilik Zirvesi, i\u015f d\u00fcnyas\u0131n\u0131n deneyimli isimleri ile gen\u00e7 giri\u015fimci adaylar\u0131n\u0131 bulu\u015ftururken; ayn\u0131 zamanda yenilik\u00e7i projelerin, do\u011fru kaynak kullan\u0131m\u0131n\u0131n ve teknolojik d\u00f6n\u00fc\u015f\u00fcme uyumun \u00f6nemine dikkat \u00e7ekti.<\/p>\n","protected":false},"author":1,"featured_media":3623,"comment_status":"open","ping_status":"open","sticky":false,"template":"","format":"standard","meta":{"footnotes":""},"categories":[30],"tags":[],"class_list":["post-3622","post","type-post","status-publish","format-standard","has-post-thumbnail","hentry","category-ekonomi"],"_links":{"self":[{"href":"https:\/\/ekonomievreni.com\/index.php?rest_route=\/wp\/v2\/posts\/3622","targetHints":{"allow":["GET"]}}],"collection":[{"href":"https:\/\/ekonomievreni.com\/index.php?rest_route=\/wp\/v2\/posts"}],"about":[{"href":"https:\/\/ekonomievreni.com\/index.php?rest_route=\/wp\/v2\/types\/post"}],"author":[{"embeddable":true,"href":"https:\/\/ekonomievreni.com\/index.php?rest_route=\/wp\/v2\/users\/1"}],"replies":[{"embeddable":true,"href":"https:\/\/ekonomievreni.com\/index.php?rest_route=%2Fwp%2Fv2%2Fcomments&post=3622"}],"version-history":[{"count":1,"href":"https:\/\/ekonomievreni.com\/index.php?rest_route=\/wp\/v2\/posts\/3622\/revisions"}],"predecessor-version":[{"id":3624,"href":"https:\/\/ekonomievreni.com\/index.php?rest_route=\/wp\/v2\/posts\/3622\/revisions\/3624"}],"wp:featuredmedia":[{"embeddable":true,"href":"https:\/\/ekonomievreni.com\/index.php?rest_route=\/wp\/v2\/media\/3623"}],"wp:attachment":[{"href":"https:\/\/ekonomievreni.com\/index.php?rest_route=%2Fwp%2Fv2%2Fmedia&parent=3622"}],"wp:term":[{"taxonomy":"category","embeddable":true,"href":"https:\/\/ekonomievreni.com\/index.php?rest_route=%2Fwp%2Fv2%2Fcategories&post=3622"},{"taxonomy":"post_tag","embeddable":true,"href":"https:\/\/ekonomievreni.com\/index.php?rest_route=%2Fwp%2Fv2%2Ftags&post=3622"}],"curies":[{"name":"wp","href":"https:\/\/api.w.org\/{rel}","templated":true}]}}