{"id":3613,"date":"2026-03-25T21:31:30","date_gmt":"2026-03-25T18:31:30","guid":{"rendered":"https:\/\/ekonomievreni.com\/?p=3613"},"modified":"2026-03-25T21:31:31","modified_gmt":"2026-03-25T18:31:31","slug":"turkiye-romanya-maci-nevsehirde-dev-ekranda-izlenecek","status":"publish","type":"post","link":"https:\/\/ekonomievreni.com\/?p=3613","title":{"rendered":"T\u00fcrkiye &#8211; Romanya ma\u00e7\u0131 Nev\u015fehir\u2019de Dev Ekranda \u0130zlenecek"},"content":{"rendered":"\n<p class=\"MsoNoSpacing\"><span style=\"font-size:11pt\"><span style=\"font-family:Calibri,sans-serif\"><span class=\"MsoSubtleEmphasis\" style=\"color:gray\"><span style=\"font-style:italic\"><span style=\"font-size:13.0pt\">Nev\u015fehir Belediyesi, T\u00fcrkiye-Romanya ma\u00e7\u0131n\u0131 Kapadokya K\u00fclt\u00fcr ve Sanat Merkezi\u2019nde dev ekranda yay\u0131nlayacak. Nev\u015fehir Belediyesi, T\u00fcrkiye ile Romanya aras\u0131nda oynanacak D\u00fcnya Kupas\u0131 Play-Off Yar\u0131 Final kar\u015f\u0131la\u015fmas\u0131n\u0131 dev ekranla izlettirecek.<\/span><\/span><\/span><\/span><\/span><\/p>\n<p class=\"MsoNoSpacing\"><span style=\"font-size:11pt\"><span style=\"font-family:Calibri,sans-serif\"><span class=\"MsoSubtleEmphasis\" style=\"color:gray\"><span style=\"font-style:italic\"><span style=\"font-size:13.0pt\">26 Mart Per\u015fembe g\u00fcn\u00fc saat 20.00\u2019de oynanacak m\u00fccadele dev ekranda konforlu bir alanda keyifle m\u00fcsabakay\u0131 seyretme imkan\u0131 sunacak. <\/span><\/span><\/span><\/span><\/span><\/p>\n<p class=\"MsoNoSpacing\"><span style=\"font-size:11pt\"><span style=\"font-family:Calibri,sans-serif\"><span class=\"MsoSubtleEmphasis\" style=\"color:gray\"><span style=\"font-style:italic\"><span style=\"font-size:13.0pt\">Nev\u015fehir Belediyesi taraf\u0131ndan milli ma\u00e7 co\u015fkusunu hep birlikte ya\u015famak isteyen Nev\u015fehirli b\u00fct\u00fcn vatanda\u015flar\u0131n bir araya gelerek kar\u015f\u0131la\u015fmay\u0131 izleyebilece\u011fi belirtildi.<\/span><\/span><\/span><\/span><\/span><\/p>\n<p class=\"MsoNoSpacing\"><span style=\"font-size:11pt\"><span style=\"font-family:Calibri,sans-serif\"><span class=\"MsoSubtleEmphasis\" style=\"color:gray\"><span style=\"font-style:italic\"><span style=\"font-size:13.0pt\">Nev\u015fehir Belediyesi taraf\u0131ndan b\u00fct\u00fcn vatanda\u015flar\u0131m\u0131z davet edildi. <\/span><\/span><\/span><\/span><\/span><\/p>\n<p class=\"MsoNoSpacing\"><span style=\"font-size:11pt\"><span style=\"font-family:Calibri,sans-serif\"><span class=\"MsoSubtleEmphasis\" style=\"color:gray\"><span style=\"font-style:italic\"><span style=\"font-size:13.0pt\">2026 F\u0130FA D\u00fcnya Kupas\u0131 Avrupa Elemeleri Play-Off Turu Yar\u0131 Final Co\u015fkusu<br \/>T\u00dcRK\u0130YE &#8211; ROMANYA<br \/>Tarih\u00a0\u00a0\u00a0\u00a0\u00a0\u00a0\u00a0\u00a0\u00a0\u00a0\u00a0\u00a0\u00a0\u00a0 : 26 Mart 2026 Per\u015fembe<\/span><\/span><\/span><br \/><span class=\"MsoSubtleEmphasis\" style=\"color:gray\"><span style=\"font-style:italic\"><span style=\"font-size:13.0pt\"><span style=\",sans-serif\">Saat\u00a0\u00a0\u00a0\u00a0\u00a0\u00a0\u00a0\u00a0\u00a0\u00a0\u00a0 : <\/span><\/span><\/span><\/span><span class=\"MsoSubtleEmphasis\" style=\"color:gray\"><span style=\"font-style:italic\"><span style=\"font-size:13.0pt\">20.00<\/span><\/span><\/span><\/span><\/span><\/p>\n<p class=\"MsoNoSpacing\"><span style=\"font-size:11pt\"><span style=\"font-family:Calibri,sans-serif\"><span class=\"MsoSubtleEmphasis\" style=\"color:gray\"><span style=\"font-style:italic\"><span style=\"font-size:13.0pt\">Yer\u00a0\u00a0\u00a0\u00a0\u00a0\u00a0\u00a0\u00a0\u00a0\u00a0\u00a0\u00a0\u00a0\u00a0\u00a0\u00a0\u00a0 : Kapadokya K\u00fclt\u00fcr ve Sanat Merkezi <\/span><\/span><\/span><\/span><\/span><\/p>\n<p class=\"MsoNoSpacing\">\u00a0<\/p>\n<p class=\"MsoNoSpacing\">\u00a0<\/p>\n<p>Kaynak: (BYZHA) Beyaz Haber Ajans\u0131<\/p>\n","protected":false},"excerpt":{"rendered":"<p>Nev\u015fehir Belediyesi, T\u00fcrkiye-Romanya ma\u00e7\u0131n\u0131 Kapadokya K\u00fclt\u00fcr ve Sanat Merkezi\u2019nde dev ekranda yay\u0131nlayacak.<\/p>\n","protected":false},"author":1,"featured_media":3614,"comment_status":"open","ping_status":"open","sticky":false,"template":"","format":"standard","meta":{"footnotes":""},"categories":[33],"tags":[],"class_list":["post-3613","post","type-post","status-publish","format-standard","has-post-thumbnail","hentry","category-spor"],"_links":{"self":[{"href":"https:\/\/ekonomievreni.com\/index.php?rest_route=\/wp\/v2\/posts\/3613","targetHints":{"allow":["GET"]}}],"collection":[{"href":"https:\/\/ekonomievreni.com\/index.php?rest_route=\/wp\/v2\/posts"}],"about":[{"href":"https:\/\/ekonomievreni.com\/index.php?rest_route=\/wp\/v2\/types\/post"}],"author":[{"embeddable":true,"href":"https:\/\/ekonomievreni.com\/index.php?rest_route=\/wp\/v2\/users\/1"}],"replies":[{"embeddable":true,"href":"https:\/\/ekonomievreni.com\/index.php?rest_route=%2Fwp%2Fv2%2Fcomments&post=3613"}],"version-history":[{"count":1,"href":"https:\/\/ekonomievreni.com\/index.php?rest_route=\/wp\/v2\/posts\/3613\/revisions"}],"predecessor-version":[{"id":3615,"href":"https:\/\/ekonomievreni.com\/index.php?rest_route=\/wp\/v2\/posts\/3613\/revisions\/3615"}],"wp:featuredmedia":[{"embeddable":true,"href":"https:\/\/ekonomievreni.com\/index.php?rest_route=\/wp\/v2\/media\/3614"}],"wp:attachment":[{"href":"https:\/\/ekonomievreni.com\/index.php?rest_route=%2Fwp%2Fv2%2Fmedia&parent=3613"}],"wp:term":[{"taxonomy":"category","embeddable":true,"href":"https:\/\/ekonomievreni.com\/index.php?rest_route=%2Fwp%2Fv2%2Fcategories&post=3613"},{"taxonomy":"post_tag","embeddable":true,"href":"https:\/\/ekonomievreni.com\/index.php?rest_route=%2Fwp%2Fv2%2Ftags&post=3613"}],"curies":[{"name":"wp","href":"https:\/\/api.w.org\/{rel}","templated":true}]}}