{"id":3610,"date":"2026-03-25T21:21:49","date_gmt":"2026-03-25T18:21:49","guid":{"rendered":"https:\/\/ekonomievreni.com\/?p=3610"},"modified":"2026-03-25T21:21:50","modified_gmt":"2026-03-25T18:21:50","slug":"kapadokyada-ozel-sporcular-icin-buyuk-heyecan","status":"publish","type":"post","link":"https:\/\/ekonomievreni.com\/?p=3610","title":{"rendered":"Kapadokya\u2019da \u00d6zel Sporcular \u0130\u00e7in B\u00fcy\u00fck Heyecan"},"content":{"rendered":"\n<p class=\"MsoNoSpacing\"><span style=\"font-size:11pt\"><span style=\"font-family:Calibri,sans-serif\"><span class=\"MsoSubtleEmphasis\" style=\"color:gray\"><span style=\"font-style:italic\"><span style=\"font-size:13.0pt\"><span style=\"font-style:normal\">Nev\u015fehir\u2019de \u00f6zel sporcular\u0131 bir araya getirecek anlaml\u0131 bir organizasyona imza at\u0131lacak. Nev\u015fehir Belediyesi ve Nev\u015fehir Gen\u00e7lik ve Spor \u0130l M\u00fcd\u00fcrl\u00fc\u011f\u00fc taraf\u0131ndan organize edilecek \u00d6zel Sporcular Atletizm \u0130l \u015eampiyonas\u0131, 09 Nisan 2026 Per\u015fembe g\u00fcn\u00fc saat 09.30\u2019da Nev\u015fehir Gen\u00e7lik ve Spor \u0130l M\u00fcd\u00fcrl\u00fc\u011f\u00fc 3 Nolu \u00c7im Sahada ger\u00e7ekle\u015ftirilecek.<\/span><\/span><\/span><\/span><\/span><\/span><\/p>\n<p class=\"MsoNoSpacing\"><span style=\"font-size:11pt\"><span style=\"font-family:Calibri,sans-serif\"><span class=\"MsoSubtleEmphasis\" style=\"color:gray\"><span style=\"font-style:italic\"><span style=\"font-size:13.0pt\"><span style=\"font-style:normal\">T\u00fcrkiye\u2019nin en g\u00f6zde turizm merkezlerinden Kapadokya\u2019n\u0131n Merkezi Nev\u015fehir\u2019in e\u015fsiz atmosferinde d\u00fczenlenecek organizasyon dayan\u0131\u015fma ruhunu ortaya \u00e7\u0131karacak. Etkinlik, \u00f6zel sporcular\u0131n hem fiziksel geli\u015fimlerine katk\u0131 sunmay\u0131 hem de toplumsal fark\u0131ndal\u0131\u011f\u0131 art\u0131rmay\u0131 hedefliyor.<\/span><\/span><\/span><\/span><\/span><\/span><\/p>\n<p class=\"MsoNoSpacing\"><span style=\"font-size:11pt\"><span style=\"font-family:Calibri,sans-serif\"><span class=\"MsoSubtleEmphasis\" style=\"color:gray\"><span style=\"font-style:italic\"><span style=\"font-size:13.0pt\"><span style=\"font-style:normal\">\u00d6zel sporcular\u0131n atletizm bran\u015f\u0131ndaki performanslar\u0131n\u0131 sergileyece\u011fi organizasyon, sporun birle\u015ftirici g\u00fcc\u00fcn\u00fc ortaya koyarken, kat\u0131l\u0131mc\u0131lara unutulmaz anlar ya\u015fatacak. Farkl\u0131 ya\u015f gruplar\u0131ndan sporcular\u0131n yer alaca\u011f\u0131 \u015fampiyona, izleyenlere hem heyecan dolu hem de ilham verici bir atmosfer sunacak.<\/span><\/span><\/span><\/span><\/span><\/span><\/p>\n<p class=\"MsoNoSpacing\"><span style=\"font-size:11pt\"><span style=\"font-family:Calibri,sans-serif\"><span class=\"MsoSubtleEmphasis\" style=\"color:gray\"><span style=\"font-style:italic\"><span style=\"font-size:13.0pt\"><span style=\"font-style:normal\">Nev\u015fehir Belediyesi, Nev\u015fehir Gen\u00e7lik Spor \u0130l M\u00fcd\u00fcrl\u00fc\u011f\u00fc ve T\u00fcrkiye \u00d6zel Sporcular Spor Federasyonu Nev\u015fehir \u0130l Temsilcili\u011fi i\u015f birli\u011finde d\u00fczenlenecek \u00d6zel Sporcular Nev\u015fehir \u0130l \u015eampiyonas\u0131nda sporcular \u00f6zel yeteneklerini sergileyecek. <\/span><\/span><\/span><\/span><\/span><\/span><\/p>\n<p class=\"MsoNoSpacing\"><span style=\"font-size:11pt\"><span style=\"font-family:Calibri,sans-serif\"><span class=\"MsoSubtleEmphasis\" style=\"color:gray\"><span style=\"font-style:italic\"><span style=\"font-size:13.0pt\"><span style=\"font-style:normal\">Yetkililer, bu anlaml\u0131 etkinli\u011fe t\u00fcm Nev\u015fehir halk\u0131n\u0131 davet ederek \u00f6zel sporculara destek olunmas\u0131 \u00e7a\u011fr\u0131s\u0131nda bulunurken \u00f6\u011frenci kay\u0131t ba\u015fvurular\u0131 ve detayl\u0131 bilgi i\u00e7in \u0130l Temsilcisi Tarkan G\u00fcney 0505 2996604 ve antren\u00f6r Beyzanur Yamurluklu ile 0541 646 45 46 numaral\u0131 telefonlar \u00fczerinden ileti\u015fime ge\u00e7ilebilece\u011fi bildirildi.<\/span><\/span><\/span><\/span><\/span><\/span><\/p>\n<p class=\"MsoNoSpacing\">\u00a0<\/p>\n<p class=\"MsoNoSpacing\">\u00a0<\/p>\n<p>Kaynak: (BYZHA) Beyaz Haber Ajans\u0131<\/p>\n","protected":false},"excerpt":{"rendered":"<p>Nev\u015fehir\u2019de \u00f6zel sporcular\u0131 bir araya getirecek anlaml\u0131 bir organizasyona imza at\u0131lacak.<\/p>\n","protected":false},"author":1,"featured_media":3611,"comment_status":"open","ping_status":"open","sticky":false,"template":"","format":"standard","meta":{"footnotes":""},"categories":[33],"tags":[],"class_list":["post-3610","post","type-post","status-publish","format-standard","has-post-thumbnail","hentry","category-spor"],"_links":{"self":[{"href":"https:\/\/ekonomievreni.com\/index.php?rest_route=\/wp\/v2\/posts\/3610","targetHints":{"allow":["GET"]}}],"collection":[{"href":"https:\/\/ekonomievreni.com\/index.php?rest_route=\/wp\/v2\/posts"}],"about":[{"href":"https:\/\/ekonomievreni.com\/index.php?rest_route=\/wp\/v2\/types\/post"}],"author":[{"embeddable":true,"href":"https:\/\/ekonomievreni.com\/index.php?rest_route=\/wp\/v2\/users\/1"}],"replies":[{"embeddable":true,"href":"https:\/\/ekonomievreni.com\/index.php?rest_route=%2Fwp%2Fv2%2Fcomments&post=3610"}],"version-history":[{"count":1,"href":"https:\/\/ekonomievreni.com\/index.php?rest_route=\/wp\/v2\/posts\/3610\/revisions"}],"predecessor-version":[{"id":3612,"href":"https:\/\/ekonomievreni.com\/index.php?rest_route=\/wp\/v2\/posts\/3610\/revisions\/3612"}],"wp:featuredmedia":[{"embeddable":true,"href":"https:\/\/ekonomievreni.com\/index.php?rest_route=\/wp\/v2\/media\/3611"}],"wp:attachment":[{"href":"https:\/\/ekonomievreni.com\/index.php?rest_route=%2Fwp%2Fv2%2Fmedia&parent=3610"}],"wp:term":[{"taxonomy":"category","embeddable":true,"href":"https:\/\/ekonomievreni.com\/index.php?rest_route=%2Fwp%2Fv2%2Fcategories&post=3610"},{"taxonomy":"post_tag","embeddable":true,"href":"https:\/\/ekonomievreni.com\/index.php?rest_route=%2Fwp%2Fv2%2Ftags&post=3610"}],"curies":[{"name":"wp","href":"https:\/\/api.w.org\/{rel}","templated":true}]}}