{"id":3607,"date":"2026-03-25T21:21:46","date_gmt":"2026-03-25T18:21:46","guid":{"rendered":"https:\/\/ekonomievreni.com\/?p=3607"},"modified":"2026-03-25T21:21:47","modified_gmt":"2026-03-25T18:21:47","slug":"epilepside-rutinin-bozuldugu-durumlar-nobetleri-tetikleyebiliyor","status":"publish","type":"post","link":"https:\/\/ekonomievreni.com\/?p=3607","title":{"rendered":"Epilepside rutinin bozuldu\u011fu durumlar n\u00f6betleri tetikleyebiliyor"},"content":{"rendered":"\n<p style=\"text-align:justify;margin-bottom:11px\"><span style=\"font-size:11pt\"><span style=\"line-height:107%\"><span style=\"font-family:Aptos,sans-serif\"><b><span style=\"font-size:12.0pt\"><span style=\"line-height:107%\"><span style=\",sans-serif\">G\u00fcn\u00fcm\u00fczde epilepsinin do\u011fru tedavi ve d\u00fczenli takip ile kontrol alt\u0131na al\u0131nabilen bir hastal\u0131k oldu\u011funu belirten Atlas \u00dcniversitesi Hastanesi N\u00f6roloji Uzman\u0131 Dr. Seda Bostan, epilepside ila\u00e7lar\u0131n d\u00fczenli kullan\u0131lmas\u0131n\u0131n ve doktor kontrollerinin aksat\u0131lmamas\u0131n\u0131n \u00f6nemli oldu\u011funu s\u00f6yledi. N\u00f6beti tetikleyebilecek durumlar\u0131n m\u00fcmk\u00fcn oldu\u011funca azalt\u0131lmas\u0131 gerekti\u011fini kaydeden Dr. Seda Bostan, uyku d\u00fczeni de\u011fi\u015fikli\u011fi, a\u00e7l\u0131k-susuzluk, yo\u011fun stres gibi rutinin bozuldu\u011fu durumlar ile y\u00fcksek ses ve yan\u0131p s\u00f6nen parlak \u0131\u015f\u0131klar gibi yo\u011fun uyaranlar\u0131n n\u00f6betleri tetikleyebilece\u011fini ve bunlardan ka\u00e7\u0131n\u0131lmas\u0131 gerekti\u011fi uyar\u0131s\u0131nda bulundu.<\/span><\/span><\/span><\/b><\/span><\/span><\/span><\/p>\n<p style=\"text-align:justify;margin-bottom:11px\"><span style=\"font-size:11pt\"><span style=\"line-height:107%\"><span style=\"font-family:Aptos,sans-serif\"><span style=\"font-size:12.0pt\"><span style=\"line-height:107%\"><span style=\",sans-serif\">Atlas \u00dcniversitesi Hastanesi N\u00f6roloji Uzman\u0131 Dr. Seda Bostan, 26 Mart Epilepsi Fark\u0131ndal\u0131k G\u00fcn\u00fc dolay\u0131s\u0131yla yapt\u0131\u011f\u0131 a\u00e7\u0131klamada epilepsi fark\u0131ndal\u0131\u011f\u0131n\u0131n \u00f6nemine i\u015faret ederek epilepsi hastalar\u0131n\u0131n dikkat etmesi gerekenlere ili\u015fkin de\u011ferlendirmede bulundu.<\/span><\/span><\/span><\/span><\/span><\/span><\/p>\n<p style=\"text-align:justify;margin-bottom:11px\"><span style=\"font-size:11pt\"><span style=\"line-height:107%\"><span style=\"font-family:Aptos,sans-serif\"><b><span style=\"font-size:12.0pt\"><span style=\"line-height:107%\"><span style=\",sans-serif\">Korku ve yaftalama hastaneye ba\u015fvurular\u0131 geciktiriyor<\/span><\/span><\/span><\/b><\/span><\/span><\/span><\/p>\n<p style=\"text-align:justify;margin-bottom:11px\"><span style=\"font-size:11pt\"><span style=\"line-height:107%\"><span style=\"font-family:Aptos,sans-serif\"><span style=\"font-size:12.0pt\"><span style=\"line-height:107%\"><span style=\",sans-serif\">Epilepsi hastal\u0131\u011f\u0131nda etiketlemenin hastal\u0131\u011f\u0131n \u00f6zellikle te\u015fhisi geciktirebildi\u011fini belirten Dr. Seda Bostan, \u201cEpilepsi, olduk\u00e7a s\u0131k g\u00f6r\u00fclen bir hastal\u0131k olmas\u0131na ra\u011fmen, bu hastal\u0131kla ilgili gereksiz korku ve yaftalama hastaneye ba\u015fvurular\u0131 geciktirmektedir. Ayr\u0131ca toplumda epilepsinin \u00e7o\u011funlukla sadece \u2018jeneralize tonik klonik n\u00f6bet\u2019 olarak adland\u0131rd\u0131\u011f\u0131m\u0131z yani t\u00fcm v\u00fccudun kas\u0131ld\u0131\u011f\u0131 \u2018sara n\u00f6beti\u2019 olarak bilinmesi, farkl\u0131 tipte n\u00f6betleri olan hastalar\u0131n tan\u0131 ve tedavisinde gecikmelere yol a\u00e7maktad\u0131r. Bu nedenle epilepsinin korkulacak bir durum de\u011fil, tedavi edilebilir bir hastal\u0131k oldu\u011funu bilmek ve epilepsi hastalar\u0131na y\u00f6nelik \u00f6nyarg\u0131lar\u0131 azaltmak a\u00e7\u0131s\u0131ndan epilepsi fark\u0131ndal\u0131\u011f\u0131 olduk\u00e7a \u00f6nemlidir\u201d diye konu\u015ftu.<\/span><\/span><\/span><\/span><\/span><\/span><\/p>\n<p style=\"text-align:justify;margin-bottom:11px\"><span style=\"font-size:11pt\"><span style=\"line-height:107%\"><span style=\"font-family:Aptos,sans-serif\"><b><span style=\"font-size:12.0pt\"><span style=\"line-height:107%\"><span style=\",sans-serif\">Etiketlenme ile m\u00fccadele i\u00e7in do\u011fru bilgi payla\u015f\u0131m\u0131 \u00f6nemli<\/span><\/span><\/span><\/b><\/span><\/span><\/span><\/p>\n<p style=\"text-align:justify;margin-bottom:11px\"><span style=\"font-size:11pt\"><span style=\"line-height:107%\"><span style=\"font-family:Aptos,sans-serif\"><span style=\"font-size:12.0pt\"><span style=\"line-height:107%\"><span style=\",sans-serif\">Ge\u00e7mi\u015fte epilepsi n\u00f6betlerinden korkuldu\u011funu ve bu nedenle hastalar\u0131n etiketlendi\u011fini kaydeden Dr. Seda Bostan, \u201cAncak g\u00fcn\u00fcm\u00fczde epilepsi, do\u011fru tedavi ve d\u00fczenli takip ile kontrol alt\u0131na al\u0131nabilen bir hastal\u0131kt\u0131r; korkulacak ya da utan\u0131lacak bir durum de\u011fildir. Etiketlenme ile m\u00fccadele i\u00e7in hasta ve hasta yak\u0131nlar\u0131, do\u011fru bilgiyi yak\u0131n \u00e7evreleriyle payla\u015farak bu konudaki yanl\u0131\u015f inan\u0131\u015flar\u0131 azaltabilir. Okulda, i\u015fte, aile i\u00e7inde, sosyal \u00e7evrelerinde n\u00f6bet s\u0131ras\u0131nda ne yap\u0131laca\u011f\u0131n\u0131 anlatmalar\u0131 da n\u00f6bet an\u0131nda ya\u015fanacak korkuyu azaltacakt\u0131r. Hasta a\u00e7\u0131s\u0131ndan ise gerekli oldu\u011funda destek gruplar\u0131 ve psikolojik destek almak bu a\u00e7\u0131dan faydal\u0131 olacakt\u0131r\u201d diye konu\u015ftu.<\/span><\/span><\/span><\/span><\/span><\/span><\/p>\n<p style=\"text-align:justify;margin-bottom:11px\"><span style=\"font-size:11pt\"><span style=\"line-height:107%\"><span style=\"font-family:Aptos,sans-serif\"><b><span style=\"font-size:12.0pt\"><span style=\"line-height:107%\"><span style=\",sans-serif\">D\u00fczenli ila\u00e7 kullan\u0131m\u0131 ve hekim takibine dikkat<\/span><\/span><\/span><\/b><\/span><\/span><\/span><\/p>\n<p style=\"text-align:justify;margin-bottom:11px\"><span style=\"font-size:11pt\"><span style=\"line-height:107%\"><span style=\"font-family:Aptos,sans-serif\"><span style=\"font-size:12.0pt\"><span style=\"line-height:107%\"><span style=\",sans-serif\">Epilepsi hastalar\u0131n\u0131n en \u00e7ok dikkat etmesi gereken noktalara de\u011finen Dr. Seda Bostan, \u201cEpilepsi hastalar\u0131n\u0131n en \u00e7ok dikkat etmesi gereken konu; ila\u00e7lar\u0131n\u0131 d\u00fczenli kullanmak, takiplerini aksatmamak ve n\u00f6beti tetikleyebilecek durumlar\u0131 m\u00fcmk\u00fcn oldu\u011funca azaltmakt\u0131r. Rutin d\u00fczenin bozuldu\u011fu durumlar\u0131n (uyku d\u00fczeni de\u011fi\u015fikli\u011fi, a\u00e7l\u0131k-susuzluk, yo\u011fun stres); yo\u011fun uyaranlar\u0131n oldu\u011fu durumlar\u0131n (y\u00fcksek ses, yan\u0131p s\u00f6nen parlak \u0131\u015f\u0131klar gibi) veya enfeksiyon, ameliyat gibi durumlar\u0131n n\u00f6betleri tetikleyebilece\u011fi bilinmeli ve bunlardan ka\u00e7\u0131n\u0131lmal\u0131d\u0131r\u201d uyar\u0131s\u0131nda bulundu. <\/span><\/span><\/span><\/span><\/span><\/span><\/p>\n<p style=\"text-align:justify;margin-bottom:11px\"><span style=\"font-size:11pt\"><span style=\"line-height:107%\"><span style=\"font-family:Aptos,sans-serif\"><b><span style=\"font-size:12.0pt\"><span style=\"line-height:107%\"><span style=\",sans-serif\">\u0130la\u00e7 dozlar\u0131n\u0131n ayarlanmas\u0131 gerekebilir<\/span><\/span><\/span><\/b><\/span><\/span><\/span><\/p>\n<p style=\"text-align:justify;margin-bottom:11px\"><span style=\"font-size:11pt\"><span style=\"line-height:107%\"><span style=\"font-family:Aptos,sans-serif\"><span style=\"font-size:12.0pt\"><span style=\"line-height:107%\"><span style=\",sans-serif\">Epilepsi hastalar\u0131 i\u00e7in belirli aral\u0131klarla kontrol\u00fcn \u00f6nemini vurgulayan Dr. Seda Bostan, \u201cEpilepsi hastalar\u0131n\u0131n tedavi alt\u0131nda n\u00f6betsiz olsalar bile belirli aral\u0131klarla kontrole gitmeleri gerekir. \u00c7\u00fcnk\u00fc fark edilmeden farkl\u0131 tipte ya da \u2018k\u00fc\u00e7\u00fck\u2019 n\u00f6betler olabilir, ila\u00e7 dozlar\u0131n\u0131n ayarlanmas\u0131 gerekebilir ve tedavi s\u00fcrecinde ila\u00e7 d\u00fczeyi ile b\u00f6brek ve karaci\u011fer fonksiyonlar\u0131n\u0131n takibi gerekli olabilir. Ayr\u0131ca y\u00fczme, ara\u00e7 kullanma ve y\u00fcksekte \u00e7al\u0131\u015fma gibi durumlarda mutlaka doktor \u00f6nerilerine uyulmal\u0131d\u0131r. Bu kararlar\u0131n sa\u011fl\u0131kl\u0131 verilebilmesi i\u00e7in d\u00fczenli takipler b\u00fcy\u00fck \u00f6nem ta\u015f\u0131r\u201d diye konu\u015ftu.<\/span><\/span><\/span><\/span><\/span><\/span><\/p>\n<p style=\"text-align:justify;margin-bottom:11px\">\u00a0<\/p>\n<p style=\"text-align:justify;margin-bottom:11px\">\u00a0<\/p>\n<p>Kaynak: (BYZHA) Beyaz Haber Ajans\u0131<\/p>\n","protected":false},"excerpt":{"rendered":"<p>G\u00fcn\u00fcm\u00fczde epilepsinin do\u011fru tedavi ve d\u00fczenli takip ile kontrol alt\u0131na al\u0131nabilen bir hastal\u0131k oldu\u011funu belirten Atlas \u00dcniversitesi Hastanesi N\u00f6roloji Uzman\u0131 Dr.<\/p>\n","protected":false},"author":1,"featured_media":3608,"comment_status":"open","ping_status":"open","sticky":false,"template":"","format":"standard","meta":{"footnotes":""},"categories":[31],"tags":[],"class_list":["post-3607","post","type-post","status-publish","format-standard","has-post-thumbnail","hentry","category-saglik"],"_links":{"self":[{"href":"https:\/\/ekonomievreni.com\/index.php?rest_route=\/wp\/v2\/posts\/3607","targetHints":{"allow":["GET"]}}],"collection":[{"href":"https:\/\/ekonomievreni.com\/index.php?rest_route=\/wp\/v2\/posts"}],"about":[{"href":"https:\/\/ekonomievreni.com\/index.php?rest_route=\/wp\/v2\/types\/post"}],"author":[{"embeddable":true,"href":"https:\/\/ekonomievreni.com\/index.php?rest_route=\/wp\/v2\/users\/1"}],"replies":[{"embeddable":true,"href":"https:\/\/ekonomievreni.com\/index.php?rest_route=%2Fwp%2Fv2%2Fcomments&post=3607"}],"version-history":[{"count":1,"href":"https:\/\/ekonomievreni.com\/index.php?rest_route=\/wp\/v2\/posts\/3607\/revisions"}],"predecessor-version":[{"id":3609,"href":"https:\/\/ekonomievreni.com\/index.php?rest_route=\/wp\/v2\/posts\/3607\/revisions\/3609"}],"wp:featuredmedia":[{"embeddable":true,"href":"https:\/\/ekonomievreni.com\/index.php?rest_route=\/wp\/v2\/media\/3608"}],"wp:attachment":[{"href":"https:\/\/ekonomievreni.com\/index.php?rest_route=%2Fwp%2Fv2%2Fmedia&parent=3607"}],"wp:term":[{"taxonomy":"category","embeddable":true,"href":"https:\/\/ekonomievreni.com\/index.php?rest_route=%2Fwp%2Fv2%2Fcategories&post=3607"},{"taxonomy":"post_tag","embeddable":true,"href":"https:\/\/ekonomievreni.com\/index.php?rest_route=%2Fwp%2Fv2%2Ftags&post=3607"}],"curies":[{"name":"wp","href":"https:\/\/api.w.org\/{rel}","templated":true}]}}