{"id":3601,"date":"2026-03-25T21:12:39","date_gmt":"2026-03-25T18:12:39","guid":{"rendered":"https:\/\/ekonomievreni.com\/?p=3601"},"modified":"2026-03-25T21:12:40","modified_gmt":"2026-03-25T18:12:40","slug":"otonom-sistemlerde-yeni-cag-hava-ve-kara-araclari-artik-birlikte-dusunuyor","status":"publish","type":"post","link":"https:\/\/ekonomievreni.com\/?p=3601","title":{"rendered":"Otonom Sistemlerde Yeni \u00c7a\u011f: Hava ve Kara Ara\u00e7lar\u0131 Art\u0131k Birlikte D\u00fc\u015f\u00fcn\u00fcyor"},"content":{"rendered":"<p> <strong>TEKNOFEST<\/strong>\u00a0kapsam\u0131nda bu y\u0131l ilk kez d\u00fczenlenen\u00a0<strong>\u0130leri Otonom Sistemler Tasar\u0131m ve Operasyon Yar\u0131\u015fmas\u0131,<\/strong>\u00a0otonom sistemlerin birlikte ve koordineli \u00e7al\u0131\u015fmas\u0131na odaklanan yenilik\u00e7i projeleri bir araya getirmeye haz\u0131rlan\u0131yor.\u00a0<strong>T\u00fcrk Havac\u0131l\u0131k ve Uzay Sanayii \u00a0 \u00a0 \u00a0 \u00a0 \u00a0 \u00a0 \u00a0 \u00a0 \u00a0 \u00a0 \u00a0 \u00a0 \u00a0 \u00a0 \u00a0 \u00a0 \u00a0 \u00a0 \u00a0 \u00a0 \u00a0 \u00a0 (TUSA\u015e)<\/strong>\u00a0y\u00fcr\u00fct\u00fcc\u00fcl\u00fc\u011f\u00fcnde ger\u00e7ekle\u015ftirilen yar\u0131\u015fma, gelece\u011fin operasyonel kabiliyetlerini \u015fekillendirecek teknolojilerin geli\u015ftirilmesini hedefliyor.<\/p>\n<p><strong>Hava ve Kara Ara\u00e7lar\u0131 Aras\u0131nda Ak\u0131ll\u0131 \u0130\u015f Birli\u011fi<\/strong><\/p>\n<p>Yar\u0131\u015fman\u0131n merkezinde, havadan ke\u015fif yapan insans\u0131z hava ara\u00e7lar\u0131 ile sahada g\u00f6rev alan insans\u0131z kara ara\u00e7lar\u0131n\u0131n e\u015f zamanl\u0131 ve entegre \u00e7al\u0131\u015ft\u0131\u011f\u0131 senaryolar yer al\u0131yor. Kat\u0131l\u0131mc\u0131lardan, insans\u0131z hava arac\u0131n\u0131n toplad\u0131\u011f\u0131 \u00e7evresel verileri analiz ederek bu verileri kara arac\u0131na aktaran, ard\u0131ndan kara arac\u0131n\u0131n bu bilgiler do\u011frultusunda rota planlama, g\u00f6rev y\u00f6netimi ve hedefe y\u00f6nelme gibi kritik kararlar\u0131 otonom \u015fekilde alabildi\u011fi sistemler geli\u015ftirmeleri bekleniyor.<\/p>\n<p><strong>B\u00fct\u00fcnc\u00fcl Otonom Sistem Yakla\u015f\u0131m\u0131<\/strong><\/p>\n<p>Yar\u0131\u015fma s\u00fcreci, yaln\u0131zca tek bir teknolojiye de\u011fil, birbirini tamamlayan d\u00f6rt temel a\u015famaya odaklan\u0131yor. Alg\u0131lama, veri payla\u015f\u0131m\u0131, karar verme ve g\u00f6rev icras\u0131 s\u00fcre\u00e7lerinin bir b\u00fct\u00fcn olarak ele al\u0131nd\u0131\u011f\u0131 bu yap\u0131, kat\u0131l\u0131mc\u0131lar\u0131n u\u00e7tan uca \u00e7al\u0131\u015fan, entegre ve ak\u0131ll\u0131 sistemler geli\u015ftirmesini gerektiriyor. Bu yakla\u015f\u0131m, otonom sistemlerin ger\u00e7ek hayattaki kullan\u0131m senaryolar\u0131na daha yak\u0131n \u00e7\u00f6z\u00fcmler \u00fcretilmesini sa\u011fl\u0131yor.<\/p>\n<p><strong>Ger\u00e7ek D\u00fcnya Ko\u015fullar\u0131na Uygun \u00c7\u00f6z\u00fcmler \u00d6ncelikli<\/strong><\/p>\n<p>Yar\u0131\u015fma kapsam\u0131nda geli\u015ftirilecek projelerin, yaln\u0131zca teorik ba\u015far\u0131 de\u011fil, ayn\u0131 zamanda sahada uygulanabilirlik a\u00e7\u0131s\u0131ndan da g\u00fc\u00e7l\u00fc olmas\u0131 bekleniyor. Zorlu \u00e7evre ko\u015fullar\u0131na uyum sa\u011flayabilen, g\u00fcvenilir veri ileti\u015fimi kurabilen ve dinamik g\u00f6rev de\u011fi\u015fikliklerine h\u0131zl\u0131 yan\u0131t verebilen sistemler, de\u011ferlendirme s\u00fcrecinde \u00f6ne \u00e7\u0131kacak. Bu y\u00f6n\u00fcyle yar\u0131\u015fma, otonom sistemlerin operasyonel yetkinli\u011fini art\u0131rmaya y\u00f6nelik \u00f6nemli bir platform sunuyor.<\/p>\n<p><strong>Gen\u00e7 Yeteneklere Uluslararas\u0131 Kat\u0131l\u0131m F\u0131rsat\u0131<\/strong><\/p>\n<p>Yar\u0131\u015fmaya T\u00fcrkiye ve yurt d\u0131\u015f\u0131nda \u00f6\u011frenim g\u00f6ren \u00f6n lisans, lisans ve lisans\u00fcst\u00fc \u00f6\u011frenciler tak\u0131m halinde ba\u015fvuru yapabiliyor. Disiplinler aras\u0131 \u00e7al\u0131\u015fmay\u0131 te\u015fvik eden organizasyon, m\u00fchendislik ve teknoloji alanlar\u0131nda e\u011fitim g\u00f6ren gen\u00e7leri bir araya getirerek yenilik\u00e7i fikirlerin geli\u015fmesine katk\u0131 sa\u011fl\u0131yor.<\/p>\n<p><strong>Y\u00fcksek \u00d6d\u00fcllerle Desteklenen Rekabet<\/strong><\/p>\n<p>Yar\u0131\u015fmada dereceye giren tak\u0131mlar \u00f6nemli \u00f6d\u00fcllerin sahibi olacak.\u00a0<strong>Birinci olan tak\u0131m 750 bin, ikinci tak\u0131m 600 bin ve \u00fc\u00e7\u00fcnc\u00fc tak\u0131m 500 bin T\u00fcrk Liras\u0131 \u00f6d\u00fcl kazanacak.<\/strong>\u00a0Bu destekler, kat\u0131l\u0131mc\u0131lar\u0131n projelerini geli\u015ftirmeye devam etmeleri i\u00e7in g\u00fc\u00e7l\u00fc bir motivasyon kayna\u011f\u0131 olu\u015fturuyor.<\/p>\n<p><strong>Ba\u015fvurular \u0130\u00e7in Son Tarih Yakla\u015f\u0131yor<\/strong><\/p>\n<p><strong>Ba\u015fvurular 1 Nisan tarihine kadar devam ediyor.<\/strong>\u00a0Otonom sistemler alan\u0131nda fark yaratmak ve gelece\u011fin teknolojilerinde s\u00f6z sahibi olmak isteyen t\u00fcm \u00f6\u011frenci tak\u0131mlar\u0131 bu \u00f6nemli organizasyona davet ediliyor. TEKNOFEST kapsam\u0131nda d\u00fczenlenen yar\u0131\u015fma, T\u00fcrkiye\u2019nin milli teknoloji vizyonuna katk\u0131 sunarken, gen\u00e7 m\u00fchendislerin k\u00fcresel \u00f6l\u00e7ekte rekabet edebilecek yetkinlikler kazanmas\u0131na da olanak tan\u0131yor. \u0130leri otonom sistemler alan\u0131nda geli\u015ftirilecek projeler, gelece\u011fin savunma, g\u00fcvenlik ve sivil teknolojilerinin temelini olu\u015fturma potansiyeli ta\u015f\u0131yor.<\/p>\n<p>\u00a0<\/p>\n<p>\u00a0<\/p>\n<p>Kaynak: (BYZHA) Beyaz Haber Ajans\u0131<\/p>\n","protected":false},"excerpt":{"rendered":"<p>TEKNOFEST\u00a0kapsam\u0131nda bu y\u0131l ilk kez d\u00fczenlenen\u00a0\u0130leri Otonom Sistemler Tasar\u0131m ve Operasyon Yar\u0131\u015fmas\u0131,\u00a0otonom sistemlerin birlikte ve koordineli \u00e7al\u0131\u015fmas\u0131na odaklanan yenilik\u00e7i projeleri bir araya getirmeye haz\u0131rlan\u0131yor.<\/p>\n","protected":false},"author":1,"featured_media":3602,"comment_status":"open","ping_status":"open","sticky":false,"template":"","format":"standard","meta":{"footnotes":""},"categories":[32],"tags":[],"class_list":["post-3601","post","type-post","status-publish","format-standard","has-post-thumbnail","hentry","category-teknoloji"],"_links":{"self":[{"href":"https:\/\/ekonomievreni.com\/index.php?rest_route=\/wp\/v2\/posts\/3601","targetHints":{"allow":["GET"]}}],"collection":[{"href":"https:\/\/ekonomievreni.com\/index.php?rest_route=\/wp\/v2\/posts"}],"about":[{"href":"https:\/\/ekonomievreni.com\/index.php?rest_route=\/wp\/v2\/types\/post"}],"author":[{"embeddable":true,"href":"https:\/\/ekonomievreni.com\/index.php?rest_route=\/wp\/v2\/users\/1"}],"replies":[{"embeddable":true,"href":"https:\/\/ekonomievreni.com\/index.php?rest_route=%2Fwp%2Fv2%2Fcomments&post=3601"}],"version-history":[{"count":1,"href":"https:\/\/ekonomievreni.com\/index.php?rest_route=\/wp\/v2\/posts\/3601\/revisions"}],"predecessor-version":[{"id":3603,"href":"https:\/\/ekonomievreni.com\/index.php?rest_route=\/wp\/v2\/posts\/3601\/revisions\/3603"}],"wp:featuredmedia":[{"embeddable":true,"href":"https:\/\/ekonomievreni.com\/index.php?rest_route=\/wp\/v2\/media\/3602"}],"wp:attachment":[{"href":"https:\/\/ekonomievreni.com\/index.php?rest_route=%2Fwp%2Fv2%2Fmedia&parent=3601"}],"wp:term":[{"taxonomy":"category","embeddable":true,"href":"https:\/\/ekonomievreni.com\/index.php?rest_route=%2Fwp%2Fv2%2Fcategories&post=3601"},{"taxonomy":"post_tag","embeddable":true,"href":"https:\/\/ekonomievreni.com\/index.php?rest_route=%2Fwp%2Fv2%2Ftags&post=3601"}],"curies":[{"name":"wp","href":"https:\/\/api.w.org\/{rel}","templated":true}]}}