{"id":3598,"date":"2026-03-25T21:12:34","date_gmt":"2026-03-25T18:12:34","guid":{"rendered":"https:\/\/ekonomievreni.com\/?p=3598"},"modified":"2026-03-25T21:12:35","modified_gmt":"2026-03-25T18:12:35","slug":"avcilar-belediyesinden-agiz-ve-dis-sagligina-ucretsiz-destek","status":"publish","type":"post","link":"https:\/\/ekonomievreni.com\/?p=3598","title":{"rendered":"Avc\u0131lar Belediyesi\u2019nden A\u011f\u0131z ve Di\u015f Sa\u011fl\u0131\u011f\u0131na \u00dccretsiz Destek"},"content":{"rendered":"<p> <span style=\"font-size:11pt\"><span style=\"line-height:115%\"><span style=\"font-family:Arial,sans-serif\">Avc\u0131lar Belediyesi, Sa\u011fl\u0131k \u0130\u015fleri M\u00fcd\u00fcrl\u00fc\u011f\u00fc b\u00fcnyesinde hizmet veren Di\u015f Poliklini\u011finde a\u011f\u0131z ve di\u015f sa\u011fl\u0131\u011f\u0131n\u0131 desteklemek i\u00e7in vatanda\u015flara \u00fccretsiz temel di\u015f sa\u011fl\u0131\u011f\u0131 hizmeti sunmaya ba\u015fland\u0131. Sosyal belediyecilik anlay\u0131\u015f\u0131yla hayata ge\u00e7irilen bu hizmet sayesinde, il\u00e7e sakinlerinin a\u011f\u0131z ve di\u015f sa\u011fl\u0131\u011f\u0131 hizmetine daha kolay eri\u015febilmelesi hedefleniyor.<\/span><\/span><\/span><\/p>\n<p><span style=\"font-size:11pt\"><span style=\"line-height:115%\"><span style=\"font-family:Arial,sans-serif\"><b>HERKES \u0130\u00c7\u0130N ER\u0130\u015e\u0130LEB\u0130L\u0130R D\u0130\u015e SA\u011eLI\u011eI H\u0130ZMET\u0130<\/b><\/span><\/span><\/span><\/p>\n<p><span style=\"font-size:11pt\"><span style=\"line-height:115%\"><span style=\"font-family:Arial,sans-serif\">Avc\u0131lar Belediyesi Di\u015f Poliklini\u011finde muayene, di\u015f \u00e7ekimi ve basit dolgu i\u015flemlerini uzman ekipler arac\u0131l\u0131\u011f\u0131yla ger\u00e7ekle\u015ftirerek vatanda\u015flar\u0131n di\u015f sa\u011fl\u0131\u011f\u0131n\u0131 korumay\u0131 ve tedaviye eri\u015fimini kolayla\u015ft\u0131r\u0131yor. Modern ekipmanlarla donat\u0131lan poliklinikte, hijyen ve hasta g\u00fcvenli\u011fi \u00f6n planda tutularak kaliteli bir sa\u011fl\u0131k hizmeti sunuluyor.<\/span><\/span><\/span><\/p>\n<p><span style=\"font-size:11pt\"><span style=\"line-height:115%\"><span style=\"font-family:Arial,sans-serif\">Sunulan bu \u00fccretsiz hizmetle, temel a\u011f\u0131z ve di\u015f sa\u011fl\u0131\u011f\u0131 ihtiya\u00e7lar\u0131n\u0131n ekonomik engeller olmaks\u0131z\u0131n kar\u015f\u0131lanmas\u0131 ve di\u015f sa\u011fl\u0131\u011f\u0131 hizmetlerinin herkes i\u00e7in ula\u015f\u0131labilir hale getirilmesi hedefleniyor. \u00d6zellikle dar gelirli vatanda\u015flar ba\u015fta olmak \u00fczere toplumun her kesimine hitap eden bu uygulama, koruyucu sa\u011fl\u0131k hizmetlerinin yayg\u0131nla\u015ft\u0131r\u0131lmas\u0131na da \u00f6nemli katk\u0131 sa\u011fl\u0131yor. \u00c7ocukluk ya\u015flar\u0131ndan itibaren a\u011f\u0131z ve di\u015f sa\u011fl\u0131\u011f\u0131 bilincinin geli\u015fmesini \u00f6nemseyen Avc\u0131lar Belediyesi, d\u00fczenli kontrol al\u0131\u015fkanl\u0131\u011f\u0131n\u0131n kazand\u0131r\u0131lmas\u0131 i\u00e7in bilgilendirici y\u00f6nlendirmelerde de bulunuyor.<\/span><\/span><\/span><\/p>\n<p><span style=\"font-size:11pt\"><span style=\"line-height:115%\"><span style=\"font-family:Arial,sans-serif\"><b>SA\u011eLIKLI G\u00dcL\u00dc\u015eLER, G\u00dc\u00c7L\u00dc YARINLAR<\/b><\/span><\/span><\/span><\/p>\n<p><span style=\"font-size:11pt\"><span style=\"line-height:115%\"><span style=\"font-family:Arial,sans-serif\">Toplum genelinde sa\u011fl\u0131kl\u0131 ya\u015fam al\u0131\u015fkanl\u0131klar\u0131n\u0131n yayg\u0131nla\u015ft\u0131r\u0131lmas\u0131na katk\u0131 sunan Avc\u0131lar Belediyesi, il\u00e7e sakinlerinin a\u011f\u0131z ve di\u015f sa\u011fl\u0131\u011f\u0131 hizmetlerine ekonomik engellerle kar\u015f\u0131la\u015fmadan yararlanmas\u0131n\u0131 sa\u011fl\u0131yor. Bu kapsamda erken m\u00fcdahale ve d\u00fczenli kontrol al\u0131\u015fkanl\u0131\u011f\u0131n\u0131n kazan\u0131lmas\u0131 desteklenirken, bireylerin ya\u015fam kalitesinin art\u0131r\u0131lmas\u0131 da hedefleniyor.<\/span><\/span><\/span><\/p>\n<p><span style=\"font-size:11pt\"><span style=\"line-height:115%\"><span style=\"font-family:Arial,sans-serif\">\u00dccretsiz olarak sunulan hizmetler sayesinde hem bireysel sa\u011fl\u0131k fark\u0131ndal\u0131\u011f\u0131n\u0131n art\u0131r\u0131lmas\u0131 hem de toplum genelinde di\u015f sa\u011fl\u0131\u011f\u0131 bilincinin g\u00fc\u00e7lendirilmesi hedefleniyor. Avc\u0131lar Belediyesi, sa\u011fl\u0131k alan\u0131ndaki bu t\u00fcr uygulamalarla vatanda\u015f odakl\u0131 hizmet anlay\u0131\u015f\u0131n\u0131 s\u00fcrd\u00fcrerek, her ya\u015ftan bireyin daha sa\u011fl\u0131kl\u0131 bir ya\u015fam s\u00fcrmesine katk\u0131 sunmaya devam ediyor.<\/span><\/span><\/span><\/p>\n<p><span style=\"font-size:11pt\"><span style=\"line-height:115%\"><span style=\"font-family:Arial,sans-serif\">Hafta i\u00e7i her g\u00fcn 08.30\u201317.00 saatleri aras\u0131nda \u00fccretsiz hizmet veren Di\u015f Poliklini\u011finden yararlanmak isteyen vatanda\u015flar, randevu i\u015flemlerini 444 69 89 numaral\u0131 \u00e7a\u011fr\u0131 merkezi arac\u0131l\u0131\u011f\u0131yla olu\u015fturabilmektedir.<\/span><\/span><\/span><\/p>\n<p>\u00a0<\/p>\n<p>Kaynak: (BYZHA) Beyaz Haber Ajans\u0131<\/p>\n","protected":false},"excerpt":{"rendered":"<p>Avc\u0131lar Belediyesi, Sa\u011fl\u0131k \u0130\u015fleri M\u00fcd\u00fcrl\u00fc\u011f\u00fc b\u00fcnyesinde hizmet veren Di\u015f Poliklini\u011finde a\u011f\u0131z ve di\u015f sa\u011fl\u0131\u011f\u0131n\u0131 desteklemek i\u00e7in vatanda\u015flara \u00fccretsiz temel di\u015f sa\u011fl\u0131\u011f\u0131 hizmeti sunmaya ba\u015fland\u0131.<\/p>\n","protected":false},"author":1,"featured_media":3599,"comment_status":"open","ping_status":"open","sticky":false,"template":"","format":"standard","meta":{"footnotes":""},"categories":[31],"tags":[],"class_list":["post-3598","post","type-post","status-publish","format-standard","has-post-thumbnail","hentry","category-saglik"],"_links":{"self":[{"href":"https:\/\/ekonomievreni.com\/index.php?rest_route=\/wp\/v2\/posts\/3598","targetHints":{"allow":["GET"]}}],"collection":[{"href":"https:\/\/ekonomievreni.com\/index.php?rest_route=\/wp\/v2\/posts"}],"about":[{"href":"https:\/\/ekonomievreni.com\/index.php?rest_route=\/wp\/v2\/types\/post"}],"author":[{"embeddable":true,"href":"https:\/\/ekonomievreni.com\/index.php?rest_route=\/wp\/v2\/users\/1"}],"replies":[{"embeddable":true,"href":"https:\/\/ekonomievreni.com\/index.php?rest_route=%2Fwp%2Fv2%2Fcomments&post=3598"}],"version-history":[{"count":1,"href":"https:\/\/ekonomievreni.com\/index.php?rest_route=\/wp\/v2\/posts\/3598\/revisions"}],"predecessor-version":[{"id":3600,"href":"https:\/\/ekonomievreni.com\/index.php?rest_route=\/wp\/v2\/posts\/3598\/revisions\/3600"}],"wp:featuredmedia":[{"embeddable":true,"href":"https:\/\/ekonomievreni.com\/index.php?rest_route=\/wp\/v2\/media\/3599"}],"wp:attachment":[{"href":"https:\/\/ekonomievreni.com\/index.php?rest_route=%2Fwp%2Fv2%2Fmedia&parent=3598"}],"wp:term":[{"taxonomy":"category","embeddable":true,"href":"https:\/\/ekonomievreni.com\/index.php?rest_route=%2Fwp%2Fv2%2Fcategories&post=3598"},{"taxonomy":"post_tag","embeddable":true,"href":"https:\/\/ekonomievreni.com\/index.php?rest_route=%2Fwp%2Fv2%2Ftags&post=3598"}],"curies":[{"name":"wp","href":"https:\/\/api.w.org\/{rel}","templated":true}]}}