{"id":3592,"date":"2026-03-25T21:05:36","date_gmt":"2026-03-25T18:05:36","guid":{"rendered":"https:\/\/ekonomievreni.com\/?p=3592"},"modified":"2026-03-25T21:05:37","modified_gmt":"2026-03-25T18:05:37","slug":"nilufer-belediyesporu-play-off-heyecani-sardi","status":"publish","type":"post","link":"https:\/\/ekonomievreni.com\/?p=3592","title":{"rendered":"Nil\u00fcfer Belediyespor\u2019u play-off heyecan\u0131 sard\u0131"},"content":{"rendered":"<p> Nil\u00fcfer Belediyespor Kad\u0131n Voleybol Tak\u0131m\u0131, Aras Kargo ile oynayaca\u011f\u0131 play-off ma\u00e7\u0131n\u0131n haz\u0131rl\u0131klar\u0131n\u0131 s\u00fcrd\u00fcr\u00fcyor. Nil\u00fcfer Belediyespor Ba\u015fkan\u0131 Muharrem Or, \u201cG\u00fc\u00e7l\u00fc bir tak\u0131m\u0131z. \u0130yi i\u015fler yapt\u0131k diye d\u00fc\u015f\u00fcn\u00fcyorum. Bursal\u0131lara g\u00fczel ma\u00e7lar izlettirdik. Hedefimiz Avrupa\u201d dedi.<\/p>\n<p>Vodafone Sultanlar Ligi\u2019nde normal sezonu 6\u2019nc\u0131 olarak tamamlayan Nil\u00fcfer Belediyespor Kad\u0131n Voleybol Tak\u0131m\u0131, play-off ma\u00e7lar\u0131na haz\u0131rlan\u0131yor. Cengiz G\u00f6ll\u00fc Spor Salonu\u2019nda yap\u0131lan antrenman \u00f6ncesinde konu\u015fan Ba\u015fkan Muharrem Or, ligin kendileri i\u00e7in g\u00fczel ge\u00e7ti\u011fini ve iyi performans sergilediklerini s\u00f6yledi. Bulunduklar\u0131 yerden memnun olduklar\u0131n\u0131 dile getiren Or, \u201cYani sezonun son 2-3 ma\u00e7\u0131n\u0131 zaten play-off\u2019u garantileyerek girdik. \u0130lk ma\u00e7\u0131m\u0131z\u0131 \u0130zmir\u2019de Aras Kargo ile oynayaca\u011f\u0131z. G\u00fc\u00e7l\u00fc bir tak\u0131m\u0131z. Yani tak\u0131m olmay\u0131 ba\u015fard\u0131k. Ba\u015fkan olarak, y\u00f6netim kurulu ve bran\u015f sorumlusu arkada\u015flar\u0131mla beraber iyi i\u015fler yapt\u0131k diye d\u00fc\u015f\u00fcn\u00fcyorum. Bursal\u0131lara g\u00fczel ma\u00e7lar izlettirdik sene i\u00e7inde. Trib\u00fcnleri doldurmay\u0131 ba\u015fard\u0131k. Hedefimiz Avrupa. Olmazsa da d\u00fcnyan\u0131n sonu de\u011fil\u201d dedi.<\/p>\n<p>\u201cHERKES G\u00d6REV\u0130N\u0130 YAPTI\u201d<\/p>\n<p>T\u00fcm toplant\u0131larda ekibe tak\u0131m oyununun \u00f6nemini vurgulad\u0131\u011f\u0131n\u0131 dile getiren Or, \u201cBu bir spor. Yenmek de var, yenilmek de var. Kazanmak da var, kaybetmek de var. Ama her \u015feyden \u00f6nce g\u00fczel, centilmence ve sportmenli\u011fe uygun bir \u015fekilde oyunumuzu oynad\u0131k. Yani sadece biz oyunumuzu oynamaya u\u011fra\u015ft\u0131k. Bizim tak\u0131mda \u00e7ok sivrilen bir oyuncu yok mesela. Herkes kendi g\u00f6revini yapt\u0131 ve ma\u00e7\u0131 kazanmaya oynad\u0131k, \u00e7o\u011fu ma\u00e7ta da biz hedefimize ula\u015ft\u0131k. O nedenle de zaten buraday\u0131z\u201d diye konu\u015ftu.<\/p>\n<p>\u201cDESTEK BEKL\u0130YORUZ\u201d<\/p>\n<p>Belediye tak\u0131m\u0131 olarak Sultanlar Ligi\u2019nde 2 tak\u0131m\u0131n bu y\u0131l alt lige d\u00fc\u015fmesiyle tek kald\u0131klar\u0131n\u0131 ifade eden Or, \u201cGelecek tak\u0131mlar\u0131n i\u00e7inden belediye tak\u0131m\u0131 olur mu bilmiyorum ama hakikaten ekonomik olarak bizleri zorlayan bir sistem var. Bursa&#8217;n\u0131n markalar\u0131n\u0131n bizlere bu tak\u0131m\u0131 ya\u015fatmas\u0131 i\u00e7in, s\u00fcrd\u00fcrebilmemiz i\u00e7in destek olmas\u0131 gerekiyor. Bursa sanayisinin bizi desteklemesi laz\u0131m. \u00a0\u00c7\u00fcnk\u00fc Bursa&#8217;da tek kad\u0131n tak\u0131m\u0131y\u0131z biz \u015fu an\u201d dedi.<\/p>\n<p>Bursal\u0131 voleybol seyircisinin sahip \u00e7\u0131kmalar\u0131n\u0131 isteyen Or, tak\u0131m\u0131 yaln\u0131z b\u0131rakmamalar\u0131n\u0131 istedi.<\/p>\n<p>\u201cSEY\u0130RC\u0130LER\u0130M\u0130Z\u0130 BEKL\u0130YORUZ\u201d<\/p>\n<p>Nil\u00fcfer Belediyespor Eker Kad\u0131n Voleybol Tak\u0131m\u0131 Ba\u015f Antren\u00f6r\u00fc G\u00f6khan Durmaz ise, \u201cNormal sezonu 6\u2019\u0131nc\u0131 s\u0131rada bitirdik. \u015eimdi 5-8 s\u0131ralamalar\u0131 i\u00e7in play-off\u2019lar\u0131m\u0131z var. \u0130lk ma\u00e7\u0131m\u0131z\u0131 Pazar g\u00fcn\u00fc \u0130zmir\u2019de Aras Kargo ile oynayaca\u011f\u0131z. Daha sonras\u0131nda ikinci ma\u00e7\u0131m\u0131z\u0131 12 Nisan\u2019da burada kendi evimizde oynayaca\u011f\u0131z. T\u00fcm seyircilerimizi bekliyoruz. Buraya kadar gelmi\u015fken Avrupa\u2019ya gitmek istiyoruz. Bunun anahtar\u0131 Aras Kargo ma\u00e7\u0131. \u0130n\u015fallah bug\u00fcne kadar yapt\u0131\u011f\u0131m\u0131z\u0131n ayn\u0131s\u0131n\u0131 yine yapaca\u011f\u0131z\u201d dedi.<\/p>\n<p>\u201cG\u00dcZEL B\u0130R SEZON GE\u00c7\u0130RD\u0130K\u201d<\/p>\n<p>Tak\u0131m kaptan\u0131 Buse \u00dcnal Pehlivan, g\u00fczel bir sezon ge\u00e7irdiklerini s\u00f6yledi. Tak\u0131m i\u00e7inde iyi bir enerji oldu\u011funu dile getiren Pehlivan, \u201cHedefimiz do\u011frultusunda sezonu bitirmek istiyoruz. Umar\u0131m \u00e7al\u0131\u015fmalar\u0131m\u0131z\u0131n da kar\u015f\u0131l\u0131\u011f\u0131n\u0131 al\u0131r\u0131z\u201d dedi.<\/p>\n<p>Tak\u0131m antrenman\u0131nda oyuncu Breana Edwards\u2019\u0131n do\u011fum g\u00fcn\u00fc de kutland\u0131.<\/p>\n<p>\u00a0<\/p>\n<p>\u00a0<\/p>\n<p>Kaynak: (BYZHA) Beyaz Haber Ajans\u0131<\/p>\n","protected":false},"excerpt":{"rendered":"<p>Nil\u00fcfer Belediyespor Kad\u0131n Voleybol Tak\u0131m\u0131, Aras Kargo ile oynayaca\u011f\u0131 play-off ma\u00e7\u0131n\u0131n haz\u0131rl\u0131klar\u0131n\u0131 s\u00fcrd\u00fcr\u00fcyor.<\/p>\n","protected":false},"author":1,"featured_media":3593,"comment_status":"open","ping_status":"open","sticky":false,"template":"","format":"standard","meta":{"footnotes":""},"categories":[33],"tags":[],"class_list":["post-3592","post","type-post","status-publish","format-standard","has-post-thumbnail","hentry","category-spor"],"_links":{"self":[{"href":"https:\/\/ekonomievreni.com\/index.php?rest_route=\/wp\/v2\/posts\/3592","targetHints":{"allow":["GET"]}}],"collection":[{"href":"https:\/\/ekonomievreni.com\/index.php?rest_route=\/wp\/v2\/posts"}],"about":[{"href":"https:\/\/ekonomievreni.com\/index.php?rest_route=\/wp\/v2\/types\/post"}],"author":[{"embeddable":true,"href":"https:\/\/ekonomievreni.com\/index.php?rest_route=\/wp\/v2\/users\/1"}],"replies":[{"embeddable":true,"href":"https:\/\/ekonomievreni.com\/index.php?rest_route=%2Fwp%2Fv2%2Fcomments&post=3592"}],"version-history":[{"count":1,"href":"https:\/\/ekonomievreni.com\/index.php?rest_route=\/wp\/v2\/posts\/3592\/revisions"}],"predecessor-version":[{"id":3594,"href":"https:\/\/ekonomievreni.com\/index.php?rest_route=\/wp\/v2\/posts\/3592\/revisions\/3594"}],"wp:featuredmedia":[{"embeddable":true,"href":"https:\/\/ekonomievreni.com\/index.php?rest_route=\/wp\/v2\/media\/3593"}],"wp:attachment":[{"href":"https:\/\/ekonomievreni.com\/index.php?rest_route=%2Fwp%2Fv2%2Fmedia&parent=3592"}],"wp:term":[{"taxonomy":"category","embeddable":true,"href":"https:\/\/ekonomievreni.com\/index.php?rest_route=%2Fwp%2Fv2%2Fcategories&post=3592"},{"taxonomy":"post_tag","embeddable":true,"href":"https:\/\/ekonomievreni.com\/index.php?rest_route=%2Fwp%2Fv2%2Ftags&post=3592"}],"curies":[{"name":"wp","href":"https:\/\/api.w.org\/{rel}","templated":true}]}}