{"id":3589,"date":"2026-03-25T21:05:33","date_gmt":"2026-03-25T18:05:33","guid":{"rendered":"https:\/\/ekonomievreni.com\/?p=3589"},"modified":"2026-03-25T21:05:34","modified_gmt":"2026-03-25T18:05:34","slug":"epilepside-dogru-yaklasim-hastalarin-hayatini-kolaylastiriyor","status":"publish","type":"post","link":"https:\/\/ekonomievreni.com\/?p=3589","title":{"rendered":"Epilepside do\u011fru yakla\u015f\u0131m, hastalar\u0131n hayat\u0131n\u0131 kolayla\u015ft\u0131r\u0131yor!"},"content":{"rendered":"<p> \u00dcsk\u00fcdar \u00dcniversitesi NP\u0130STANBUL Hastanesi N\u00f6roloji Uzman\u0131 Dr. Celal\u00a0\u015eal\u00e7ini, 26 Mart D\u00fcnya Epilepsi Fark\u0131ndal\u0131k G\u00fcn\u00fc kapsam\u0131nda epilepsi hastalar\u0131n\u0131n ya\u015fam kalitesini art\u0131rmak i\u00e7in dikkat etmeleri gereken \u00f6nlemler hakk\u0131nda bilgi verdi.<\/p>\n<p><strong>Epilepsi, n\u00f6ronlar\u0131n a\u015f\u0131r\u0131 ve senkronize aktivitesi sonucu ortaya \u00e7\u0131kan n\u00f6betlerle karakterize!<\/strong><\/p>\n<p>Epilepsinin, beyindeki anormal elektriksel aktiviteye ba\u011fl\u0131 olarak tekrarlayan n\u00f6betlerle karakterize n\u00f6rolojik bir bozukluk oldu\u011funu hat\u0131rlatan\u00a0Dr. Celal \u015eal\u00e7ini, \u201cBu n\u00f6betler, beyin h\u00fccrelerinin (n\u00f6ronlar) a\u015f\u0131r\u0131 ve birlikte ayn\u0131 zamanda\/senkronize aktivitesi sonucu ortaya \u00e7\u0131kar.\u201d dedi.<\/p>\n<p>Epilepsinin, genetik yatk\u0131nl\u0131k, beyin travmas\u0131, enfeksiyonlar, inme, t\u00fcm\u00f6rler veya geli\u015fimsel bozukluklar gibi \u00e7e\u015fitli nedenlerle ortaya \u00e7\u0131kabilece\u011fini dile getiren\u00a0Dr. Celal\u00a0\u015eal\u00e7ini, tan\u0131 s\u00fcrecinin hastan\u0131n klinik \u00f6yk\u00fcs\u00fc, n\u00f6betlerin \u00f6zellikleri ve n\u00f6rolojik muayene ile ba\u015flad\u0131\u011f\u0131n\u0131, tan\u0131y\u0131 do\u011frulamak i\u00e7in ise Elektroensefalografi (EEG), Manyetik Rezonans G\u00f6r\u00fcnt\u00fcleme (MRI), Bilgisayarl\u0131 Tomografi (BT) ve kan testleri gibi baz\u0131 testler kullan\u0131ld\u0131\u011f\u0131n\u0131 s\u00f6yledi.<\/p>\n<p><strong>Yetersiz uyku, n\u00f6bet e\u015fi\u011fini d\u00fc\u015f\u00fcr\u00fcr!<\/strong><\/p>\n<p>Baz\u0131 fakt\u00f6rlerin epilepsi ataklar\u0131n\u0131 tetikleyebildi\u011fine dikkat \u00e7eken\u00a0Dr. Celal\u00a0\u015eal\u00e7ini, \u201cYetersiz uyku, n\u00f6bet e\u015fi\u011fini d\u00fc\u015f\u00fcr\u00fcr. Psikolojik stres, n\u00f6bet riskini art\u0131rabilir. \u00d6zellikle alkol yoksunlu\u011fu n\u00f6betlere yol a\u00e7abilir. Baz\u0131 bireylerde yan\u0131p s\u00f6nen \u0131\u015f\u0131klar n\u00f6betleri tetikleyebilir. Antiepileptik ila\u00e7lar\u0131n d\u00fczensiz kullan\u0131m\u0131 n\u00f6bet riskini art\u0131r\u0131r. Baz\u0131 ila\u00e7lar\u0131n kendileri n\u00f6betleri tetikleyebilir.\u201d \u015feklinde konu\u015ftu.<\/p>\n<p>Bu fakt\u00f6rlerden ka\u00e7\u0131nman\u0131n m\u00fcmk\u00fcn oldu\u011funu da s\u00f6zlerine ekleyen\u00a0Dr. Celal\u00a0\u015eal\u00e7ini, d\u00fczenli uyku, stres y\u00f6netimi, alkolden ka\u00e7\u0131nma, ila\u00e7lar\u0131n d\u00fczenli kullan\u0131m\u0131 ve fotosensitivitesi\/\u0131\u015f\u0131\u011fa hassasiyeti olan bireylerin yan\u0131p s\u00f6nen \u0131\u015f\u0131klardan uzak durmas\u0131n\u0131n \u00f6zellikle \u00f6nerildi\u011fini aktard\u0131.<\/p>\n<p><strong>Antiepileptik ila\u00e7lar\u0131n d\u00fczenli ve doktorun \u00f6nerdi\u011fi \u015fekilde kullan\u0131lmas\u0131 gerekir!<\/strong><\/p>\n<p>Epilepsi ile ya\u015fayan bireylerin ve ailelerinin g\u00fcnl\u00fck ya\u015famda dikkat etmesi gereken fakt\u00f6rlere de\u011finen\u00a0Dr. Celal\u00a0\u015eal\u00e7ini, \u015funlar\u0131 s\u00f6yledi:<\/p>\n<p>\u201cAntiepileptik ila\u00e7lar\u0131n d\u00fczenli ve doktorun \u00f6nerdi\u011fi \u015fekilde kullan\u0131lmas\u0131 gerekir. Uyku d\u00fczeni ve stres y\u00f6netimine \u00f6nem verilmeli, tetikleyici fakt\u00f6rlerden uzak durulmal\u0131. N\u00f6bet s\u0131ras\u0131nda yaralanmay\u0131 \u00f6nlemek bulunulan odan\u0131n veya banyonun kap\u0131s\u0131 kilitlenmemeli, keskin e\u015fyalar a\u00e7\u0131kta b\u0131rak\u0131lmamal\u0131 ve y\u00fczme gibi aktiviteler s\u0131ras\u0131nda hasta yaln\u0131z olmamal\u0131.\u00a0N\u00f6betlerin s\u0131kl\u0131\u011f\u0131, s\u00fcresi ve tetikleyicileri kaydedilmeli. Aile \u00fcyeleri ve yak\u0131n \u00e7evre n\u00f6bet s\u0131ras\u0131nda nas\u0131l m\u00fcdahale edece\u011fini \u00f6\u011frenmeli.\u201d<\/p>\n<p><strong>Do\u011fru tedavi ve y\u00f6netimle epilepsi hastalar\u0131 aktif bir ya\u015fam s\u00fcrd\u00fcrebilir!<\/strong><\/p>\n<p>Epilepsi hastalar\u0131n\u0131n toplumda kar\u015f\u0131la\u015ft\u0131\u011f\u0131 yayg\u0131n yanl\u0131\u015f inan\u0131\u015flar oldu\u011funu dile getiren\u00a0Dr. Celal\u00a0\u015eal\u00e7ini, \u201cEpilepsinin bula\u015f\u0131c\u0131 bir hastal\u0131k oldu\u011funu d\u00fc\u015f\u00fcnenler bile var.\u201d dedi.<\/p>\n<p>Epilepsi hastalar\u0131n\u0131n normal bir ya\u015fam s\u00fcremeyece\u011fi inan\u0131\u015f\u0131n\u0131n da yanl\u0131\u015f oldu\u011funu vurgulayan\u00a0Dr. Celal\u00a0\u015eal\u00e7ini, \u201cDo\u011fru tedavi ve y\u00f6netimle epilepsi hastalar\u0131 aktif bir ya\u015fam s\u00fcrd\u00fcrebilir. Bir di\u011fer yanl\u0131\u015f bilinen konu ise \u2018n\u00f6bet s\u0131ras\u0131nda hastan\u0131n dilini tutmak gerekir\u2019 bilgisi.\u00a0Bu, hastaya zarar verebilir. Bunun yerine, hastay\u0131 g\u00fcvenli bir pozisyona almak ve n\u00f6betin bitmesini beklemek gerekir.\u201d a\u00e7\u0131klamas\u0131n\u0131 yapt\u0131.<\/p>\n<p>Dr. Celal\u00a0\u015eal\u00e7ini epilepsi hakk\u0131ndaki fark\u0131ndal\u0131\u011f\u0131 art\u0131rmak i\u00e7in ise; toplumda e\u011fitim programlar\u0131 d\u00fczenlemek, medya ve sosyal platformlarda do\u011fru bilgiler payla\u015fmak, okullarda ve i\u015f yerlerinde epilepsi hakk\u0131nda bilin\u00e7lendirme seminerleri yapmak, epilepsi dernekleri ve hasta gruplar\u0131 arac\u0131l\u0131\u011f\u0131yla destek sa\u011flamak gibi ad\u0131mlar at\u0131labilece\u011fini s\u00f6yledi.<\/p>\n<p><strong>Epilepsi hastalar\u0131, gerekti\u011finde psikolojik dan\u0131\u015fmanl\u0131k alarak duygusal zorluklarla ba\u015fa \u00e7\u0131kabilir!\u00a0<\/strong><\/p>\n<p>Epilepsi ile ya\u015fayan bireylerin sosyal hayatlar\u0131n\u0131 daha verimli s\u00fcrd\u00fcrebilmesi i\u00e7in \u00f6nerilerde bulunan\u00a0Dr. Celal\u00a0\u015eal\u00e7ini, s\u00f6zlerini \u015f\u00f6yle tamamlad\u0131:<\/p>\n<p>\u201cEpilepsi dernekleri veya hasta gruplar\u0131na kat\u0131larak benzer deneyimler payla\u015f\u0131labilir. \u0130\u015f yerinde, okulda veya sosyal \u00e7evrede epilepsi hakk\u0131nda a\u00e7\u0131k ileti\u015fim kurulmas\u0131 ki\u015fiye iyi gelebilir. Doktor onay\u0131yla d\u00fczenli egzersiz yapmak, stresi azalt\u0131r ve genel sa\u011fl\u0131\u011f\u0131 iyile\u015ftirir. Epilepsi hastalar\u0131, uygun tedavi ve destekle e\u011fitimlerini tamamlayabilir ve i\u015f hayat\u0131nda ba\u015far\u0131l\u0131 olabilir. Gerekti\u011finde psikolojik dan\u0131\u015fmanl\u0131k alarak duygusal zorluklarla ba\u015fa \u00e7\u0131kmak i\u00e7in ad\u0131m at\u0131labilir.\u201d\u00a0<\/p>\n<p>\u00a0<\/p>\n<p>\u00a0<\/p>\n<p>Kaynak: (BYZHA) Beyaz Haber Ajans\u0131<\/p>\n","protected":false},"excerpt":{"rendered":"<p>\u00dcsk\u00fcdar \u00dcniversitesi NP\u0130STANBUL Hastanesi N\u00f6roloji Uzman\u0131 Dr.<\/p>\n","protected":false},"author":1,"featured_media":3590,"comment_status":"open","ping_status":"open","sticky":false,"template":"","format":"standard","meta":{"footnotes":""},"categories":[31],"tags":[],"class_list":["post-3589","post","type-post","status-publish","format-standard","has-post-thumbnail","hentry","category-saglik"],"_links":{"self":[{"href":"https:\/\/ekonomievreni.com\/index.php?rest_route=\/wp\/v2\/posts\/3589","targetHints":{"allow":["GET"]}}],"collection":[{"href":"https:\/\/ekonomievreni.com\/index.php?rest_route=\/wp\/v2\/posts"}],"about":[{"href":"https:\/\/ekonomievreni.com\/index.php?rest_route=\/wp\/v2\/types\/post"}],"author":[{"embeddable":true,"href":"https:\/\/ekonomievreni.com\/index.php?rest_route=\/wp\/v2\/users\/1"}],"replies":[{"embeddable":true,"href":"https:\/\/ekonomievreni.com\/index.php?rest_route=%2Fwp%2Fv2%2Fcomments&post=3589"}],"version-history":[{"count":1,"href":"https:\/\/ekonomievreni.com\/index.php?rest_route=\/wp\/v2\/posts\/3589\/revisions"}],"predecessor-version":[{"id":3591,"href":"https:\/\/ekonomievreni.com\/index.php?rest_route=\/wp\/v2\/posts\/3589\/revisions\/3591"}],"wp:featuredmedia":[{"embeddable":true,"href":"https:\/\/ekonomievreni.com\/index.php?rest_route=\/wp\/v2\/media\/3590"}],"wp:attachment":[{"href":"https:\/\/ekonomievreni.com\/index.php?rest_route=%2Fwp%2Fv2%2Fmedia&parent=3589"}],"wp:term":[{"taxonomy":"category","embeddable":true,"href":"https:\/\/ekonomievreni.com\/index.php?rest_route=%2Fwp%2Fv2%2Fcategories&post=3589"},{"taxonomy":"post_tag","embeddable":true,"href":"https:\/\/ekonomievreni.com\/index.php?rest_route=%2Fwp%2Fv2%2Ftags&post=3589"}],"curies":[{"name":"wp","href":"https:\/\/api.w.org\/{rel}","templated":true}]}}