{"id":3586,"date":"2026-03-25T20:57:14","date_gmt":"2026-03-25T17:57:14","guid":{"rendered":"https:\/\/ekonomievreni.com\/?p=3586"},"modified":"2026-03-25T20:57:15","modified_gmt":"2026-03-25T17:57:15","slug":"izfurnex-2026-izmir-mobilya-fuari-kapilarini-acti","status":"publish","type":"post","link":"https:\/\/ekonomievreni.com\/?p=3586","title":{"rendered":"\u0130ZFURNEX 2026 &#8211; \u0130zmir Mobilya Fuar\u0131 kap\u0131lar\u0131n\u0131 a\u00e7t\u0131"},"content":{"rendered":"<p> \u0130zmir B\u00fcy\u00fck\u015fehir Belediyesi\u2019nin ev sahipli\u011finde, EFR Fuarc\u0131l\u0131k taraf\u0131ndan Fuar \u0130zmir\u2019de d\u00fczenlenen \u0130ZFURNEX 2026 &#8211; \u0130zmir Mobilya Fuar\u0131 t\u00f6renle kap\u0131lar\u0131n\u0131 a\u00e7t\u0131. A\u00e7\u0131l\u0131\u015fta konu\u015fan \u0130zmir B\u00fcy\u00fck\u015fehir Belediyesi Ba\u015fkan Vekili Dr. Zafer Levent Y\u0131ld\u0131r, \u201c\u0130nanc\u0131m\u0131z odur ki \u0130zmir mobilya sekt\u00f6r\u00fc, sahip oldu\u011fu \u00fcretim kabiliyeti ve giri\u015fimci ruhuyla global pazarlarda \u00e7ok daha g\u00fc\u00e7l\u00fc bir yer alacakt\u0131r. Bunun yoluysa yenilik\u00e7i d\u00fc\u015f\u00fcnceden ve tasar\u0131m\u0131 \u00fcretimin kalbine koymaktan ge\u00e7mektedir\u201d dedi.<\/p>\n<p>\u0130ZFURNEX 2026 &#8211; \u0130zmir Mobilya Fuar\u0131, 25\u201329 Mart 2026 tarihleri aras\u0131nda, Fuar \u0130zmir B Hol\u2019de sekt\u00f6r profesyonellerini bir araya getiriyor. Fuarda, 12 ilden, 127 firma ve markalar\u0131 yer al\u0131rken \u00fcreticiler yeni koleksiyonlar\u0131n\u0131 ve \u00fcr\u00fcnlerini ziyaret\u00e7ilerin be\u011fenisine sunuyor. Bu y\u0131l ilk kez kurgulanan \u00f6zel konseptle ise ziyaret\u00e7ilerin fuar alan\u0131ndaki t\u00fcm stantlarla etkile\u015fim kurabilece\u011fi b\u00fct\u00fcnc\u00fcl bir deneyim hedefleniyor. Fuar\u0131n, yeni i\u015f birlikleri ve ihracat ba\u011flant\u0131lar\u0131 a\u00e7\u0131s\u0131ndan \u00f6nemli f\u0131rsatlar yaratmas\u0131 ama\u00e7lan\u0131yor.<\/p>\n<p>Fuar\u0131n a\u00e7\u0131l\u0131\u015f t\u00f6renine, \u0130zmir B\u00fcy\u00fck\u015fehir Belediyesi Ba\u015fkan Vekili Dr. Zafer Levent Y\u0131ld\u0131r, \u0130zmir Ticaret Odas\u0131 (\u0130ZTO) Meclis Ba\u015fkan\u0131 Selami \u00d6zpoyraz, Karaba\u011flar Belediye Ba\u015fkan\u0131 Helil K\u0131nay, Gaziemir Belediye Ba\u015fkan\u0131 \u00dcnal I\u015f\u0131k, Ege B\u00f6lgesi Sanayi Odas\u0131 (EBSO) Y\u00f6netim Kurulu \u00dcyesi Suha Kahraman, \u0130ZTO Y\u00f6netim Kurulu \u00dcyesi Nuray Eyigele \u0130\u015fleyen, \u0130ZTO Meclis Ba\u015fkan Yard\u0131mc\u0131s\u0131 Nevzat Artk\u0131y, EBSO Meclis Ba\u015fkan Yard\u0131mc\u0131s\u0131 I\u015f\u0131n Y\u0131lmaz, \u0130zmir Mobilyac\u0131lar Odas\u0131 Ba\u015fkan\u0131 Zafer Ko\u00e7, \u0130ZFA\u015e Genel M\u00fcd\u00fcr\u00fc Tu\u011f\u00e7e Cumal\u0131o\u011flu, EFR Fuarc\u0131l\u0131k Genel M\u00fcd\u00fcr\u00fc Muhammed Baykal, oda ve dernek y\u00f6neticileri ile sekt\u00f6r temsilcileri kat\u0131ld\u0131.<\/p>\n<p><strong>Markala\u015fma, tasar\u0131m ve yenilik\u00e7i bak\u0131\u015f a\u00e7\u0131s\u0131<\/strong><\/p>\n<p>A\u00e7\u0131l\u0131\u015fta konu\u015fan \u0130zmir B\u00fcy\u00fck\u015fehir Belediyesi Ba\u015fkan Vekili Dr. Zafer Levent Y\u0131ld\u0131r, Buca\u2019da mobilya at\u00f6lyelerindeki yang\u0131ndan etkilenenlere ge\u00e7mi\u015f olsun dile\u011finde bulundu. Y\u0131ld\u0131r, fuar\u0131n, ticari fonksiyonunun yan\u0131 s\u0131ra fikirlerin, tasar\u0131mlar\u0131n ve vizyonlar\u0131n bulu\u015ftu\u011fu bir platform oldu\u011funu belirterek, \u201cBu bulu\u015fma, \u00fcreticilerimiz i\u00e7in yeni i\u015f birliklerinin, yeni pazarlar\u0131n kap\u0131s\u0131n\u0131 a\u00e7acakt\u0131r. Bug\u00fcn d\u00fcnya pazarlar\u0131nda rekabet her zamankinden daha g\u00fc\u00e7l\u00fc. Art\u0131k sadece \u00fcretmek yeterli de\u011fil. Markala\u015fma, tasar\u0131m ve yenilik\u00e7i bak\u0131\u015f a\u00e7\u0131s\u0131, sekt\u00f6r\u00fcm\u00fcz\u00fcn gelece\u011fini belirleyen \u00f6nemli unsurlar haline gelmi\u015ftir. Mobilyada de\u011fer, art\u0131k yaln\u0131zca \u00fcr\u00fcnde de\u011fil tasar\u0131m, estetik ve marka g\u00fcc\u00fcndedir\u201d diye konu\u015ftu.<\/p>\n<p><strong>\u201cMithat Pa\u015fa Meslek Lisesi\u2019nin kurulu\u015funa kadar uzan\u0131r\u201d<\/strong><\/p>\n<p>\u0130zmir mobilya sekt\u00f6r\u00fcn\u00fcn sahip oldu\u011fu \u00fcretim kabiliyeti ve giri\u015fimci ruhuyla k\u00fcresel pazarlarda \u00e7ok daha g\u00fc\u00e7l\u00fc bir konuma ula\u015faca\u011f\u0131na inand\u0131klar\u0131n\u0131 belirten \u0130zmir B\u00fcy\u00fck\u015fehir Belediyesi Ba\u015fkan Vekili Dr. Zafer Levent Y\u0131ld\u0131r, \u201cBunun yolu yenilik\u00e7i d\u00fc\u015f\u00fcnceden, yeni trendleri yak\u0131ndan takip etmekten ve tasar\u0131m\u0131 \u00fcretimin merkezine koymaktan ge\u00e7mektedir. Kentimizde mobilya sekt\u00f6r\u00fc k\u00f6kl\u00fc bir deneyime sahiptir. Bu deneyimin temeli ise 1861 y\u0131l\u0131nda Mithat Pa\u015fa Meslek Lisesi\u2019nin kurulu\u015funa kadar uzanan \u00fcretim gelene\u011fine dayanmaktad\u0131r. S\u00f6z konusu birikim, bug\u00fcn \u00f6zellikle Karaba\u011flar\u2019da yo\u011funla\u015farak sekt\u00f6r\u00fcn g\u00fc\u00e7l\u00fc yap\u0131s\u0131n\u0131 olu\u015fturmu\u015ftur\u201d dedi.<\/p>\n<p><strong>\u201c\u0130zmir mobilyas\u0131n\u0131n de\u011ferini daha yukar\u0131lara \u00e7\u0131karmak hepimizin g\u00f6revi\u201d<\/strong><\/p>\n<p>\u0130zmir B\u00fcy\u00fck\u015fehir Belediyesi\u2019nin sekt\u00f6re katk\u0131lar\u0131nda da bahseden Y\u0131ld\u0131r, \u201cHedefimiz, Meslek Fabrikas\u0131 ile birlikte ayn\u0131 zamanda Karaba\u011flar Belediyesi ile kurdu\u011fumuz bir i\u015f birli\u011fi \u00e7er\u00e7evesinde, e\u011fitimli ve nitelikli i\u015f g\u00fcc\u00fcn\u00fc bu sekt\u00f6re kazand\u0131rmak olmu\u015ftur. Bu konuda oluk\u00e7a fazla da yol ald\u0131\u011f\u0131m\u0131z\u0131 s\u00f6ylemek isterim. Sekt\u00f6r\u00fcm\u00fcz yaln\u0131zca \u00fcretimde de\u011fil; tasar\u0131m, markala\u015fma ve uluslararas\u0131 rekabette de g\u00fcc\u00fcn\u00fc g\u00f6stermektedir. Avrupa, Orta Do\u011fu ve d\u00fcnya pazarlar\u0131nda \u0130zmir mobilyas\u0131n\u0131n de\u011ferini daha yukar\u0131lara \u00e7\u0131karmak hepimizin g\u00f6revidir. Bu fuar\u0131n, sekt\u00f6r\u00fcm\u00fcze yeni bir vizyon kazand\u0131raca\u011f\u0131na, firmalara yeni kap\u0131lar a\u00e7aca\u011f\u0131na, \u0130zmir\u2019i mobilya sekt\u00f6r\u00fcnde daha g\u00fc\u00e7l\u00fc bir merkez haline getirece\u011fine y\u00fcrekten inan\u0131yorum\u201d \u015feklinde konu\u015ftu.<\/p>\n<p><strong>\u201cKaraba\u011flar mobilyan\u0131n kalbi\u201d<\/strong><\/p>\n<p>Karaba\u011flar Belediye Ba\u015fkan\u0131 Helil K\u0131nay, Karaba\u011flar\u2019\u0131n mobilya sekt\u00f6r\u00fcyle \u00f6zde\u015fle\u015fmi\u015f bir il\u00e7e oldu\u011funu vurgulayarak, \u201cKaraba\u011flar mobilyan\u0131n kalbi, mobilya Karaba\u011flar\u2019\u0131n kalbi. Sekt\u00f6rdeki her emek kentin geli\u015fimine katk\u0131 sa\u011fl\u0131yor. De\u011fi\u015fim ve d\u00f6n\u00fc\u015f\u00fcm\u00fc birlikte ger\u00e7ekle\u015ftirerek sa\u011fl\u0131kl\u0131 b\u00fcy\u00fcmek zorunday\u0131z. Mobilya sekt\u00f6r\u00fcm\u00fcz ve yerel y\u00f6netimlerle birlikte geli\u015fece\u011fiz. \u00c7\u00fcnk\u00fc biliyoruz ki mobilya sekt\u00f6r\u00fc geli\u015firse Karaba\u011flar geli\u015fir\u201d dedi.<\/p>\n<p>\u0130ZTO Meclis Ba\u015fkan\u0131 Selami \u00d6zpoyraz ise fuarlar\u0131n sekt\u00f6r a\u00e7\u0131s\u0131ndan \u00f6nemine dikkat \u00e7ekerek, \u201cMobilya sekt\u00f6r\u00fc, \u00fcretim g\u00fcc\u00fc, tasar\u0131m kabiliyeti ve ihracat potansiyeliyle \u00fclkemiz ekonomisine \u00f6nemli katk\u0131lar sa\u011fl\u0131yor. K\u00fcresel \u00f6l\u00e7ekte g\u00fc\u00e7l\u00fc bir konuma sahibiz. Bug\u00fcn geldi\u011fimiz noktada, T\u00fcrkiye mobilya sekt\u00f6r\u00fc, \u00fcretim i\u015fletmeleri ve istihdam kapasitesiyle dikkat \u00e7ekiyor. Mobilya \u00fcretiminde \u00f6nemli merkezlerden biri olan \u0130zmir, bu ba\u015far\u0131da \u00f6nemli bir yere sahip. Tasar\u0131m, ye\u015fil d\u00f6n\u00fc\u015f\u00fcm, s\u00fcrd\u00fcr\u00fclebilir \u00fcretim, dijitalle\u015fme ve markala\u015fma sekt\u00f6r\u00fcm\u00fcz\u00fcn gelece\u011fini \u015fekillendiren ba\u015fl\u0131klar. Bu alanlarda at\u0131lacak ad\u0131mlar hem rekabet g\u00fcc\u00fcm\u00fcz\u00fc art\u0131racak hem de ihracat hedeflerimize ula\u015fmam\u0131za katk\u0131 sa\u011flayacak\u201d derken fuar te\u015fvikleri ile de \u00fcyelerine \u00f6nemli katk\u0131lar sa\u011flad\u0131klar\u0131n\u0131 s\u00f6yledi.<\/p>\n<p><strong>\u201cSekt\u00f6re yeni bir soluk kazand\u0131racak\u201d<\/strong><\/p>\n<p>\u0130zmir Mobilyac\u0131lar Odas\u0131 Ba\u015fkan\u0131 Zafer Ko\u00e7 da fuar\u0131n sekt\u00f6re yeni f\u0131rsatlar sunaca\u011f\u0131n\u0131 belirterek, \u201cD\u00fcnya pazarlar\u0131nda rekabetin artt\u0131\u011f\u0131 bu d\u00f6nemde markala\u015fma ve tasar\u0131m, sekt\u00f6r\u00fcn gelece\u011fini belirliyor. Biz inan\u0131yoruz ki \u0130zmir mobilya sekt\u00f6r\u00fc, sahip oldu\u011fu \u00fcretim kabiliyeti ve giri\u015fimci ruhuyla global pazarlarda \u00e7ok daha iyi bir yer alacakt\u0131r. \u0130zmir olarak hedefimiz sekt\u00f6r\u00fcm\u00fcz\u00fcn g\u00fcc\u00fcn\u00fc sadece \u00fcretimde de\u011fil, tasar\u0131m, markala\u015fma ve uluslararas\u0131 rekabette de g\u00f6stermektir\u201d diyerek fuar\u0131n, sekt\u00f6re yeni bir soluk kazand\u0131raca\u011f\u0131na inand\u0131\u011f\u0131n\u0131 ifade etti.<\/p>\n<p>EFR Fuarc\u0131l\u0131k Genel M\u00fcd\u00fcr\u00fc Muhammed Baykal ise fuar\u0131n k\u00fc\u00e7\u00fck esnaf i\u00e7in de \u00f6nemli f\u0131rsatlar sundu\u011funu belirterek, \u0130zmir Mobilyac\u0131lar Odas\u0131 ile yap\u0131lan i\u015f birli\u011fi kapsam\u0131nda k\u00fc\u00e7\u00fck \u00f6l\u00e7ekli \u00fcreticilerin de fuara kat\u0131l\u0131m\u0131 sa\u011flanarak sekt\u00f6rde kapsay\u0131c\u0131 bir bulu\u015fma ortam\u0131 olu\u015fturuldu\u011funu s\u00f6yledi.<\/p>\n<p>Konu\u015fmalar\u0131n ard\u0131ndan protokol \u00fcyeleri fuar\u0131n a\u00e7\u0131l\u0131\u015f kurdelesini testi. Heyet fuar alan\u0131n\u0131 gezerek kat\u0131l\u0131mc\u0131 firmalar\u0131n stantlar\u0131n\u0131 ziyaret ederek sekt\u00f6r temsilcilerinden \u00fcr\u00fcnler ve \u00e7al\u0131\u015fmalar\u0131 hakk\u0131nda bilgi ald\u0131.<\/p>\n<p>\u00a0<\/p>\n<p>\u00a0<\/p>\n<p>Kaynak: (BYZHA) Beyaz Haber Ajans\u0131<\/p>\n","protected":false},"excerpt":{"rendered":"<p>\u0130zmir B\u00fcy\u00fck\u015fehir Belediyesi\u2019nin ev sahipli\u011finde, EFR Fuarc\u0131l\u0131k taraf\u0131ndan Fuar \u0130zmir\u2019de d\u00fczenlenen \u0130ZFURNEX 2026 &#8211; \u0130zmir Mobilya Fuar\u0131 t\u00f6renle kap\u0131lar\u0131n\u0131 a\u00e7t\u0131.<\/p>\n","protected":false},"author":1,"featured_media":3587,"comment_status":"open","ping_status":"open","sticky":false,"template":"","format":"standard","meta":{"footnotes":""},"categories":[30],"tags":[],"class_list":["post-3586","post","type-post","status-publish","format-standard","has-post-thumbnail","hentry","category-ekonomi"],"_links":{"self":[{"href":"https:\/\/ekonomievreni.com\/index.php?rest_route=\/wp\/v2\/posts\/3586","targetHints":{"allow":["GET"]}}],"collection":[{"href":"https:\/\/ekonomievreni.com\/index.php?rest_route=\/wp\/v2\/posts"}],"about":[{"href":"https:\/\/ekonomievreni.com\/index.php?rest_route=\/wp\/v2\/types\/post"}],"author":[{"embeddable":true,"href":"https:\/\/ekonomievreni.com\/index.php?rest_route=\/wp\/v2\/users\/1"}],"replies":[{"embeddable":true,"href":"https:\/\/ekonomievreni.com\/index.php?rest_route=%2Fwp%2Fv2%2Fcomments&post=3586"}],"version-history":[{"count":1,"href":"https:\/\/ekonomievreni.com\/index.php?rest_route=\/wp\/v2\/posts\/3586\/revisions"}],"predecessor-version":[{"id":3588,"href":"https:\/\/ekonomievreni.com\/index.php?rest_route=\/wp\/v2\/posts\/3586\/revisions\/3588"}],"wp:featuredmedia":[{"embeddable":true,"href":"https:\/\/ekonomievreni.com\/index.php?rest_route=\/wp\/v2\/media\/3587"}],"wp:attachment":[{"href":"https:\/\/ekonomievreni.com\/index.php?rest_route=%2Fwp%2Fv2%2Fmedia&parent=3586"}],"wp:term":[{"taxonomy":"category","embeddable":true,"href":"https:\/\/ekonomievreni.com\/index.php?rest_route=%2Fwp%2Fv2%2Fcategories&post=3586"},{"taxonomy":"post_tag","embeddable":true,"href":"https:\/\/ekonomievreni.com\/index.php?rest_route=%2Fwp%2Fv2%2Ftags&post=3586"}],"curies":[{"name":"wp","href":"https:\/\/api.w.org\/{rel}","templated":true}]}}