{"id":3583,"date":"2026-03-25T16:00:36","date_gmt":"2026-03-25T13:00:36","guid":{"rendered":"https:\/\/ekonomievreni.com\/?p=3583"},"modified":"2026-03-25T16:00:36","modified_gmt":"2026-03-25T13:00:36","slug":"baskan-ovunc-demir-saglik-hizmetlerinde-fark-yaratti","status":"publish","type":"post","link":"https:\/\/ekonomievreni.com\/?p=3583","title":{"rendered":"Ba\u015fkan \u00d6v\u00fcn\u00e7 Demir Sa\u011fl\u0131k Hizmetlerinde Fark Yaratt\u0131"},"content":{"rendered":"\n<p style=\"margin-bottom:11px\"><span style=\"font-size:12pt\"><span style=\"line-height:115%\"><span style=\"font-family:Calibri,sans-serif\">Torbal\u0131 Belediye Ba\u015fkan\u0131 \u00d6v\u00fcn\u00e7 Demir, g\u00f6reve ba\u015flad\u0131\u011f\u0131 ilk g\u00fcnden itibaren ba\u015flatt\u0131\u011f\u0131 hizmet seferberli\u011fi ile sa\u011fl\u0131k alan\u0131nda il\u00e7eye b\u00fcy\u00fck katk\u0131lar sunmaya devam ediyor. Sosyal belediyecilik anlay\u0131\u015f\u0131n\u0131 il\u00e7enin d\u00f6rt bir yan\u0131na ta\u015f\u0131yan Ba\u015fkan Demir, ekip ve ekipman yat\u0131r\u0131mlar\u0131n\u0131 g\u00fc\u00e7lendirerek vatanda\u015flar\u0131n her an yan\u0131nda oluyor.<\/span><\/span><\/span><\/p>\n<p style=\"margin-bottom:11px\"><span style=\"font-size:12pt\"><span style=\"line-height:115%\"><span style=\"font-family:Calibri,sans-serif\"><b>SA\u011eLIKTA REKOR RAKAMLAR<\/b><\/span><\/span><\/span><\/p>\n<p style=\"margin-bottom:11px\"><span style=\"font-size:12pt\"><span style=\"line-height:115%\"><span style=\"font-family:Calibri,sans-serif\">Torbal\u0131 Belediyesi ekipleri, Ba\u015fkan Demir\u2019in talimat\u0131yla il\u00e7ede kapsaml\u0131 bir \u00e7al\u0131\u015fma y\u00fcr\u00fct\u00fcyor:<\/span><\/span><\/span><\/p>\n<p style=\"margin-bottom:11px\"><span style=\"font-size:12pt\"><span style=\"line-height:115%\"><span style=\"font-family:Calibri,sans-serif\">38.579 kez evde bak\u0131m hizmeti (pansuman, tansiyon ve \u015feker takibi) ger\u00e7ekle\u015ftirildi. <\/span><\/span><\/span><\/p>\n<p style=\"margin-bottom:11px\"><span style=\"font-size:12pt\"><span style=\"line-height:115%\"><span style=\"font-family:Calibri,sans-serif\">8.295 hasta, \u0130zmir genelindeki 29 farkl\u0131 hastaneye nakledildi. <\/span><\/span><\/span><\/p>\n<p style=\"margin-bottom:11px\"><span style=\"font-size:12pt\"><span style=\"line-height:115%\"><span style=\"font-family:Calibri,sans-serif\">1.400 haneye hasta bezi ve medikal malzeme deste\u011fi sa\u011fland\u0131. <\/span><\/span><\/span><\/p>\n<p style=\"margin-bottom:11px\"><span style=\"font-size:12pt\"><span style=\"line-height:115%\"><span style=\"font-family:Calibri,sans-serif\">295 hastaya motorlu hasta yata\u011f\u0131, 106 yatalak hastaya haval\u0131 yatak teslim edildi. <\/span><\/span><\/span><\/p>\n<p style=\"margin-bottom:11px\"><span style=\"font-size:12pt\"><span style=\"line-height:115%\"><span style=\"font-family:Calibri,sans-serif\">270 ihtiya\u00e7 sahibine tekerlekli sandalye verilirken, 1.321 ya\u015fl\u0131ya evde berber hizmeti sunuldu. <\/span><\/span><\/span><\/p>\n<p style=\"margin-bottom:11px\"><span style=\"font-size:12pt\"><span style=\"line-height:115%\"><span style=\"font-family:Calibri,sans-serif\"><b>YEN\u0130 H\u0130ZMET: EVDE TEM\u0130ZL\u0130K VE K\u0130\u015e\u0130SEL BAKIM<\/b><\/span><\/span><\/span><\/p>\n<p style=\"margin-bottom:11px\"><span style=\"font-size:12pt\"><span style=\"line-height:115%\"><span style=\"font-family:Calibri,sans-serif\">Ge\u00e7ti\u011fimiz hafta ba\u015flat\u0131lan \u201cEvde Temizlik ve Ki\u015fisel Bak\u0131m Hizmeti\u201d \u015fimdiden 14 haneye ula\u015ft\u0131. Bu hizmet kapsam\u0131nda yaln\u0131z ya\u015fayan yatalak hastalar ve ya\u015fl\u0131 vatanda\u015flar\u0131n evleri belediye ekipleri taraf\u0131ndan titizlikle temizleniyor, ki\u015fisel bak\u0131mlar\u0131 \u00f6zenle yap\u0131l\u0131yor.<\/span><\/span><\/span><\/p>\n<p style=\"margin-bottom:11px\"><span style=\"font-size:12pt\"><span style=\"line-height:115%\"><span style=\"font-family:Calibri,sans-serif\"><b>Ba\u015fkan \u00d6v\u00fcn\u00e7 Demir: \u201cBiz Sizin \u0130\u00e7in Buraday\u0131z\u201d<\/b><\/span><\/span><\/span><\/p>\n<p style=\"margin-bottom:11px\"><span style=\"font-size:12pt\"><span style=\"line-height:115%\"><span style=\"font-family:Calibri,sans-serif\">Ba\u015fkan Demir, hizmetlere dair \u015fu ifadeleri kulland\u0131: <\/span><\/span><\/span><\/p>\n<p style=\"margin-bottom:11px\"><span style=\"font-size:12pt\"><span style=\"line-height:115%\"><span style=\"font-family:Calibri,sans-serif\">\u201cG\u00f6reve geldi\u011fimiz ilk g\u00fcn &#8216;Torbal\u0131\u2019da kimse sahipsiz kalmayacak&#8217; demi\u015ftik. Bug\u00fcn geldi\u011fimiz noktada binlerce hem\u015fehrimizin hay\u0131r duas\u0131n\u0131 alman\u0131n gururunu ya\u015f\u0131yoruz. Sa\u011fl\u0131k hizmetlerimizi sadece bir g\u00f6rev de\u011fil, g\u00f6n\u00fcl i\u015fi olarak g\u00f6r\u00fcyoruz. Evde bak\u0131m\u0131ndan nakil hizmetine, medikal destekten temizlik hizmetine kadar her alanda vatanda\u015f\u0131m\u0131z\u0131n yan\u0131nday\u0131z. Her bir hem\u015fehrimiz bizim i\u00e7in \u00e7ok k\u0131ymetli. Siz evlerinizde huzurla nefes al\u0131n diye 7\/24 g\u00f6revimizin ba\u015f\u0131nday\u0131z.\u201d<\/span><\/span><\/span><\/p>\n<p style=\"margin-bottom:11px\"><span style=\"font-size:12pt\"><span style=\"line-height:115%\"><span style=\"font-family:Calibri,sans-serif\"><b>7\/24 Kesintisiz Destek<\/b><\/span><\/span><\/span><\/p>\n<p style=\"margin-bottom:11px\"><span style=\"font-size:12pt\"><span style=\"line-height:115%\"><span style=\"font-family:Calibri,sans-serif\">Torbal\u0131 Belediyesi, t\u00fcm sa\u011fl\u0131k ve bak\u0131m hizmetlerini haftan\u0131n 7 g\u00fcn\u00fc d\u00fczenli olarak s\u00fcrd\u00fcr\u00fcyor. Destek almak isteyen vatanda\u015flar, 0232 856 66 66 numaral\u0131 hatt\u0131 arayarak 24 saat boyunca bilgi ve hizmet talebinde bulunabiliyor.<\/span><\/span><\/span><\/p>\n<p style=\"margin-bottom:11px\">\u00a0<\/p>\n<p style=\"margin-bottom:11px\">\u00a0<\/p>\n<p>Kaynak: (BYZHA) Beyaz Haber Ajans\u0131<\/p>\n","protected":false},"excerpt":{"rendered":"<p>Torbal\u0131 Belediye Ba\u015fkan\u0131 \u00d6v\u00fcn\u00e7 Demir, g\u00f6reve ba\u015flad\u0131\u011f\u0131 ilk g\u00fcnden itibaren ba\u015flatt\u0131\u011f\u0131 hizmet seferberli\u011fi ile sa\u011fl\u0131k alan\u0131nda il\u00e7eye b\u00fcy\u00fck katk\u0131lar sunmaya devam ediyor.<\/p>\n","protected":false},"author":1,"featured_media":3584,"comment_status":"open","ping_status":"open","sticky":false,"template":"","format":"standard","meta":{"footnotes":""},"categories":[31],"tags":[],"class_list":["post-3583","post","type-post","status-publish","format-standard","has-post-thumbnail","hentry","category-saglik"],"_links":{"self":[{"href":"https:\/\/ekonomievreni.com\/index.php?rest_route=\/wp\/v2\/posts\/3583","targetHints":{"allow":["GET"]}}],"collection":[{"href":"https:\/\/ekonomievreni.com\/index.php?rest_route=\/wp\/v2\/posts"}],"about":[{"href":"https:\/\/ekonomievreni.com\/index.php?rest_route=\/wp\/v2\/types\/post"}],"author":[{"embeddable":true,"href":"https:\/\/ekonomievreni.com\/index.php?rest_route=\/wp\/v2\/users\/1"}],"replies":[{"embeddable":true,"href":"https:\/\/ekonomievreni.com\/index.php?rest_route=%2Fwp%2Fv2%2Fcomments&post=3583"}],"version-history":[{"count":1,"href":"https:\/\/ekonomievreni.com\/index.php?rest_route=\/wp\/v2\/posts\/3583\/revisions"}],"predecessor-version":[{"id":3585,"href":"https:\/\/ekonomievreni.com\/index.php?rest_route=\/wp\/v2\/posts\/3583\/revisions\/3585"}],"wp:featuredmedia":[{"embeddable":true,"href":"https:\/\/ekonomievreni.com\/index.php?rest_route=\/wp\/v2\/media\/3584"}],"wp:attachment":[{"href":"https:\/\/ekonomievreni.com\/index.php?rest_route=%2Fwp%2Fv2%2Fmedia&parent=3583"}],"wp:term":[{"taxonomy":"category","embeddable":true,"href":"https:\/\/ekonomievreni.com\/index.php?rest_route=%2Fwp%2Fv2%2Fcategories&post=3583"},{"taxonomy":"post_tag","embeddable":true,"href":"https:\/\/ekonomievreni.com\/index.php?rest_route=%2Fwp%2Fv2%2Ftags&post=3583"}],"curies":[{"name":"wp","href":"https:\/\/api.w.org\/{rel}","templated":true}]}}