{"id":3574,"date":"2026-03-25T15:50:32","date_gmt":"2026-03-25T12:50:32","guid":{"rendered":"https:\/\/ekonomievreni.com\/?p=3574"},"modified":"2026-03-25T15:50:32","modified_gmt":"2026-03-25T12:50:32","slug":"enerjisa-enerji-genel-kurulunda-yatirim-ve-surdurulebilir-temettu-vurgusu","status":"publish","type":"post","link":"https:\/\/ekonomievreni.com\/?p=3574","title":{"rendered":"Enerjisa Enerji Genel Kurulu\u2019nda Yat\u0131r\u0131m ve S\u00fcrd\u00fcr\u00fclebilir Temett\u00fc Vurgusu"},"content":{"rendered":"<p> Enerjisa Enerji Ola\u011fan Genel Kurul toplant\u0131s\u0131nda, \u015firketin 2025 y\u0131l\u0131 g\u00fc\u00e7l\u00fc operasyonel ve finansal performans\u0131 de\u011ferlendirilirken; yat\u0131r\u0131m odakl\u0131 b\u00fcy\u00fcme yakla\u015f\u0131m\u0131, 2026 y\u0131l\u0131 stratejik \u00f6ncelikleri ve uzun vadeli de\u011fer yaratma perspektifi hissedarlarla payla\u015f\u0131ld\u0131.\u00a0Enerjisa Enerji, 2025 y\u0131l\u0131nda ger\u00e7ekle\u015ftirdi\u011fi 23,5 milyar TL\u2019lik yat\u0131r\u0131mla, T\u00fcrkiye\u2019nin enerji altyap\u0131s\u0131n\u0131n g\u00fc\u00e7lendirilmesine \u00f6nemli katk\u0131 sa\u011flad\u0131.<\/p>\n<h3>K\u00fcresel \u00f6l\u00e7ekte artan jeopolitik riskler ve ekonomik belirsizliklere ra\u011fmen Enerjisa Enerji, 2025 y\u0131l\u0131nda g\u00fc\u00e7l\u00fc finansal ve operasyonel performans\u0131n\u0131 s\u00fcrd\u00fcrd\u00fc. \u015eirketin faaliyet geliri y\u0131l sonunda 58,3 milyar TL\u2019ye ula\u015f\u0131rken, enerji altyap\u0131s\u0131n\u0131n g\u00fc\u00e7lendirilmesi ve modernizasyonu kapsam\u0131nda toplam 23,5 milyar TL yat\u0131r\u0131m ger\u00e7ekle\u015ftirildi.\u00a0Genel Kurul\u2019da ayr\u0131ca \u015firketin k\u00e2r pay\u0131 da\u011f\u0131t\u0131m \u00f6nerisi de onayland\u0131. Buna g\u00f6re, baz al\u0131nan net k\u00e2r\u0131n y\u00fczde 63\u2019\u00fcne kar\u015f\u0131l\u0131k gelen hisse ba\u015f\u0131na 5,08 TL temett\u00fc da\u011f\u0131t\u0131m\u0131 kararla\u015ft\u0131r\u0131ld\u0131.<\/h3>\n<p><strong>Bay\u00e7\u00f6l: \u201cYat\u0131r\u0131m odakl\u0131 b\u00fcy\u00fcme ve s\u00fcrd\u00fcr\u00fclebilir temett\u00fc performans\u0131m\u0131z\u0131 kararl\u0131l\u0131kla s\u00fcrd\u00fcr\u00fcyoruz\u201d<\/strong><\/p>\n<p><strong>Enerjisa Enerji Y\u00f6netim Kurulu Ba\u015fkan\u0131 \u0130hsan Erbil Bay\u00e7\u00f6l<\/strong>, Genel Kurul\u2019a ili\u015fkin de\u011ferlendirmesinde \u015funlar\u0131 s\u00f6yledi: \u201cK\u00fcresel belirsizliklerin ve zorlu makroekonomik ko\u015fullar\u0131n etkili oldu\u011fu bir d\u00f6nemde, g\u00fc\u00e7l\u00fc operasyonel yap\u0131m\u0131z ve disiplinli yakla\u015f\u0131m\u0131m\u0131z sayesinde yat\u0131r\u0131m odakl\u0131 b\u00fcy\u00fcmemizi s\u00fcrd\u00fcr\u00fcrken, payda\u015flar\u0131m\u0131za s\u00fcrd\u00fcr\u00fclebilir temett\u00fc performans\u0131 sunmaya devam ediyoruz. Enerji sekt\u00f6r\u00fcnde ya\u015fanan d\u00f6n\u00fc\u015f\u00fcm; de\u011fi\u015fen talep ve arz dengeleriyle birlikte daha esnek, daha dayan\u0131kl\u0131 ve gelece\u011fe haz\u0131r sistemleri zorunlu k\u0131l\u0131yor. Bu do\u011frultuda, yaln\u0131zca bug\u00fcn\u00fcn de\u011fil, yar\u0131n\u0131n ihtiya\u00e7lar\u0131n\u0131 da kar\u015f\u0131layacak bir perspektifle hareket ediyoruz. Hayata ge\u00e7irdi\u011fimiz altyap\u0131 yat\u0131r\u0131mlar\u0131yla T\u00fcrkiye\u2019nin enerji sistemini daha g\u00fc\u00e7l\u00fc ve dayan\u0131kl\u0131 hale getirirken; ekonomik b\u00fcy\u00fcmeyi destekleyen, kesintisiz ve g\u00fcvenilir enerji arz\u0131n\u0131 m\u00fcmk\u00fcn k\u0131lan bir yap\u0131 in\u015fa ediyoruz. \u00d6n\u00fcm\u00fczdeki d\u00f6nemde de yat\u0131r\u0131m disiplinimizden \u00f6d\u00fcn vermeden, T\u00fcrkiye\u2019nin enerji altyap\u0131s\u0131n\u0131 g\u00fc\u00e7lendirmeye ve enerji d\u00f6n\u00fc\u015f\u00fcm\u00fcne y\u00f6n veren bir oyuncu olmaya devam edece\u011fiz. Bu yakla\u015f\u0131m\u0131m\u0131zla, t\u00fcm payda\u015flar\u0131m\u0131z ve yat\u0131r\u0131mc\u0131lar\u0131m\u0131z i\u00e7in \u00f6ng\u00f6r\u00fclebilir, s\u00fcrd\u00fcr\u00fclebilir ve g\u00fcvenilir bir de\u011fer yaratmay\u0131 kararl\u0131l\u0131kla s\u00fcrd\u00fcrece\u011fiz.\u201d<\/p>\n<p>\u00a0<\/p>\n<p>\u00a0<\/p>\n<p>Kaynak: (BYZHA) Beyaz Haber Ajans\u0131<\/p>\n","protected":false},"excerpt":{"rendered":"<p>Enerjisa Enerji Ola\u011fan Genel Kurul toplant\u0131s\u0131nda, \u015firketin 2025 y\u0131l\u0131 g\u00fc\u00e7l\u00fc operasyonel ve finansal performans\u0131 de\u011ferlendirilirken; yat\u0131r\u0131m odakl\u0131 b\u00fcy\u00fcme yakla\u015f\u0131m\u0131, 2026 y\u0131l\u0131 stratejik \u00f6ncelikleri ve uzun vadeli de\u011fer yaratma perspektifi hissedarlarla payla\u015f\u0131ld\u0131.<\/p>\n","protected":false},"author":1,"featured_media":3575,"comment_status":"open","ping_status":"open","sticky":false,"template":"","format":"standard","meta":{"footnotes":""},"categories":[30],"tags":[],"class_list":["post-3574","post","type-post","status-publish","format-standard","has-post-thumbnail","hentry","category-ekonomi"],"_links":{"self":[{"href":"https:\/\/ekonomievreni.com\/index.php?rest_route=\/wp\/v2\/posts\/3574","targetHints":{"allow":["GET"]}}],"collection":[{"href":"https:\/\/ekonomievreni.com\/index.php?rest_route=\/wp\/v2\/posts"}],"about":[{"href":"https:\/\/ekonomievreni.com\/index.php?rest_route=\/wp\/v2\/types\/post"}],"author":[{"embeddable":true,"href":"https:\/\/ekonomievreni.com\/index.php?rest_route=\/wp\/v2\/users\/1"}],"replies":[{"embeddable":true,"href":"https:\/\/ekonomievreni.com\/index.php?rest_route=%2Fwp%2Fv2%2Fcomments&post=3574"}],"version-history":[{"count":1,"href":"https:\/\/ekonomievreni.com\/index.php?rest_route=\/wp\/v2\/posts\/3574\/revisions"}],"predecessor-version":[{"id":3576,"href":"https:\/\/ekonomievreni.com\/index.php?rest_route=\/wp\/v2\/posts\/3574\/revisions\/3576"}],"wp:featuredmedia":[{"embeddable":true,"href":"https:\/\/ekonomievreni.com\/index.php?rest_route=\/wp\/v2\/media\/3575"}],"wp:attachment":[{"href":"https:\/\/ekonomievreni.com\/index.php?rest_route=%2Fwp%2Fv2%2Fmedia&parent=3574"}],"wp:term":[{"taxonomy":"category","embeddable":true,"href":"https:\/\/ekonomievreni.com\/index.php?rest_route=%2Fwp%2Fv2%2Fcategories&post=3574"},{"taxonomy":"post_tag","embeddable":true,"href":"https:\/\/ekonomievreni.com\/index.php?rest_route=%2Fwp%2Fv2%2Ftags&post=3574"}],"curies":[{"name":"wp","href":"https:\/\/api.w.org\/{rel}","templated":true}]}}