{"id":3568,"date":"2026-03-25T12:10:23","date_gmt":"2026-03-25T09:10:23","guid":{"rendered":"https:\/\/ekonomievreni.com\/?p=3568"},"modified":"2026-03-25T12:10:24","modified_gmt":"2026-03-25T09:10:24","slug":"mudanya-belediyesinde-genclere-istihdam-modeli","status":"publish","type":"post","link":"https:\/\/ekonomievreni.com\/?p=3568","title":{"rendered":"Mudanya Belediyesi\u2019nde Gen\u00e7lere \u0130stihdam Modeli"},"content":{"rendered":"\n<p class=\"p1\"><span style=\"font-size:12pt\"><span style=\",serif\"><b><span style=\"font-size:11.0pt\"><span style=\",sans-serif\">Mudanya Belediyesi\u2019nin gen\u00e7 istihdam politikas\u0131 sahada somut kar\u015f\u0131l\u0131k buluyor. Belediye i\u015ftiraki MUDA\u015e\u2019a ba\u011fl\u0131 hizmet birimlerinde gen\u00e7 \u00e7al\u0131\u015fan oran\u0131 y\u00fczde 40\u2019a ula\u015ft\u0131. Gen\u00e7ler, belediyenin hayata ge\u00e7irdi\u011fi yeni i\u015fletme ve hizmet alanlar\u0131nda i\u015f buluyor.<\/span><\/span><\/b><\/span><\/span><\/p>\n<p class=\"p1\"><span style=\"font-size:12pt\"><span style=\",serif\"><span style=\"font-size:11.0pt\"><span style=\",sans-serif\">Mudanya Belediyesi, Bursa\u2019daki belediyeler aras\u0131nda kad\u0131n \u00e7al\u0131\u015fan oran\u0131yla ilk s\u0131rada yer al\u0131rken, gen\u00e7 istihdam\u0131nda da dikkat \u00e7eken bir model ortaya koyuyor. Belediye i\u015ftiraki Mudanya Sa\u011fl\u0131k E\u011fitim Turizm Ula\u015f\u0131m G\u0131da Sanayi ve Ticaret A.\u015e. (MUDA\u015e) b\u00fcnyesinde g\u00f6rev yapan 100\u2019\u00fcn \u00fczerindeki personelin y\u00fczde 40\u2019\u0131n\u0131 25 ya\u015f ve alt\u0131ndaki gen\u00e7ler olu\u015fturuyor.<\/span><\/span><\/span><\/span><\/p>\n<p class=\"p1\"><span style=\"font-size:12pt\"><span style=\",serif\"><span style=\"font-size:11.0pt\"><span style=\",sans-serif\">MUDA\u015e; B\u00fcfe Mudanya, Lokanta Mudanya, Mola Mudanya ile Tar\u0131m A\u015e ve Turizm A\u015e \u00fczerinden gen\u00e7lere istihdam alan\u0131 a\u00e7arken, \u00e7al\u0131\u015fma hayat\u0131na ge\u00e7i\u015fte somut bir deneyim zemini sunuyor. Bu yap\u0131, gen\u00e7lerin yaln\u0131zca i\u015f bulmas\u0131n\u0131 de\u011fil, mesleki becerilerini sahada geli\u015ftirmesini sa\u011fl\u0131yor. Kadrosunun \u00f6nemli b\u00f6l\u00fcm\u00fcn\u00fc \u00fcniversite \u00f6\u011frencisi ya da mezunu gen\u00e7lerin olu\u015fturdu\u011fu MUDA\u015e, sundu\u011fu hizmetlerde yenilik\u00e7i bir yakla\u015f\u0131m geli\u015ftirirken, ayn\u0131 zamanda yerel kalk\u0131nmaya da do\u011frudan katk\u0131 sa\u011fl\u0131yor.<\/span><\/span><\/span><\/span><\/p>\n<p class=\"p1\"><span style=\"font-size:12pt\"><span style=\",serif\"><b><span style=\"font-size:11.0pt\"><span style=\",sans-serif\">\u201cGEN\u00c7 \u0130ST\u0130HDAMI \u00d6NCEL\u0130\u011e\u0130M\u0130Z\u201d<\/span><\/span><\/b><\/span><\/span><\/p>\n<p class=\"p1\"><span style=\"font-size:12pt\"><span style=\",serif\"><span style=\"font-size:11.0pt\"><span style=\",sans-serif\">Mudanya Belediye Ba\u015fkan\u0131 Deniz Dalg\u0131\u00e7, belediye b\u00fcnyesinde kurulan yeni i\u015fletmelerin gen\u00e7ler i\u00e7in do\u011frudan istihdam alan\u0131 olu\u015fturdu\u011funu belirterek, \u201cGen\u00e7lerin i\u015f hayat\u0131na kat\u0131l\u0131m\u0131n\u0131 art\u0131rmak i\u00e7in yeni \u00fcretim ve hizmet alanlar\u0131 olu\u015fturuyoruz. Amac\u0131m\u0131z, gen\u00e7lerin deneyim kazanabildi\u011fi, kendini geli\u015ftirebildi\u011fi ve kentte kalabildi\u011fi bir istihdam yap\u0131s\u0131 kurmak\u201d dedi. <\/span><\/span><\/span><\/span><\/p>\n<p class=\"p1\"><span style=\"font-size:12pt\"><span style=\",serif\"><span style=\"font-size:11.0pt\"><span style=\",sans-serif\">Yeni i\u015fletmelerin ayn\u0131 zamanda yerel ekonomiye katk\u0131 sa\u011flad\u0131\u011f\u0131n\u0131 vurgulayan Dalg\u0131\u00e7, gen\u00e7 istihdam\u0131n\u0131n s\u00fcrd\u00fcr\u00fclebilir kalk\u0131nman\u0131n temel ba\u015fl\u0131klar\u0131ndan biri oldu\u011funu ifade etti.<\/span><\/span><\/span><\/span><\/p>\n<p class=\"p1\"><span style=\"font-size:12pt\"><span style=\",serif\"><b><span style=\"font-size:11.0pt\"><span style=\",sans-serif\">\u201cGELECE\u011e\u0130M\u0130Z\u0130 MUDANYA\u2019DA KURUYORUZ\u201d<\/span><\/span><\/b><\/span><\/span><\/p>\n<p class=\"p1\"><span style=\"font-size:12pt\"><span style=\",serif\"><span style=\"font-size:11.0pt\"><span style=\",sans-serif\">Mudanya\u2019daki b\u00fcfe ve hizmet noktalar\u0131nda \u00e7al\u0131\u015fan gen\u00e7ler, do\u011frudan \u00fcretimin ve hizmetin i\u00e7inde yer al\u0131yor. Bu isimlerden biri, 23 ya\u015f\u0131ndaki Saniye Nur Ero\u011flu. \u00dcniversite e\u011fitimini tamamland\u0131\u011f\u0131 gibi, MUDA\u015e b\u00fcnyesinde barista olarak \u00e7al\u0131\u015fmaya ba\u015flayan Ero\u011flu, i\u015f arama s\u00fcrecinin ard\u0131ndan belediyenin gen\u00e7 istihdam projesiyle \u00e7al\u0131\u015fma hayat\u0131na ad\u0131m att\u0131\u011f\u0131n\u0131 s\u00f6yledi. S\u00fcrecin kendisi i\u00e7in \u00f6\u011fretici oldu\u011funu belirten Ero\u011flu, \u201cKendimizi s\u00fcrekli geli\u015ftiriyoruz. Kendi eme\u011fimizle gelece\u011fimizi kurmak istiyoruz. Gen\u00e7lere verilen her f\u0131rsat\u0131n \u015fehrin gelece\u011fini b\u00fcy\u00fctt\u00fc\u011f\u00fcne inan\u0131yorum\u201d dedi.<br \/>B\u00fcfe Mudanya\u2019da bir y\u0131ld\u0131r barista olarak \u00e7al\u0131\u015fan 22 ya\u015f\u0131ndaki Samet Pamuk\u00e7ular, kentte s\u0131n\u0131rl\u0131 olan i\u015f imkanlar\u0131na kar\u015f\u0131 bu modelin gen\u00e7ler i\u00e7in \u00f6nemli bir f\u0131rsat sundu\u011funu s\u00f6yledi. \u0130nsanlarla birebir temas\u0131n mesleki ve ki\u015fisel geli\u015fimine katk\u0131 sa\u011flad\u0131\u011f\u0131n\u0131 belirten Pamuk\u00e7ular, \u201cBuray\u0131 sadece bir i\u015fyeri olarak g\u00f6rm\u00fcyoruz. Gen\u00e7lerden olu\u015fan bir ekip olarak birbirimize destek oluyor, birlikte \u00fcretip birlikte \u00f6\u011freniyoruz\u201d dedi.<\/span><\/span><\/span><\/span><\/p>\n<p class=\"p1\">\u00a0<\/p>\n<p class=\"p1\">\u00a0<\/p>\n<p>Kaynak: (BYZHA) Beyaz Haber Ajans\u0131<\/p>\n","protected":false},"excerpt":{"rendered":"<p>Mudanya Belediyesi\u2019nin gen\u00e7 istihdam politikas\u0131 sahada somut kar\u015f\u0131l\u0131k buluyor.<\/p>\n","protected":false},"author":1,"featured_media":3569,"comment_status":"open","ping_status":"open","sticky":false,"template":"","format":"standard","meta":{"footnotes":""},"categories":[30],"tags":[],"class_list":["post-3568","post","type-post","status-publish","format-standard","has-post-thumbnail","hentry","category-ekonomi"],"_links":{"self":[{"href":"https:\/\/ekonomievreni.com\/index.php?rest_route=\/wp\/v2\/posts\/3568","targetHints":{"allow":["GET"]}}],"collection":[{"href":"https:\/\/ekonomievreni.com\/index.php?rest_route=\/wp\/v2\/posts"}],"about":[{"href":"https:\/\/ekonomievreni.com\/index.php?rest_route=\/wp\/v2\/types\/post"}],"author":[{"embeddable":true,"href":"https:\/\/ekonomievreni.com\/index.php?rest_route=\/wp\/v2\/users\/1"}],"replies":[{"embeddable":true,"href":"https:\/\/ekonomievreni.com\/index.php?rest_route=%2Fwp%2Fv2%2Fcomments&post=3568"}],"version-history":[{"count":1,"href":"https:\/\/ekonomievreni.com\/index.php?rest_route=\/wp\/v2\/posts\/3568\/revisions"}],"predecessor-version":[{"id":3570,"href":"https:\/\/ekonomievreni.com\/index.php?rest_route=\/wp\/v2\/posts\/3568\/revisions\/3570"}],"wp:featuredmedia":[{"embeddable":true,"href":"https:\/\/ekonomievreni.com\/index.php?rest_route=\/wp\/v2\/media\/3569"}],"wp:attachment":[{"href":"https:\/\/ekonomievreni.com\/index.php?rest_route=%2Fwp%2Fv2%2Fmedia&parent=3568"}],"wp:term":[{"taxonomy":"category","embeddable":true,"href":"https:\/\/ekonomievreni.com\/index.php?rest_route=%2Fwp%2Fv2%2Fcategories&post=3568"},{"taxonomy":"post_tag","embeddable":true,"href":"https:\/\/ekonomievreni.com\/index.php?rest_route=%2Fwp%2Fv2%2Ftags&post=3568"}],"curies":[{"name":"wp","href":"https:\/\/api.w.org\/{rel}","templated":true}]}}