{"id":3562,"date":"2026-03-25T11:50:56","date_gmt":"2026-03-25T08:50:56","guid":{"rendered":"https:\/\/ekonomievreni.com\/?p=3562"},"modified":"2026-03-25T11:50:57","modified_gmt":"2026-03-25T08:50:57","slug":"kadin-danisma-merkezinde-saglikli-beslenme-ve-psikolojik-destek-hizmeti","status":"publish","type":"post","link":"https:\/\/ekonomievreni.com\/?p=3562","title":{"rendered":"Kad\u0131n Dan\u0131\u015fma Merkezi\u2019nde sa\u011fl\u0131kl\u0131 beslenme ve psikolojik destek hizmeti"},"content":{"rendered":"<p> \u00a0<\/p>\n<p><span style=\"font-size:12pt\"><span style=\"font-family:Cambria,serif\"><span style=\"background:white\"><span style=\",serif\"><span style=\"color:black\">Antalya B\u00fcy\u00fck\u015fehir Belediyesi Kad\u0131n Dayan\u0131\u015fma Merkezi, kad\u0131nlar\u0131 her alanda desteklemeye devam ediyor. Kad\u0131nlara merkezde hem diyetisyen hem de psikolojik dan\u0131\u015fmanl\u0131k hizmeti sunuluyor.<\/span><\/span><\/span><\/span><\/span><\/p>\n<p><span style=\"font-size:12pt\"><span style=\"font-family:Cambria,serif\"><span style=\",serif\"><span style=\"color:black\">Antalya B\u00fcy\u00fck\u015fehir Belediyesi<\/span><\/span><span style=\",serif\"><span style=\"color:black\"> taraf\u0131ndan kad\u0131nlar\u0131n bireysel geli\u015fimini desteklemek amac\u0131yla hizmete a\u00e7\u0131lan Kad\u0131n Dan\u0131\u015fma Merkezi, \u00e7ok y\u00f6nl\u00fc destek programlar\u0131yla \u00e7al\u0131\u015fmalar\u0131n\u0131 s\u00fcrd\u00fcr\u00fcyor. Merkezde d\u00fczenlenen at\u00f6lye ve e\u011fitim faaliyetlerinin yan\u0131 s\u0131ra kad\u0131nlara \u00fccretsiz psikolojik dan\u0131\u015fmanl\u0131k ve diyetisyen hizmeti de veriliyor. Her hafta farkl\u0131 ba\u015fl\u0131klarda ger\u00e7ekle\u015ftirilen e\u011fitimlerle kad\u0131nlar\u0131n hem ruhsal y\u00f6nden g\u00fc\u00e7lenmeleri hem de yeni beceriler kazanmalar\u0131 hedefleniyor. Bu kapsamda kad\u0131nlar, hem psikolojik destek alabiliyor hem de sa\u011fl\u0131kl\u0131 beslenme konusunda profesyonel dan\u0131\u015fmanl\u0131k hizmetinden yararlanabiliyor.<\/span><\/span><\/span><\/span><\/p>\n<p><span style=\"font-size:12pt\"><span style=\"font-family:Cambria,serif\"><span style=\",serif\"><span style=\"color:black\">KADIN DANI\u015eMA MERKEZ\u0130\u2019NDE SA\u011eLIKLI YA\u015eAM DESTE\u011e\u0130<\/span><\/span><\/span><\/span><\/p>\n<p><span style=\"font-size:12pt\"><span style=\"font-family:Cambria,serif\"><span style=\",serif\"><span style=\"color:black\">Sosyal Hizmetler Dairesi Ba\u015fkanl\u0131\u011f\u0131\u2019na ba\u011fl\u0131 Kad\u0131n Dan\u0131\u015fma Merkezi\u2019nde diyetisyen olarak g\u00f6rev yapan K\u00fcbra Sevin\u00e7, dan\u0131\u015fanlar\u0131n\u0131n \u00e7o\u011funlu\u011funu 18 ya\u015f \u00fczeri kad\u0131nlar\u0131n olu\u015fturdu\u011funu belirtti. Sevin\u00e7, merkeze ba\u015fvuran kad\u0131nlar\u0131n kan tahlilleriyle birlikte geldiklerini ifade ederek, \u201c\u0130lk g\u00f6r\u00fc\u015fmede tahlilleri de\u011ferlendiriyor, ard\u0131ndan v\u00fccut analizlerini yap\u0131yoruz. Bu veriler do\u011frultusunda ki\u015fiye \u00f6zel beslenme program\u0131 haz\u0131rl\u0131yoruz. Kontrollerimizi iki haftada bir ger\u00e7ekle\u015ftiriyoruz. Dan\u0131\u015fanlar\u0131m\u0131z randevular\u0131n\u0131 y\u00fcz y\u00fcze ya da telefonla olu\u015fturabiliyor. Kilo alma ve verme s\u00fcre\u00e7lerinin yan\u0131 s\u0131ra kronik hastal\u0131klara y\u00f6nelik beslenme deste\u011fi de sa\u011fl\u0131yoruz\u201d dedi. <\/span><\/span><\/span><\/span><\/p>\n<p><span style=\"font-size:12pt\"><span style=\"font-family:Cambria,serif\"><span style=\",serif\"><span style=\"color:black\">D\u0130YET\u0130SYEN H\u0130ZMET\u0130 \u0130LG\u0130 G\u00d6R\u00dcYOR<\/span><\/span><\/span><\/span><\/p>\n<p><span style=\"font-size:12pt\"><span style=\"font-family:Cambria,serif\"><span style=\",serif\"><span style=\"color:black\">Diyetisyen hizmetinden yararlanan Esin Ya\u011fc\u0131, Kad\u0131n Dan\u0131\u015fma Merkezi\u2019nde diyetisyen deste\u011fi sunuldu\u011funu arkada\u015flar\u0131ndan \u00f6\u011frendi\u011fini ve internet \u00fczerinden yapt\u0131\u011f\u0131 ara\u015ft\u0131rman\u0131n ard\u0131ndan merkeze ba\u015fvuru yapt\u0131\u011f\u0131n\u0131 ifade etti. \u201cYakla\u015f\u0131k 6 ayd\u0131r hizmet ald\u0131\u011f\u0131n\u0131 ifade eden Ya\u011fc\u0131, haz\u0131rlanan beslenme program\u0131na d\u00fczenli \u015fekilde uyarak bu s\u00fcre\u00e7te yakla\u015f\u0131k 10 kilo verdi\u011fini s\u00f6yledi. Ya\u011fc\u0131 \u201cAld\u0131\u011f\u0131m hizmetten \u00e7ok memnunum ve program\u0131ma devam ediyorum. Burada at\u00f6lye \u00e7al\u0131\u015fmalar\u0131n\u0131n yan\u0131 s\u0131ra diyetisyen hizmetinin de sunulmas\u0131 ger\u00e7ekten \u00e7ok g\u00fczel. T\u00fcm kad\u0131nlara buraya gelmelerini tavsiye ediyorum\u201d diye konu\u015ftu.<\/span><\/span><\/span><\/span><\/p>\n<p><span style=\"font-size:12pt\"><span style=\"font-family:Cambria,serif\"><span style=\",serif\"><span style=\"color:black\">\u00dcCRETS\u0130Z PS\u0130KOLOJ\u0130K DANI\u015eMANLIK H\u0130ZMET\u0130<\/span><\/span><\/span><\/span><\/p>\n<p><span style=\"font-size:12pt\"><span style=\"font-family:Cambria,serif\"><span style=\",serif\"><span style=\"color:black\">Merkezde kad\u0131nlara ayr\u0131ca psikolojik dan\u0131\u015fmanl\u0131k hizmeti de sunuluyor. Kad\u0131n Dan\u0131\u015fma Merkezi\u2019nde psikolojik dan\u0131\u015fman olarak g\u00f6rev yapan Merve K\u00fc\u00e7\u00fck, 18 ya\u015f \u00fczeri kad\u0131nlara \u00fccretsiz dan\u0131\u015fmanl\u0131k hizmeti sunduklar\u0131n\u0131 da s\u00f6yledi. K\u00fc\u00e7\u00fck \u201cKayg\u0131, stres ve hayat\u0131n farkl\u0131 d\u00f6nemlerinde ya\u015fanan duygusal zorlanmalarda kad\u0131nlar\u0131m\u0131za e\u015flik ediyor, bu s\u00fcreci daha sa\u011fl\u0131kl\u0131 atlatabilmeleri i\u00e7in destek oluyoruz. Destek almak isteyen kad\u0131nlar\u0131m\u0131z 0242 247 11 07 numaral\u0131 telefondan bize ula\u015fabilir ya da merkezimize gelerek bu hizmetten faydalanabilirler\u201d dedi.<\/span><\/span><\/span><\/span><\/p>\n<p>Kaynak: (BYZHA) Beyaz Haber Ajans\u0131<\/p>\n<p>\u00a0<\/p>\n","protected":false},"excerpt":{"rendered":"<p>\u00a0    Antalya B\u00fcy\u00fck\u015fehir Belediyesi Kad\u0131n Dayan\u0131\u015fma Merkezi, kad\u0131nlar\u0131 her alanda desteklemeye devam ediyor.<\/p>\n","protected":false},"author":1,"featured_media":3563,"comment_status":"open","ping_status":"open","sticky":false,"template":"","format":"standard","meta":{"footnotes":""},"categories":[31],"tags":[],"class_list":["post-3562","post","type-post","status-publish","format-standard","has-post-thumbnail","hentry","category-saglik"],"_links":{"self":[{"href":"https:\/\/ekonomievreni.com\/index.php?rest_route=\/wp\/v2\/posts\/3562","targetHints":{"allow":["GET"]}}],"collection":[{"href":"https:\/\/ekonomievreni.com\/index.php?rest_route=\/wp\/v2\/posts"}],"about":[{"href":"https:\/\/ekonomievreni.com\/index.php?rest_route=\/wp\/v2\/types\/post"}],"author":[{"embeddable":true,"href":"https:\/\/ekonomievreni.com\/index.php?rest_route=\/wp\/v2\/users\/1"}],"replies":[{"embeddable":true,"href":"https:\/\/ekonomievreni.com\/index.php?rest_route=%2Fwp%2Fv2%2Fcomments&post=3562"}],"version-history":[{"count":1,"href":"https:\/\/ekonomievreni.com\/index.php?rest_route=\/wp\/v2\/posts\/3562\/revisions"}],"predecessor-version":[{"id":3564,"href":"https:\/\/ekonomievreni.com\/index.php?rest_route=\/wp\/v2\/posts\/3562\/revisions\/3564"}],"wp:featuredmedia":[{"embeddable":true,"href":"https:\/\/ekonomievreni.com\/index.php?rest_route=\/wp\/v2\/media\/3563"}],"wp:attachment":[{"href":"https:\/\/ekonomievreni.com\/index.php?rest_route=%2Fwp%2Fv2%2Fmedia&parent=3562"}],"wp:term":[{"taxonomy":"category","embeddable":true,"href":"https:\/\/ekonomievreni.com\/index.php?rest_route=%2Fwp%2Fv2%2Fcategories&post=3562"},{"taxonomy":"post_tag","embeddable":true,"href":"https:\/\/ekonomievreni.com\/index.php?rest_route=%2Fwp%2Fv2%2Ftags&post=3562"}],"curies":[{"name":"wp","href":"https:\/\/api.w.org\/{rel}","templated":true}]}}