{"id":3553,"date":"2026-03-25T11:36:05","date_gmt":"2026-03-25T08:36:05","guid":{"rendered":"https:\/\/ekonomievreni.com\/?p=3553"},"modified":"2026-03-25T11:36:06","modified_gmt":"2026-03-25T08:36:06","slug":"isgucu-istatistikleri-2025","status":"publish","type":"post","link":"https:\/\/ekonomievreni.com\/?p=3553","title":{"rendered":"\u0130\u015fg\u00fcc\u00fc \u0130statistikleri, 2025"},"content":{"rendered":"<p> \u00a0<\/p>\n<p><strong>\u0130\u015fsizlik oran\u0131 %8,3 seviyesinde ger\u00e7ekle\u015fti<\/strong><br \/>\u00a0<\/p>\n<p>Hanehalk\u0131 \u0130\u015fg\u00fcc\u00fc Ara\u015ft\u0131rmas\u0131 sonu\u00e7lar\u0131na g\u00f6re; 15 ve daha yukar\u0131 ya\u015ftaki ki\u015filerde i\u015fsiz say\u0131s\u0131 2025 y\u0131l\u0131nda bir \u00f6nceki y\u0131la g\u00f6re 147 bin ki\u015fi azalarak 2 milyon 966 bin ki\u015fi oldu. \u0130\u015fsizlik oran\u0131 ise 0,4 puan azalarak %8,3 seviyesinde ger\u00e7ekle\u015fti. \u0130\u015fsizlik oran\u0131 erkeklerde %6,8 iken kad\u0131nlarda %11,3 olarak tahmin edildi.<\/p>\n<p><strong>\u0130stihdam oran\u0131 %49,0 oldu<\/strong><br \/>\u00a0<\/p>\n<p>\u0130stihdam edilenlerin say\u0131s\u0131 2025 y\u0131l\u0131nda bir \u00f6nceki y\u0131la g\u00f6re 54 bin ki\u015fi azalarak 32 milyon 566 bin ki\u015fi, istihdam oran\u0131 ise 0,5 puan azalarak %49,0 oldu. Bu oran erkeklerde %66,4 iken kad\u0131nlarda %32,1 olarak ger\u00e7ekle\u015fti.<br \/><img loading=\"lazy\" decoding=\"async\" height=\"334\" src=\"https:\/\/www.beyazhaberajansi.com\/images\/files\/2026\/03\/69c39cb3b5e06.png\" width=\"1012\" \/><\/p>\n<p><strong>\u0130\u015fg\u00fcc\u00fcne kat\u0131lma oran\u0131 %53,5 olarak ger\u00e7ekle\u015fti<\/strong><br \/>\u00a0<\/p>\n<p>\u0130\u015fg\u00fcc\u00fc 2025 y\u0131l\u0131nda bir \u00f6nceki y\u0131la g\u00f6re 200 bin ki\u015fi azalarak 35\u00a0milyon\u00a0533 bin ki\u015fi, i\u015fg\u00fcc\u00fcne kat\u0131lma oran\u0131 ise 0,7 puan azalarak %53,5 olarak ger\u00e7ekle\u015fti. \u0130\u015fg\u00fcc\u00fcne kat\u0131lma oran\u0131 erkeklerde %71,3, kad\u0131nlarda ise %36,2 oldu.<br \/>\u00a0<\/p>\n<p><strong>Gen\u00e7 n\u00fcfusta i\u015fsizlik oran\u0131 %15,3 oldu<\/strong><br \/>\u00a0<\/p>\n<p>15-24 ya\u015f grubunu kapsayan gen\u00e7 n\u00fcfusta i\u015fsizlik oran\u0131 2025 y\u0131l\u0131nda bir \u00f6nceki y\u0131la g\u00f6re 1 puan azalarak %15,3 oldu. Bu ya\u015f grubunda i\u015fsizlik oran\u0131; erkeklerde %11,7, kad\u0131nlarda ise %22,1 olarak tahmin edildi.<br \/>\u00a0<\/p>\n<p><strong>Temel i\u015fg\u00fcc\u00fc g\u00f6stergeleri, 15+ ya\u015f, 2024, 2025<\/strong><br \/><img loading=\"lazy\" decoding=\"async\" height=\"271\" src=\"https:\/\/www.beyazhaberajansi.com\/images\/files\/2026\/03\/69c39cb3c1498.png\" width=\"959\" \/><\/p>\n<p><strong>\u0130stihdam\u0131n %59,0&#8217;\u0131 hizmet sekt\u00f6r\u00fcnde yer ald\u0131<\/strong><br \/>\u00a0<\/p>\n<p>\u0130stihdam edilenlerin %14,0&#8217;\u0131 tar\u0131m, %20,2&#8217;si sanayi, %6,8&#8217;i in\u015faat, %59,0&#8217;\u0131 ise hizmet sekt\u00f6r\u00fcnde yer ald\u0131. Bir \u00f6nceki y\u0131l ile kar\u015f\u0131la\u015ft\u0131r\u0131ld\u0131\u011f\u0131nda hizmet sekt\u00f6r\u00fcn\u00fcn pay\u0131 1,1 puan, in\u015faat sekt\u00f6r\u00fcn\u00fcn pay\u0131 0,2 puan artarken, tar\u0131m sekt\u00f6r\u00fcn\u00fcn pay\u0131 0,8 puan, sanayi sekt\u00f6r\u00fcn\u00fcn pay\u0131 ise 0,5 puan azald\u0131.<br \/>\u00a0<\/p>\n<p><strong>\u0130stihdam\u0131n sekt\u00f6rel da\u011f\u0131l\u0131m\u0131, (%), 2024, 2025<\/strong><br \/><img loading=\"lazy\" decoding=\"async\" height=\"177\" src=\"https:\/\/www.beyazhaberajansi.com\/images\/files\/2026\/03\/69c39cb3cc20e.png\" width=\"558\" \/><\/p>\n<p>2025 y\u0131l\u0131nda 4 milyon 560 bin ki\u015fi tar\u0131m sekt\u00f6r\u00fcnde, 6 milyon 578 bin ki\u015fi sanayi sekt\u00f6r\u00fcnde, 2 milyon 224 bin ki\u015fi in\u015faat sekt\u00f6r\u00fcnde, 19 milyon 204 bin ki\u015fi hizmet sekt\u00f6r\u00fcnde istihdam edildi. Bir \u00f6nceki y\u0131l ile kar\u015f\u0131la\u015ft\u0131r\u0131ld\u0131\u011f\u0131nda istihdam edilenlerin say\u0131s\u0131 tar\u0131m sekt\u00f6r\u00fcnde 267 bin, sanayi sekt\u00f6r\u00fcnde 168 bin ki\u015fi azal\u0131rken, in\u015faat sekt\u00f6r\u00fcnde 62 bin, hizmet sekt\u00f6r\u00fcnde 318 bin ki\u015fi artt\u0131.<br \/>\u00a0<\/p>\n<p><strong>Sekt\u00f6re g\u00f6re istihdam edilenler, 15+ ya\u015f, (Bin ki\u015fi), 2024, 2025<\/strong><br \/><img loading=\"lazy\" decoding=\"async\" height=\"162\" src=\"https:\/\/www.beyazhaberajansi.com\/images\/files\/2026\/03\/69c39cb3dea76.png\" width=\"845\" \/><\/p>\n<p><strong>At\u0131l i\u015fg\u00fcc\u00fc oran\u0131 %29,7 oldu<\/strong><br \/>\u00a0<\/p>\n<p>Zamana ba\u011fl\u0131 eksik istihdam, potansiyel i\u015fg\u00fcc\u00fc ve i\u015fsizlerden olu\u015fan at\u0131l i\u015fg\u00fcc\u00fc oran\u0131 2025 y\u0131l\u0131nda bir \u00f6nceki y\u0131la g\u00f6re 3 puan artarak %29,7 oldu. Zamana ba\u011fl\u0131 eksik istihdam ve i\u015fsizlerin b\u00fct\u00fcnle\u015fik oran\u0131 %19,6 iken, i\u015fsiz ve potansiyel i\u015fg\u00fcc\u00fcn\u00fcn b\u00fct\u00fcnle\u015fik oran\u0131 %19,9 olarak ger\u00e7ekle\u015fti.<br \/>\u00a0<\/p>\n<p><strong>\u0130\u015fg\u00fcc\u00fcne ili\u015fkin tamamlay\u0131c\u0131 g\u00f6stergeler, 2014-2025<\/strong><\/p>\n<p><img loading=\"lazy\" decoding=\"async\" height=\"338\" src=\"https:\/\/www.beyazhaberajansi.com\/images\/files\/2026\/03\/69c39cb40087b.png\" width=\"782\" \/><\/p>\n<p><strong>En d\u00fc\u015f\u00fck i\u015fsizlik oran\u0131na sahip il Ardahan oldu<\/strong><\/p>\n<p>\u0130\u015fsizlik oran\u0131 en d\u00fc\u015f\u00fck il %4,0 ile Ardahan iken, i\u015fsizlik oran\u0131 en y\u00fcksek il %13,8 ile Hakkari oldu.<\/p>\n<p><strong>\u0130\u015fsizlik oran\u0131 (%), \u0130BBS 3. D\u00fczey, 2025<\/strong><\/p>\n<p><img loading=\"lazy\" decoding=\"async\" height=\"415\" src=\"https:\/\/www.beyazhaberajansi.com\/images\/files\/2026\/03\/69c39cb42ba46.png\" width=\"1073\" \/><\/p>\n<p><strong>\u0130stihdam oran\u0131 en y\u00fcksek il Artvin oldu<\/strong><\/p>\n<p>En y\u00fcksek istihdam oran\u0131 %58,1 ile Artvin ilinde ger\u00e7ekle\u015fti. En d\u00fc\u015f\u00fck istihdam oran\u0131 ise %32,9 ile Hakkari ilinde oldu.<\/p>\n<p><strong>\u0130stihdam oran\u0131 (%), \u0130BBS 3. D\u00fczey, 2025<\/strong><\/p>\n<p><img loading=\"lazy\" decoding=\"async\" height=\"394\" src=\"https:\/\/www.beyazhaberajansi.com\/images\/files\/2026\/03\/69c39cb453536.png\" width=\"1013\" \/><\/p>\n<p><strong>\u0130\u015fg\u00fcc\u00fcne kat\u0131lma oran\u0131 en y\u00fcksek il Artvin oldu \u00a0<\/strong><br \/>\u00a0<\/p>\n<p>En y\u00fcksek i\u015fg\u00fcc\u00fcne kat\u0131lma oran\u0131 %61,3 ile Artvin ilinde ger\u00e7ekle\u015fti. En d\u00fc\u015f\u00fck i\u015fg\u00fcc\u00fcne kat\u0131lma oran\u0131 ise %38,1 ile Hakkari ilinde oldu.<\/p>\n<p><strong>\u0130\u015fg\u00fcc\u00fcne kat\u0131lma oran\u0131 (%), \u0130BBS 3. D\u00fczey, 2025<\/strong><br \/><img loading=\"lazy\" decoding=\"async\" height=\"444\" src=\"https:\/\/www.beyazhaberajansi.com\/images\/files\/2026\/03\/69c39cb489e51.png\" width=\"1199\" \/><\/p>\n<p>\u00a0<\/p>\n<p>Kaynak: (BYZHA) Beyaz Haber Ajans\u0131<\/p>\n","protected":false},"excerpt":{"rendered":"<p>\u00a0    \u0130\u015fsizlik oran\u0131 %8,3 seviyesinde ger\u00e7ekle\u015fti  \u00a0    Hanehalk\u0131 \u0130\u015fg\u00fcc\u00fc Ara\u015ft\u0131rmas\u0131 sonu\u00e7lar\u0131na g\u00f6re; 15 ve daha yukar\u0131 ya\u015ftaki ki\u015filerde i\u015fsiz say\u0131s\u0131 2025 y\u0131l\u0131nda bir \u00f6nceki y\u0131la g\u00f6re 147 bin ki\u015fi azalarak 2 milyon 966 bin ki\u015fi oldu.<\/p>\n","protected":false},"author":1,"featured_media":3554,"comment_status":"open","ping_status":"open","sticky":false,"template":"","format":"standard","meta":{"footnotes":""},"categories":[30],"tags":[],"class_list":["post-3553","post","type-post","status-publish","format-standard","has-post-thumbnail","hentry","category-ekonomi"],"_links":{"self":[{"href":"https:\/\/ekonomievreni.com\/index.php?rest_route=\/wp\/v2\/posts\/3553","targetHints":{"allow":["GET"]}}],"collection":[{"href":"https:\/\/ekonomievreni.com\/index.php?rest_route=\/wp\/v2\/posts"}],"about":[{"href":"https:\/\/ekonomievreni.com\/index.php?rest_route=\/wp\/v2\/types\/post"}],"author":[{"embeddable":true,"href":"https:\/\/ekonomievreni.com\/index.php?rest_route=\/wp\/v2\/users\/1"}],"replies":[{"embeddable":true,"href":"https:\/\/ekonomievreni.com\/index.php?rest_route=%2Fwp%2Fv2%2Fcomments&post=3553"}],"version-history":[{"count":1,"href":"https:\/\/ekonomievreni.com\/index.php?rest_route=\/wp\/v2\/posts\/3553\/revisions"}],"predecessor-version":[{"id":3555,"href":"https:\/\/ekonomievreni.com\/index.php?rest_route=\/wp\/v2\/posts\/3553\/revisions\/3555"}],"wp:featuredmedia":[{"embeddable":true,"href":"https:\/\/ekonomievreni.com\/index.php?rest_route=\/wp\/v2\/media\/3554"}],"wp:attachment":[{"href":"https:\/\/ekonomievreni.com\/index.php?rest_route=%2Fwp%2Fv2%2Fmedia&parent=3553"}],"wp:term":[{"taxonomy":"category","embeddable":true,"href":"https:\/\/ekonomievreni.com\/index.php?rest_route=%2Fwp%2Fv2%2Fcategories&post=3553"},{"taxonomy":"post_tag","embeddable":true,"href":"https:\/\/ekonomievreni.com\/index.php?rest_route=%2Fwp%2Fv2%2Ftags&post=3553"}],"curies":[{"name":"wp","href":"https:\/\/api.w.org\/{rel}","templated":true}]}}