{"id":3550,"date":"2026-03-25T11:23:28","date_gmt":"2026-03-25T08:23:28","guid":{"rendered":"https:\/\/ekonomievreni.com\/?p=3550"},"modified":"2026-03-25T11:23:29","modified_gmt":"2026-03-25T08:23:29","slug":"maltepe-belediye-baskani-koymen-spor-yapan-kadinlarla-bulustu","status":"publish","type":"post","link":"https:\/\/ekonomievreni.com\/?p=3550","title":{"rendered":"Maltepe Belediye Ba\u015fkan\u0131 K\u00f6ymen, spor yapan kad\u0131nlarla bulu\u015ftu"},"content":{"rendered":"<p> Maltepe Belediye Ba\u015fkan\u0131 Esin K\u00f6ymen, belediyeye ba\u011fl\u0131 Yal\u00e7\u0131n K\u0131z\u0131lay Kapal\u0131 Spor Merkezi\u2019ndeki spor derslerine kat\u0131lan kad\u0131nlarla bir araya geldi. Kad\u0131nlarla tek tek ilgilenen Ba\u015fkan K\u00f6ymen, \u201cMaltepe\u2019de Ya\u015fam Var derken \u00f6zellikle kad\u0131nlar, gen\u00e7ler ve \u00e7ocuklar i\u00e7in yola \u00e7\u0131kt\u0131\u011f\u0131m\u0131z\u0131 s\u00f6ylemi\u015ftik. \u0130\u00e7inden ge\u00e7ti\u011fimiz bu zor g\u00fcnlerde, zor \u015fartlarda yan\u0131n\u0131zda olmam\u0131z, buralarda nefes alman\u0131z ve her \u015feyden \u00f6nce sa\u011fl\u0131kl\u0131, zinde ve mutlu hissetmeniz bizler i\u00e7in olduk\u00e7a \u00f6nemli\u201d dedi.<\/p>\n<p>Maltepe Belediye Ba\u015fkan\u0131 Mimar Esin K\u00f6ymen, Maltepe Belediyesi\u2019ne ba\u011fl\u0131 Yal\u00e7\u0131n K\u0131z\u0131lay Kapal\u0131 Spor Merkezi\u2019nde kad\u0131nlara y\u00f6nelik \u00fccretsiz verilen spor derslerine konuk oldu. Gen\u00e7lik ve Spor \u0130\u015fleri M\u00fcd\u00fcrl\u00fc\u011f\u00fc\u2019nce fonksiyonel antreman, pilates, yoga ve crunch dallar\u0131nda hafta i\u00e7i her g\u00fcn d\u00fczenlenen kurslara kat\u0131lan kad\u0131nlarla bir araya gelen Ba\u015fkan K\u00f6ymen, onlarla tek tek ilgilendi ve sorunlar\u0131n\u0131 dinledi.<\/p>\n<p><b>\u201cMALTEPE\u2019DE YA\u015eAM VAR DEMEM\u0130Z\u0130N AMACI BUYDU\u201d<\/b><\/p>\n<p>Sporun birle\u015ftirici ve kayna\u015ft\u0131r\u0131c\u0131 g\u00fcc\u00fcne vurgu yapan Ba\u015fkan K\u00f6ymen, \u201cMaltepe\u2019de Ya\u015fam Var derken \u00f6zellikle kad\u0131nlar, gen\u00e7ler ve \u00e7ocuklar i\u00e7in yola \u00e7\u0131kt\u0131\u011f\u0131m\u0131z\u0131 s\u00f6ylemi\u015ftik. Burada \u00e7al\u0131\u015fan, \u00e7al\u0131\u015fmayan bir\u00e7ok kad\u0131n spor i\u00e7in bir araya geliyor. Bu anlamda spor kayna\u015fmam\u0131z, birlik olmam\u0131z i\u00e7in \u00f6nemli bir alan ve biz de bu alanda \u00e7al\u0131\u015fma yapmaya devam ediyoruz. Olanaklar\u0131m\u0131z d\u00e2hilinde sizlere bir\u00e7ok spor hizmetini sunmak i\u00e7in \u00e7al\u0131\u015f\u0131yoruz. Burada dayan\u0131\u015fmay\u0131 y\u00fckseltmeniz, sizlerin g\u00fc\u00e7l\u00fc duru\u015funu g\u00f6rmemiz bizlere umut vaat ediyor \u00e7\u00fcnk\u00fc spor g\u00fc\u00e7lendirir\u201d diye konu\u015ftu.<\/p>\n<p><b>MERKEZDE \u0130NCELEMELERDE BULUNDU<\/b><\/p>\n<p>Mutlu bir Maltepe i\u00e7in sporun \u00f6nemine de de\u011finen Ba\u015fkan K\u00f6ymen, \u201c\u0130\u00e7inden ge\u00e7ti\u011fimiz bu zor g\u00fcnlerde, zor \u015fartlarda yan\u0131n\u0131zda olmam\u0131z, buralarda nefes alman\u0131z ve her \u015feyden \u00f6nce sa\u011fl\u0131kl\u0131, zinde ve mutlu hissetmeniz bizler i\u00e7in olduk\u00e7a \u00f6nemli. Bu anlamda burada olan herkese te\u015fekk\u00fcr ediyorum\u201d diye konu\u015ftu. Merkezde incelemelerde de bulanan Ba\u015fkan K\u00f6ymen, yenilenecek alanlarla ilgili bilgi ald\u0131.<\/p>\n<p>\u00a0<\/p>\n<p>Kaynak: (BYZHA) Beyaz Haber Ajans\u0131<\/p>\n","protected":false},"excerpt":{"rendered":"<p>Maltepe Belediye Ba\u015fkan\u0131 Esin K\u00f6ymen, belediyeye ba\u011fl\u0131 Yal\u00e7\u0131n K\u0131z\u0131lay Kapal\u0131 Spor Merkezi\u2019ndeki spor derslerine kat\u0131lan kad\u0131nlarla bir araya geldi.<\/p>\n","protected":false},"author":1,"featured_media":3551,"comment_status":"open","ping_status":"open","sticky":false,"template":"","format":"standard","meta":{"footnotes":""},"categories":[33],"tags":[],"class_list":["post-3550","post","type-post","status-publish","format-standard","has-post-thumbnail","hentry","category-spor"],"_links":{"self":[{"href":"https:\/\/ekonomievreni.com\/index.php?rest_route=\/wp\/v2\/posts\/3550","targetHints":{"allow":["GET"]}}],"collection":[{"href":"https:\/\/ekonomievreni.com\/index.php?rest_route=\/wp\/v2\/posts"}],"about":[{"href":"https:\/\/ekonomievreni.com\/index.php?rest_route=\/wp\/v2\/types\/post"}],"author":[{"embeddable":true,"href":"https:\/\/ekonomievreni.com\/index.php?rest_route=\/wp\/v2\/users\/1"}],"replies":[{"embeddable":true,"href":"https:\/\/ekonomievreni.com\/index.php?rest_route=%2Fwp%2Fv2%2Fcomments&post=3550"}],"version-history":[{"count":1,"href":"https:\/\/ekonomievreni.com\/index.php?rest_route=\/wp\/v2\/posts\/3550\/revisions"}],"predecessor-version":[{"id":3552,"href":"https:\/\/ekonomievreni.com\/index.php?rest_route=\/wp\/v2\/posts\/3550\/revisions\/3552"}],"wp:featuredmedia":[{"embeddable":true,"href":"https:\/\/ekonomievreni.com\/index.php?rest_route=\/wp\/v2\/media\/3551"}],"wp:attachment":[{"href":"https:\/\/ekonomievreni.com\/index.php?rest_route=%2Fwp%2Fv2%2Fmedia&parent=3550"}],"wp:term":[{"taxonomy":"category","embeddable":true,"href":"https:\/\/ekonomievreni.com\/index.php?rest_route=%2Fwp%2Fv2%2Fcategories&post=3550"},{"taxonomy":"post_tag","embeddable":true,"href":"https:\/\/ekonomievreni.com\/index.php?rest_route=%2Fwp%2Fv2%2Ftags&post=3550"}],"curies":[{"name":"wp","href":"https:\/\/api.w.org\/{rel}","templated":true}]}}