{"id":3544,"date":"2026-03-25T11:23:21","date_gmt":"2026-03-25T08:23:21","guid":{"rendered":"https:\/\/ekonomievreni.com\/?p=3544"},"modified":"2026-03-25T11:23:21","modified_gmt":"2026-03-25T08:23:21","slug":"hizmet-perakende-ticaret-ve-insaat-guven-endeksleri-mart-2026","status":"publish","type":"post","link":"https:\/\/ekonomievreni.com\/?p=3544","title":{"rendered":"Hizmet, Perakende Ticaret ve \u0130n\u015faat G\u00fcven Endeksleri, Mart 2026"},"content":{"rendered":"<p><strong>G\u00fcven endeksi hizmet sekt\u00f6r\u00fcnde %0,5 azald\u0131, perakende ticaret sekt\u00f6r\u00fcnde %2,0 azald\u0131, in\u015faat sekt\u00f6r\u00fcnde %3,9 azald\u0131<\/strong><\/p>\n<p>Mevsim etkilerinden ar\u0131nd\u0131r\u0131lm\u0131\u015f g\u00fcven endeksi Mart ay\u0131nda bir \u00f6nceki aya g\u00f6re; hizmet sekt\u00f6r\u00fcnde %0,5 oran\u0131nda azalarak 113,2 de\u011ferini, perakende ticaret sekt\u00f6r\u00fcnde %2,0 oran\u0131nda azalarak 113,6 de\u011ferini ve in\u015faat sekt\u00f6r\u00fcnde %3,9 oran\u0131nda azalarak 80,6 de\u011ferini ald\u0131.<\/p>\n<p><strong>Mevsim etkilerinden ar\u0131nd\u0131r\u0131lm\u0131\u015f g\u00fcven endeksleri, Mart 2026<\/strong><img loading=\"lazy\" decoding=\"async\" height=\"800\" src=\"https:\/\/www.beyazhaberajansi.com\/images\/files\/2026\/03\/69c399e0dc59a.png\" width=\"1830\" \/><\/p>\n<p><strong>Mevsim etkilerinden ar\u0131nd\u0131r\u0131lm\u0131\u015f g\u00fcven endeksleri ve de\u011fi\u015fim oranlar\u0131, Mart 2026<\/strong><br \/>\u00a0<\/p>\n<table>\n<thead>\n<tr>\n<th rowspan=\"2\" valign=\"bottom\">\u00a0<\/th>\n<th colspan=\"2\">Endeks<\/th>\n<th colspan=\"2\">Bir \u00f6nceki aya g\u00f6re de\u011fi\u015fim oran\u0131 (%)<\/th>\n<\/tr>\n<tr>\n<td>\u015eubat<\/td>\n<td>Mart<\/td>\n<td>\u015eubat<\/td>\n<td>Mart<\/td>\n<\/tr>\n<\/thead>\n<tbody>\n<tr>\n<td><strong>Hizmet sekt\u00f6r\u00fc g\u00fcven endeksi<\/strong><\/td>\n<td><strong>113,8<\/strong><\/td>\n<td><strong>113,2<\/strong><\/td>\n<td><strong>0,0<\/strong><\/td>\n<td><strong>-0,5<\/strong><\/td>\n<\/tr>\n<tr>\n<td>Son 3 ayl\u0131k d\u00f6nemde i\u015f durumu<\/td>\n<td>112,2<\/td>\n<td>113,6<\/td>\n<td>-0,8<\/td>\n<td>1,3<\/td>\n<\/tr>\n<tr>\n<td>Son 3 ayl\u0131k d\u00f6nemde hizmetlere olan talep<\/td>\n<td>110,8<\/td>\n<td>111,2<\/td>\n<td>-1,3<\/td>\n<td>0,3<\/td>\n<\/tr>\n<tr>\n<td>Gelecek 3 ayl\u0131k d\u00f6nemde hizmetlere olan talep beklentisi<\/td>\n<td>118,4<\/td>\n<td>114,8<\/td>\n<td>2,1<\/td>\n<td>-3,0<\/td>\n<\/tr>\n<tr>\n<td>Perakende ticaret sekt\u00f6r\u00fc g\u00fcven endeksi<\/td>\n<td>115,9<\/td>\n<td>113,6<\/td>\n<td>2,9<\/td>\n<td>-2,0<\/td>\n<\/tr>\n<tr>\n<td>Son 3 ayl\u0131k d\u00f6nemde i\u015f hacmi-sat\u0131\u015flar<\/td>\n<td>125,9<\/td>\n<td>122,2<\/td>\n<td>1,6<\/td>\n<td>-3,0<\/td>\n<\/tr>\n<tr>\n<td>Mevcut mal stok seviyesi<sup>(1)<\/sup><\/td>\n<td>95,4<\/td>\n<td>93,7<\/td>\n<td>3,2<\/td>\n<td>-1,8<\/td>\n<\/tr>\n<tr>\n<td>Gelecek 3 ayl\u0131k d\u00f6nemde i\u015f hacmi-sat\u0131\u015flar beklentisi<\/td>\n<td>126,4<\/td>\n<td>124,8<\/td>\n<td>4,0<\/td>\n<td>-1,3<\/td>\n<\/tr>\n<tr>\n<td>\u0130n\u015faat sekt\u00f6r\u00fc g\u00fcven endeksi<\/td>\n<td>83,9<\/td>\n<td>80,6<\/td>\n<td>-2,1<\/td>\n<td>-3,9<\/td>\n<\/tr>\n<tr>\n<td>Al\u0131nan kay\u0131tl\u0131 sipari\u015flerin mevcut d\u00fczeyi<\/td>\n<td>80,9<\/td>\n<td>78,6<\/td>\n<td>0,3<\/td>\n<td>-2,8<\/td>\n<\/tr>\n<tr>\n<td>Gelecek 3 ayl\u0131k d\u00f6nemde toplam \u00e7al\u0131\u015fan say\u0131s\u0131 beklentisi<\/td>\n<td>87,0<\/td>\n<td>82,6<\/td>\n<td>-4,2<\/td>\n<td>-5,0<\/td>\n<\/tr>\n<\/tbody>\n<\/table>\n<p><small>(1) Mevcut mal stok seviyesi endeksinin art\u0131\u015f\u0131 stok azal\u0131\u015f\u0131n\u0131, azal\u0131\u015f\u0131 ise stok art\u0131\u015f\u0131n\u0131 g\u00f6stermektedir.<\/small><\/p>\n<p>Kaynak: (BYZHA) Beyaz Haber Ajans\u0131<\/p>\n","protected":false},"excerpt":{"rendered":"<p>G\u00fcven endeksi hizmet sekt\u00f6r\u00fcnde %0,5 azald\u0131, perakende ticaret sekt\u00f6r\u00fcnde %2,0 azald\u0131, in\u015faat sekt\u00f6r\u00fcnde %3,9 azald\u0131    Mevsim etkilerinden ar\u0131nd\u0131r\u0131lm\u0131\u015f g\u00fcven endeksi Mart ay\u0131nda bir \u00f6nceki aya g\u00f6re; hizmet sekt\u00f6r\u00fcnde %0,5 oran\u0131nda azalarak 113,2 de\u011ferini, perakende ticaret sekt\u00f6r\u00fcnde %2,0 oran\u0131nda azalarak 113,6 de\u011ferini ve in\u015faat sekt\u00f6r\u00fcnde %3,9 oran\u0131nda azalarak 80,6 de\u011ferini ald\u0131.<\/p>\n","protected":false},"author":1,"featured_media":3545,"comment_status":"open","ping_status":"open","sticky":false,"template":"","format":"standard","meta":{"footnotes":""},"categories":[30],"tags":[],"class_list":["post-3544","post","type-post","status-publish","format-standard","has-post-thumbnail","hentry","category-ekonomi"],"_links":{"self":[{"href":"https:\/\/ekonomievreni.com\/index.php?rest_route=\/wp\/v2\/posts\/3544","targetHints":{"allow":["GET"]}}],"collection":[{"href":"https:\/\/ekonomievreni.com\/index.php?rest_route=\/wp\/v2\/posts"}],"about":[{"href":"https:\/\/ekonomievreni.com\/index.php?rest_route=\/wp\/v2\/types\/post"}],"author":[{"embeddable":true,"href":"https:\/\/ekonomievreni.com\/index.php?rest_route=\/wp\/v2\/users\/1"}],"replies":[{"embeddable":true,"href":"https:\/\/ekonomievreni.com\/index.php?rest_route=%2Fwp%2Fv2%2Fcomments&post=3544"}],"version-history":[{"count":1,"href":"https:\/\/ekonomievreni.com\/index.php?rest_route=\/wp\/v2\/posts\/3544\/revisions"}],"predecessor-version":[{"id":3546,"href":"https:\/\/ekonomievreni.com\/index.php?rest_route=\/wp\/v2\/posts\/3544\/revisions\/3546"}],"wp:featuredmedia":[{"embeddable":true,"href":"https:\/\/ekonomievreni.com\/index.php?rest_route=\/wp\/v2\/media\/3545"}],"wp:attachment":[{"href":"https:\/\/ekonomievreni.com\/index.php?rest_route=%2Fwp%2Fv2%2Fmedia&parent=3544"}],"wp:term":[{"taxonomy":"category","embeddable":true,"href":"https:\/\/ekonomievreni.com\/index.php?rest_route=%2Fwp%2Fv2%2Fcategories&post=3544"},{"taxonomy":"post_tag","embeddable":true,"href":"https:\/\/ekonomievreni.com\/index.php?rest_route=%2Fwp%2Fv2%2Ftags&post=3544"}],"curies":[{"name":"wp","href":"https:\/\/api.w.org\/{rel}","templated":true}]}}