{"id":3538,"date":"2026-03-25T11:23:18","date_gmt":"2026-03-25T08:23:18","guid":{"rendered":"https:\/\/ekonomievreni.com\/?p=3538"},"modified":"2026-03-25T11:23:19","modified_gmt":"2026-03-25T08:23:19","slug":"kadin-kooperatiflerinin-gelecegi-masaya-yatirildi","status":"publish","type":"post","link":"https:\/\/ekonomievreni.com\/?p=3538","title":{"rendered":"Kad\u0131n Kooperatiflerinin Gelece\u011fi Masaya Yat\u0131r\u0131ld\u0131"},"content":{"rendered":"<p> <b>\u00c7ankaya Belediyesi ve Ankara B\u00fcy\u00fck\u015fehir Belediyesi i\u015f birli\u011fiyle, sosyolog Asl\u0131 \u00c7oban\u2019\u0131n moderat\u00f6rl\u00fc\u011f\u00fcnde, Ankara\u2019daki kad\u0131n kooperatiflerinin mevcut durumlar\u0131, ihtiya\u00e7, talep ve beklentilerine y\u00f6nelik \u00e7al\u0131\u015ftay ger\u00e7ekle\u015ftirildi.<\/b><\/p>\n<p>\u00c7ankaya Belediyesi ve Ankara B\u00fcy\u00fck\u015fehir Belediyesi i\u015f birli\u011fiyle, sosyolog Asl\u0131 \u00c7oban moderat\u00f6rl\u00fc\u011f\u00fcnde kad\u0131n kooperatiflerinin durum, ihtiya\u00e7 ve beklentilerinin ele al\u0131nd\u0131\u011f\u0131 bir \u00e7al\u0131\u015ftay d\u00fczenlendi. Kat\u0131l\u0131mc\u0131lar, \u00fcretim s\u00fcre\u00e7lerinden pazarlamaya, finansmana eri\u015fimden kurumsal kapasitenin g\u00fc\u00e7lendirilmesine kadar pek \u00e7ok ba\u015fl\u0131kta kar\u015f\u0131la\u015ft\u0131klar\u0131 sorunlar\u0131 ve \u00e7\u00f6z\u00fcm \u00f6nerilerini dile getirdi.<\/p>\n<p><b>S\u00dcRD\u00dcR\u00dcLEB\u0130L\u0130RL\u0130K \u0130\u00c7\u0130N \u0130\u015e B\u0130RL\u0130\u011e\u0130 VURGUSU<\/b><\/p>\n<p>\u00c7al\u0131\u015ftay\u0131n \u00f6nemli g\u00fcndem maddelerinden birini ise yerel y\u00f6netimlerin kad\u0131n kooperatiflerine sa\u011flayabilece\u011fi destekler olu\u015fturdu. Bu kapsamda belediyelerin, kooperatiflerin s\u00fcrd\u00fcr\u00fclebilirli\u011fini art\u0131rmak ad\u0131na hangi alanlarda katk\u0131 sunabilece\u011fi \u00fczerine kapsaml\u0131 de\u011ferlendirmeler yap\u0131ld\u0131. \u00d6zellikle e\u011fitim, lojistik destek, tan\u0131t\u0131m faaliyetleri ve sat\u0131\u015f kanallar\u0131n\u0131n geli\u015ftirilmesi gibi konular \u00f6ne \u00e7\u0131kt\u0131.<\/p>\n<p><b>YEREL KALKINMADA KADIN KOOPERAT\u0130FLER\u0130N\u0130N ROL\u00dc<\/b><\/p>\n<p>Etkinlikte ayr\u0131ca kad\u0131n eme\u011finin g\u00f6r\u00fcn\u00fcrl\u00fc\u011f\u00fcn\u00fcn art\u0131r\u0131lmas\u0131, yerel kalk\u0131nmada kad\u0131n kooperatiflerinin rol\u00fcn\u00fcn g\u00fc\u00e7lendirilmesi ve dayan\u0131\u015fma a\u011flar\u0131n\u0131n geni\u015fletilmesine y\u00f6nelik fikir al\u0131\u015fveri\u015finde bulunuldu. Kat\u0131l\u0131mc\u0131lar, bu t\u00fcr bulu\u015fmalar\u0131n hem bilgi payla\u015f\u0131m\u0131 hem de i\u015f birli\u011fi f\u0131rsatlar\u0131 a\u00e7\u0131s\u0131ndan b\u00fcy\u00fck \u00f6nem ta\u015f\u0131d\u0131\u011f\u0131n\u0131 vurgulad\u0131. Ger\u00e7ekle\u015ftirilen \u00e7al\u0131\u015ftay\u0131n, kad\u0131n kooperatiflerinin g\u00fc\u00e7lenmesine katk\u0131 sunmas\u0131 ve yerel y\u00f6netimlerle daha etkin bir i\u015f birli\u011fi zemini olu\u015fturmas\u0131 hedefleniyor.<\/p>\n<p>\u00a0<\/p>\n<p>Kaynak: (BYZHA) Beyaz Haber Ajans\u0131<\/p>\n","protected":false},"excerpt":{"rendered":"<p>\u00c7ankaya Belediyesi ve Ankara B\u00fcy\u00fck\u015fehir Belediyesi i\u015f birli\u011fiyle, sosyolog Asl\u0131 \u00c7oban\u2019\u0131n moderat\u00f6rl\u00fc\u011f\u00fcnde, Ankara\u2019daki kad\u0131n kooperatiflerinin mevcut durumlar\u0131, ihtiya\u00e7, talep ve beklentilerine y\u00f6nelik \u00e7al\u0131\u015ftay ger\u00e7ekle\u015ftirildi.<\/p>\n","protected":false},"author":1,"featured_media":3539,"comment_status":"open","ping_status":"open","sticky":false,"template":"","format":"standard","meta":{"footnotes":""},"categories":[30],"tags":[],"class_list":["post-3538","post","type-post","status-publish","format-standard","has-post-thumbnail","hentry","category-ekonomi"],"_links":{"self":[{"href":"https:\/\/ekonomievreni.com\/index.php?rest_route=\/wp\/v2\/posts\/3538","targetHints":{"allow":["GET"]}}],"collection":[{"href":"https:\/\/ekonomievreni.com\/index.php?rest_route=\/wp\/v2\/posts"}],"about":[{"href":"https:\/\/ekonomievreni.com\/index.php?rest_route=\/wp\/v2\/types\/post"}],"author":[{"embeddable":true,"href":"https:\/\/ekonomievreni.com\/index.php?rest_route=\/wp\/v2\/users\/1"}],"replies":[{"embeddable":true,"href":"https:\/\/ekonomievreni.com\/index.php?rest_route=%2Fwp%2Fv2%2Fcomments&post=3538"}],"version-history":[{"count":1,"href":"https:\/\/ekonomievreni.com\/index.php?rest_route=\/wp\/v2\/posts\/3538\/revisions"}],"predecessor-version":[{"id":3540,"href":"https:\/\/ekonomievreni.com\/index.php?rest_route=\/wp\/v2\/posts\/3538\/revisions\/3540"}],"wp:featuredmedia":[{"embeddable":true,"href":"https:\/\/ekonomievreni.com\/index.php?rest_route=\/wp\/v2\/media\/3539"}],"wp:attachment":[{"href":"https:\/\/ekonomievreni.com\/index.php?rest_route=%2Fwp%2Fv2%2Fmedia&parent=3538"}],"wp:term":[{"taxonomy":"category","embeddable":true,"href":"https:\/\/ekonomievreni.com\/index.php?rest_route=%2Fwp%2Fv2%2Fcategories&post=3538"},{"taxonomy":"post_tag","embeddable":true,"href":"https:\/\/ekonomievreni.com\/index.php?rest_route=%2Fwp%2Fv2%2Ftags&post=3538"}],"curies":[{"name":"wp","href":"https:\/\/api.w.org\/{rel}","templated":true}]}}